{"id":10586,"date":"2017-02-01T10:51:07","date_gmt":"2017-02-01T09:51:07","guid":{"rendered":"https:\/\/www.freelance.de\/blog\/?p=10586"},"modified":"2024-03-05T10:54:01","modified_gmt":"2024-03-05T09:54:01","slug":"studienergebnisse-zum-arbeitnehmerueberlassungsgesetzes-was-denken-unternehmen-und-freelancer","status":"publish","type":"post","link":"https:\/\/www.freelance.de\/blog\/studienergebnisse-zum-arbeitnehmerueberlassungsgesetzes-was-denken-unternehmen-und-freelancer\/","title":{"rendered":"Arbeitnehmer\u00fcberlassungsgesetz: Was denken Unternehmen und Freelancer?"},"content":{"rendered":"<p>Im vergangenen Herbst haben wir Sie um <a href=\"https:\/\/www.freelance.de\/blog\/2016\/09\/02\/das-neue-arbeitnehmerueberlassungsgesetz-aueg-was-denken-sie\/\">Ihre Meinung zum neuen Arbeitnehmer\u00fcberlassungsgesetz [A\u00dcG] gebeten<\/a>. Die Studie ist nun fertiggestellt und wir liefern, wie versprochen, die Ergebnisse:<\/p>\n<p><img loading=\"lazy\" decoding=\"async\" class=\"aligncenter size-full wp-image-9931\" src=\"https:\/\/www.freelance.de\/blog\/wp-content\/uploads\/2016\/09\/Das-neue-A\u00dcG-Arbeitnehmerueberlassungsgesetz.png\" alt=\"A\u00dcG Arbeitnehmerueberlassungsgesetz 2016 \/ 2017\" width=\"700\" height=\"286\" srcset=\"https:\/\/www.freelance.de\/blog\/wp-content\/uploads\/2016\/09\/Das-neue-A\u00dcG-Arbeitnehmerueberlassungsgesetz.png 700w, https:\/\/www.freelance.de\/blog\/wp-content\/uploads\/2016\/09\/Das-neue-A\u00dcG-Arbeitnehmerueberlassungsgesetz-300x123.png 300w, https:\/\/www.freelance.de\/blog\/wp-content\/uploads\/2016\/09\/Das-neue-A\u00dcG-Arbeitnehmerueberlassungsgesetz-150x61.png 150w\" sizes=\"auto, (max-width: 700px) 100vw, 700px\" \/><\/p>\n<h3>Die Ausgangssituation<\/h3>\n<p>Am 21.10.2016 wurden die Gesetzesvorlagen des Bundesarbeitsministeriums zur \u00c4nderung des Arbeitnehmer\u00fcberlassungsgesetzes, des Betriebsverfassungsgesetzes&nbsp;sowie der Neudefinition des Arbeitnehmerbegriffes durch das Parlament verabschiedet, so dass die Gesetzes\u00e4nderungen zum 01.04.2017 in Kraft treten werden. Auf Basis einer Online-Umfrage wurde analysiert wie Unternehmen, Betriebsr\u00e4te, Personaldienstleister und Freelancer die Gesetzes\u00e4nderungen beurteilen, welche Auswirkungen sie auf ihr Unternehmen, ihre Branche und die deutsche Volkswirtschaft erwarten und mit welchem Verhalten und welchen Strategien sie auf die Gesetzes\u00e4nderungen reagieren. Dabei wurde der Fokus auf hochqualifiziertes Personal gelegt.<\/p>\n<h3>Die Kurzzusammenfassung: Viel Rauch um nichts?<\/h3>\n<p>Trotz einer \u00fcberwiegend negativen Sicht auf die Gesetzes\u00e4nderungen ergibt sich aus den Ergebnissen insgesamt der Eindruck, dass der Gesetzgeber mit der Gesetzesreform die beabsichtigte Wirkung erreicht. Mehrheitlich erwarten die Unternehmen zuk\u00fcnftig eine geringere Personalflexibilit\u00e4t; wollen aber dennoch an den klassischen Instrumenten der externen Personalbeschaffung festhalten. Dem gegen\u00fcber erwartet fast die H\u00e4lfte der Personaldienstleister, dass weniger hochqualifiziertes Personal \u00fcber Werk-\/Dienstvertr\u00e4ge eingesetzt wird. Ein \u00e4hnliches Bild ergibt sich bei den Freelancern; viele bef\u00fcrchten, dass es zuk\u00fcnftig schwieriger wird, ein Projekt als Freelancer zu finden. Dennoch will der gr\u00f6\u00dfte Teil der Befragten weiterhin als Freelancer t\u00e4tig sein. Von den \u00c4nderungen des BetrVG sind nur Unternehmen betroffen, die einen Betriebsrat haben. Aber selbst Unternehmen, die einen Betriebsrat haben, gehen \u00fcberwiegend davon aus, dass die \u00c4nderungen des BetrVG keine \u00c4nderungen beim Einsatz von externem hochqualifiziertem Personal zur Folge haben werden. Damit scheint die Kontrollfunktion, die der Gesetzgeber dem Betriebsrat zugedacht hat, auch bei denjenigen Unternehmen nicht zu greifen, die einen Betriebsrat haben.<\/p>\n<p>Die vollst\u00e4ndige Studie k\u00f6nnen Sie <a href=\"https:\/\/www.freelance.de\/blog\/wp-content\/uploads\/2017\/02\/Umfrage-Ergebnisse-A\u00dcG-und-weiterer-Gesetze.pdf\">hier<\/a>&nbsp;downloaden.<\/p>\n<div style='text-align:center' class='yasr-auto-insert-visitor'><\/div>","protected":false},"excerpt":{"rendered":"<p>Im vergangenen Herbst haben wir Sie um Ihre Meinung zum neuen Arbeitnehmer\u00fcberlassungsgesetz [A\u00dcG] gebeten. Die Studie ist nun fertiggestellt und wir liefern, wie versprochen,&hellip;<\/p>\n","protected":false},"author":39,"featured_media":9931,"comment_status":"open","ping_status":"open","sticky":false,"template":"","format":"standard","meta":{"yasr_overall_rating":0,"yasr_post_is_review":"","yasr_auto_insert_disabled":"","yasr_review_type":"","footnotes":""},"categories":[409],"tags":[488,487,420,105,486,770],"class_list":["post-10586","post","type-post","status-publish","format-standard","has-post-thumbnail","hentry","category-presse-studien","tag-arbeitnehmerueberlassungsgesetz","tag-aueg","tag-berufsalltag-freelancer","tag-freelancer","tag-studie","tag-unternehmen"],"acf":[],"yasr_visitor_votes":{"stars_attributes":{"read_only":false,"span_bottom":false},"number_of_votes":0,"sum_votes":0},"yoast_head":"<!-- This site is optimized with the Yoast SEO plugin v26.8 - https:\/\/yoast.com\/product\/yoast-seo-wordpress\/ -->\n<title>Arbeitnehmer\u00fcberlassungsgesetz: Was denken Freelancer?<\/title>\n<meta name=\"description\" content=\"Was denken Freelancer, Unternehmen und Betriebsr\u00e4te zum neuen Arbeitnehmer\u00fcberlassungsgesetz 2017. Hier finden Sie die Studienergebnisse.\" \/>\n<meta name=\"robots\" content=\"index, follow, max-snippet:-1, max-image-preview:large, max-video-preview:-1\" \/>\n<link rel=\"canonical\" href=\"https:\/\/www.freelance.de\/blog\/studienergebnisse-zum-arbeitnehmerueberlassungsgesetzes-was-denken-unternehmen-und-freelancer\/\" \/>\n<meta property=\"og:locale\" content=\"de_DE\" \/>\n<meta property=\"og:type\" content=\"article\" \/>\n<meta property=\"og:title\" content=\"Arbeitnehmer\u00fcberlassungsgesetz: Was denken Freelancer?\" \/>\n<meta property=\"og:description\" content=\"Was denken Freelancer, Unternehmen und Betriebsr\u00e4te zum neuen Arbeitnehmer\u00fcberlassungsgesetz 2017. Hier finden Sie die Studienergebnisse.\" \/>\n<meta property=\"og:url\" content=\"https:\/\/www.freelance.de\/blog\/studienergebnisse-zum-arbeitnehmerueberlassungsgesetzes-was-denken-unternehmen-und-freelancer\/\" \/>\n<meta property=\"og:site_name\" content=\"freelance.de Blog\" \/>\n<meta property=\"article:publisher\" content=\"http:\/\/www.facebook.com\/Freelance.de\" \/>\n<meta property=\"article:published_time\" content=\"2017-02-01T09:51:07+00:00\" \/>\n<meta property=\"article:modified_time\" content=\"2024-03-05T09:54:01+00:00\" \/>\n<meta property=\"og:image\" content=\"https:\/\/www.freelance.de\/blog\/wp-content\/uploads\/2016\/09\/Das-neue-A\u00dcG-Arbeitnehmerueberlassungsgesetz.png\" \/>\n\t<meta property=\"og:image:width\" content=\"700\" \/>\n\t<meta property=\"og:image:height\" content=\"286\" \/>\n\t<meta property=\"og:image:type\" content=\"image\/png\" \/>\n<meta name=\"author\" content=\"freelance.de Redaktion\" \/>\n<meta name=\"twitter:card\" content=\"summary_large_image\" \/>\n<meta name=\"twitter:creator\" content=\"@freelanceDE\" \/>\n<meta name=\"twitter:site\" content=\"@freelanceDE\" \/>\n<meta name=\"twitter:label1\" content=\"Verfasst von\" \/>\n\t<meta name=\"twitter:data1\" content=\"freelance.de Redaktion\" \/>\n\t<meta name=\"twitter:label2\" content=\"Gesch\u00e4tzte Lesezeit\" \/>\n\t<meta name=\"twitter:data2\" content=\"2\u00a0Minuten\" \/>\n<script type=\"application\/ld+json\" class=\"yoast-schema-graph\">{\"@context\":\"https:\/\/schema.org\",\"@graph\":[{\"@type\":\"Article\",\"@id\":\"https:\/\/www.freelance.de\/blog\/studienergebnisse-zum-arbeitnehmerueberlassungsgesetzes-was-denken-unternehmen-und-freelancer\/#article\",\"isPartOf\":{\"@id\":\"https:\/\/www.freelance.de\/blog\/studienergebnisse-zum-arbeitnehmerueberlassungsgesetzes-was-denken-unternehmen-und-freelancer\/\"},\"author\":{\"name\":\"freelance.de Redaktion\",\"@id\":\"https:\/\/www.freelance.de\/blog\/#\/schema\/person\/10ac6084b3aa712e4d50188709639844\"},\"headline\":\"Arbeitnehmer\u00fcberlassungsgesetz: Was denken Unternehmen und Freelancer?\",\"datePublished\":\"2017-02-01T09:51:07+00:00\",\"dateModified\":\"2024-03-05T09:54:01+00:00\",\"mainEntityOfPage\":{\"@id\":\"https:\/\/www.freelance.de\/blog\/studienergebnisse-zum-arbeitnehmerueberlassungsgesetzes-was-denken-unternehmen-und-freelancer\/\"},\"wordCount\":305,\"commentCount\":0,\"publisher\":{\"@id\":\"https:\/\/www.freelance.de\/blog\/#organization\"},\"image\":{\"@id\":\"https:\/\/www.freelance.de\/blog\/studienergebnisse-zum-arbeitnehmerueberlassungsgesetzes-was-denken-unternehmen-und-freelancer\/#primaryimage\"},\"thumbnailUrl\":\"https:\/\/www.freelance.de\/blog\/wp-content\/uploads\/2016\/09\/Das-neue-A\u00dcG-Arbeitnehmerueberlassungsgesetz.png\",\"keywords\":[\"Arbeitnehmer\u00fcberlassungsgesetz\",\"A\u00dcG\",\"Berufsalltag Freelancer\",\"Freelancer\",\"Studie\",\"Unternehmen\"],\"articleSection\":[\"Presse &amp; Studien\"],\"inLanguage\":\"de\",\"potentialAction\":[{\"@type\":\"CommentAction\",\"name\":\"Comment\",\"target\":[\"https:\/\/www.freelance.de\/blog\/studienergebnisse-zum-arbeitnehmerueberlassungsgesetzes-was-denken-unternehmen-und-freelancer\/#respond\"]}]},{\"@type\":\"WebPage\",\"@id\":\"https:\/\/www.freelance.de\/blog\/studienergebnisse-zum-arbeitnehmerueberlassungsgesetzes-was-denken-unternehmen-und-freelancer\/\",\"url\":\"https:\/\/www.freelance.de\/blog\/studienergebnisse-zum-arbeitnehmerueberlassungsgesetzes-was-denken-unternehmen-und-freelancer\/\",\"name\":\"Arbeitnehmer\u00fcberlassungsgesetz: Was denken Freelancer?\",\"isPartOf\":{\"@id\":\"https:\/\/www.freelance.de\/blog\/#website\"},\"primaryImageOfPage\":{\"@id\":\"https:\/\/www.freelance.de\/blog\/studienergebnisse-zum-arbeitnehmerueberlassungsgesetzes-was-denken-unternehmen-und-freelancer\/#primaryimage\"},\"image\":{\"@id\":\"https:\/\/www.freelance.de\/blog\/studienergebnisse-zum-arbeitnehmerueberlassungsgesetzes-was-denken-unternehmen-und-freelancer\/#primaryimage\"},\"thumbnailUrl\":\"https:\/\/www.freelance.de\/blog\/wp-content\/uploads\/2016\/09\/Das-neue-A\u00dcG-Arbeitnehmerueberlassungsgesetz.png\",\"datePublished\":\"2017-02-01T09:51:07+00:00\",\"dateModified\":\"2024-03-05T09:54:01+00:00\",\"description\":\"Was denken Freelancer, Unternehmen und Betriebsr\u00e4te zum neuen Arbeitnehmer\u00fcberlassungsgesetz 2017. Hier finden Sie die Studienergebnisse.\",\"breadcrumb\":{\"@id\":\"https:\/\/www.freelance.de\/blog\/studienergebnisse-zum-arbeitnehmerueberlassungsgesetzes-was-denken-unternehmen-und-freelancer\/#breadcrumb\"},\"inLanguage\":\"de\",\"potentialAction\":[{\"@type\":\"ReadAction\",\"target\":[\"https:\/\/www.freelance.de\/blog\/studienergebnisse-zum-arbeitnehmerueberlassungsgesetzes-was-denken-unternehmen-und-freelancer\/\"]}]},{\"@type\":\"ImageObject\",\"inLanguage\":\"de\",\"@id\":\"https:\/\/www.freelance.de\/blog\/studienergebnisse-zum-arbeitnehmerueberlassungsgesetzes-was-denken-unternehmen-und-freelancer\/#primaryimage\",\"url\":\"https:\/\/www.freelance.de\/blog\/wp-content\/uploads\/2016\/09\/Das-neue-A\u00dcG-Arbeitnehmerueberlassungsgesetz.png\",\"contentUrl\":\"https:\/\/www.freelance.de\/blog\/wp-content\/uploads\/2016\/09\/Das-neue-A\u00dcG-Arbeitnehmerueberlassungsgesetz.png\",\"width\":700,\"height\":286,\"caption\":\"A\u00dcG Arbeitnehmerueberlassungsgesetz 2016 \/ 2017\"},{\"@type\":\"BreadcrumbList\",\"@id\":\"https:\/\/www.freelance.de\/blog\/studienergebnisse-zum-arbeitnehmerueberlassungsgesetzes-was-denken-unternehmen-und-freelancer\/#breadcrumb\",\"itemListElement\":[{\"@type\":\"ListItem\",\"position\":1,\"name\":\"Home\",\"item\":\"https:\/\/www.freelance.de\/blog\/\"},{\"@type\":\"ListItem\",\"position\":2,\"name\":\"Arbeitnehmer\u00fcberlassungsgesetz: Was denken Unternehmen und Freelancer?\"}]},{\"@type\":\"WebSite\",\"@id\":\"https:\/\/www.freelance.de\/blog\/#website\",\"url\":\"https:\/\/www.freelance.de\/blog\/\",\"name\":\"freelance.de Blog\",\"description\":\"Alles zum Thema Freelancing\",\"publisher\":{\"@id\":\"https:\/\/www.freelance.de\/blog\/#organization\"},\"potentialAction\":[{\"@type\":\"SearchAction\",\"target\":{\"@type\":\"EntryPoint\",\"urlTemplate\":\"https:\/\/www.freelance.de\/blog\/?s={search_term_string}\"},\"query-input\":{\"@type\":\"PropertyValueSpecification\",\"valueRequired\":true,\"valueName\":\"search_term_string\"}}],\"inLanguage\":\"de\"},{\"@type\":\"Organization\",\"@id\":\"https:\/\/www.freelance.de\/blog\/#organization\",\"name\":\"freelance.de\",\"alternateName\":\"freelance.de\",\"url\":\"https:\/\/www.freelance.de\/blog\/\",\"logo\":{\"@type\":\"ImageObject\",\"inLanguage\":\"de\",\"@id\":\"https:\/\/www.freelance.de\/blog\/#\/schema\/logo\/image\/\",\"url\":\"https:\/\/www.freelance.de\/blog\/wp-content\/uploads\/2023\/03\/230315_freelance-de_BLOGLOGO.png\",\"contentUrl\":\"https:\/\/www.freelance.de\/blog\/wp-content\/uploads\/2023\/03\/230315_freelance-de_BLOGLOGO.png\",\"width\":1746,\"height\":411,\"caption\":\"freelance.de\"},\"image\":{\"@id\":\"https:\/\/www.freelance.de\/blog\/#\/schema\/logo\/image\/\"},\"sameAs\":[\"http:\/\/www.facebook.com\/Freelance.de\",\"https:\/\/x.com\/freelanceDE\"]},{\"@type\":\"Person\",\"@id\":\"https:\/\/www.freelance.de\/blog\/#\/schema\/person\/10ac6084b3aa712e4d50188709639844\",\"name\":\"freelance.de Redaktion\",\"image\":{\"@type\":\"ImageObject\",\"inLanguage\":\"de\",\"@id\":\"https:\/\/www.freelance.de\/blog\/#\/schema\/person\/image\/\",\"url\":\"https:\/\/www.freelance.de\/blog\/wp-content\/uploads\/2023\/03\/redaktionsteam-fl.png\",\"contentUrl\":\"https:\/\/www.freelance.de\/blog\/wp-content\/uploads\/2023\/03\/redaktionsteam-fl.png\",\"caption\":\"freelance.de Redaktion\"},\"description\":\"Unser Online-Redaktionsteam besteht aus aktuellen und ehemaligen Mitarbeiterinnen und Mitarbeitern von freelance.de sowie aus externen Expertinnen und Experten. Sie beherrschen nicht nur die Kunst mit Buchstaben und Worten zu jonglieren, sondern gehen stets die Extrameile, um relevante und aktuelle Themen f\u00fcr Freelancer aufzudecken und wertvolle Erfahrungen weiterzugeben.\",\"url\":\"https:\/\/www.freelance.de\/blog\/author\/freelanceteam\/\"},false]}<\/script>\n<!-- \/ Yoast SEO plugin. -->","yoast_head_json":{"title":"Arbeitnehmer\u00fcberlassungsgesetz: Was denken Freelancer?","description":"Was denken Freelancer, Unternehmen und Betriebsr\u00e4te zum neuen Arbeitnehmer\u00fcberlassungsgesetz 2017. Hier finden Sie die Studienergebnisse.","robots":{"index":"index","follow":"follow","max-snippet":"max-snippet:-1","max-image-preview":"max-image-preview:large","max-video-preview":"max-video-preview:-1"},"canonical":"https:\/\/www.freelance.de\/blog\/studienergebnisse-zum-arbeitnehmerueberlassungsgesetzes-was-denken-unternehmen-und-freelancer\/","og_locale":"de_DE","og_type":"article","og_title":"Arbeitnehmer\u00fcberlassungsgesetz: Was denken Freelancer?","og_description":"Was denken Freelancer, Unternehmen und Betriebsr\u00e4te zum neuen Arbeitnehmer\u00fcberlassungsgesetz 2017. Hier finden Sie die Studienergebnisse.","og_url":"https:\/\/www.freelance.de\/blog\/studienergebnisse-zum-arbeitnehmerueberlassungsgesetzes-was-denken-unternehmen-und-freelancer\/","og_site_name":"freelance.de Blog","article_publisher":"http:\/\/www.facebook.com\/Freelance.de","article_published_time":"2017-02-01T09:51:07+00:00","article_modified_time":"2024-03-05T09:54:01+00:00","og_image":[{"width":700,"height":286,"url":"https:\/\/www.freelance.de\/blog\/wp-content\/uploads\/2016\/09\/Das-neue-A\u00dcG-Arbeitnehmerueberlassungsgesetz.png","type":"image\/png"}],"author":"freelance.de Redaktion","twitter_card":"summary_large_image","twitter_creator":"@freelanceDE","twitter_site":"@freelanceDE","twitter_misc":{"Verfasst von":"freelance.de Redaktion","Gesch\u00e4tzte Lesezeit":"2\u00a0Minuten"},"schema":{"@context":"https:\/\/schema.org","@graph":[{"@type":"Article","@id":"https:\/\/www.freelance.de\/blog\/studienergebnisse-zum-arbeitnehmerueberlassungsgesetzes-was-denken-unternehmen-und-freelancer\/#article","isPartOf":{"@id":"https:\/\/www.freelance.de\/blog\/studienergebnisse-zum-arbeitnehmerueberlassungsgesetzes-was-denken-unternehmen-und-freelancer\/"},"author":{"name":"freelance.de Redaktion","@id":"https:\/\/www.freelance.de\/blog\/#\/schema\/person\/10ac6084b3aa712e4d50188709639844"},"headline":"Arbeitnehmer\u00fcberlassungsgesetz: Was denken Unternehmen und Freelancer?","datePublished":"2017-02-01T09:51:07+00:00","dateModified":"2024-03-05T09:54:01+00:00","mainEntityOfPage":{"@id":"https:\/\/www.freelance.de\/blog\/studienergebnisse-zum-arbeitnehmerueberlassungsgesetzes-was-denken-unternehmen-und-freelancer\/"},"wordCount":305,"commentCount":0,"publisher":{"@id":"https:\/\/www.freelance.de\/blog\/#organization"},"image":{"@id":"https:\/\/www.freelance.de\/blog\/studienergebnisse-zum-arbeitnehmerueberlassungsgesetzes-was-denken-unternehmen-und-freelancer\/#primaryimage"},"thumbnailUrl":"https:\/\/www.freelance.de\/blog\/wp-content\/uploads\/2016\/09\/Das-neue-A\u00dcG-Arbeitnehmerueberlassungsgesetz.png","keywords":["Arbeitnehmer\u00fcberlassungsgesetz","A\u00dcG","Berufsalltag Freelancer","Freelancer","Studie","Unternehmen"],"articleSection":["Presse &amp; Studien"],"inLanguage":"de","potentialAction":[{"@type":"CommentAction","name":"Comment","target":["https:\/\/www.freelance.de\/blog\/studienergebnisse-zum-arbeitnehmerueberlassungsgesetzes-was-denken-unternehmen-und-freelancer\/#respond"]}]},{"@type":"WebPage","@id":"https:\/\/www.freelance.de\/blog\/studienergebnisse-zum-arbeitnehmerueberlassungsgesetzes-was-denken-unternehmen-und-freelancer\/","url":"https:\/\/www.freelance.de\/blog\/studienergebnisse-zum-arbeitnehmerueberlassungsgesetzes-was-denken-unternehmen-und-freelancer\/","name":"Arbeitnehmer\u00fcberlassungsgesetz: Was denken Freelancer?","isPartOf":{"@id":"https:\/\/www.freelance.de\/blog\/#website"},"primaryImageOfPage":{"@id":"https:\/\/www.freelance.de\/blog\/studienergebnisse-zum-arbeitnehmerueberlassungsgesetzes-was-denken-unternehmen-und-freelancer\/#primaryimage"},"image":{"@id":"https:\/\/www.freelance.de\/blog\/studienergebnisse-zum-arbeitnehmerueberlassungsgesetzes-was-denken-unternehmen-und-freelancer\/#primaryimage"},"thumbnailUrl":"https:\/\/www.freelance.de\/blog\/wp-content\/uploads\/2016\/09\/Das-neue-A\u00dcG-Arbeitnehmerueberlassungsgesetz.png","datePublished":"2017-02-01T09:51:07+00:00","dateModified":"2024-03-05T09:54:01+00:00","description":"Was denken Freelancer, Unternehmen und Betriebsr\u00e4te zum neuen Arbeitnehmer\u00fcberlassungsgesetz 2017. Hier finden Sie die Studienergebnisse.","breadcrumb":{"@id":"https:\/\/www.freelance.de\/blog\/studienergebnisse-zum-arbeitnehmerueberlassungsgesetzes-was-denken-unternehmen-und-freelancer\/#breadcrumb"},"inLanguage":"de","potentialAction":[{"@type":"ReadAction","target":["https:\/\/www.freelance.de\/blog\/studienergebnisse-zum-arbeitnehmerueberlassungsgesetzes-was-denken-unternehmen-und-freelancer\/"]}]},{"@type":"ImageObject","inLanguage":"de","@id":"https:\/\/www.freelance.de\/blog\/studienergebnisse-zum-arbeitnehmerueberlassungsgesetzes-was-denken-unternehmen-und-freelancer\/#primaryimage","url":"https:\/\/www.freelance.de\/blog\/wp-content\/uploads\/2016\/09\/Das-neue-A\u00dcG-Arbeitnehmerueberlassungsgesetz.png","contentUrl":"https:\/\/www.freelance.de\/blog\/wp-content\/uploads\/2016\/09\/Das-neue-A\u00dcG-Arbeitnehmerueberlassungsgesetz.png","width":700,"height":286,"caption":"A\u00dcG Arbeitnehmerueberlassungsgesetz 2016 \/ 2017"},{"@type":"BreadcrumbList","@id":"https:\/\/www.freelance.de\/blog\/studienergebnisse-zum-arbeitnehmerueberlassungsgesetzes-was-denken-unternehmen-und-freelancer\/#breadcrumb","itemListElement":[{"@type":"ListItem","position":1,"name":"Home","item":"https:\/\/www.freelance.de\/blog\/"},{"@type":"ListItem","position":2,"name":"Arbeitnehmer\u00fcberlassungsgesetz: Was denken Unternehmen und Freelancer?"}]},{"@type":"WebSite","@id":"https:\/\/www.freelance.de\/blog\/#website","url":"https:\/\/www.freelance.de\/blog\/","name":"freelance.de Blog","description":"Alles zum Thema Freelancing","publisher":{"@id":"https:\/\/www.freelance.de\/blog\/#organization"},"potentialAction":[{"@type":"SearchAction","target":{"@type":"EntryPoint","urlTemplate":"https:\/\/www.freelance.de\/blog\/?s={search_term_string}"},"query-input":{"@type":"PropertyValueSpecification","valueRequired":true,"valueName":"search_term_string"}}],"inLanguage":"de"},{"@type":"Organization","@id":"https:\/\/www.freelance.de\/blog\/#organization","name":"freelance.de","alternateName":"freelance.de","url":"https:\/\/www.freelance.de\/blog\/","logo":{"@type":"ImageObject","inLanguage":"de","@id":"https:\/\/www.freelance.de\/blog\/#\/schema\/logo\/image\/","url":"https:\/\/www.freelance.de\/blog\/wp-content\/uploads\/2023\/03\/230315_freelance-de_BLOGLOGO.png","contentUrl":"https:\/\/www.freelance.de\/blog\/wp-content\/uploads\/2023\/03\/230315_freelance-de_BLOGLOGO.png","width":1746,"height":411,"caption":"freelance.de"},"image":{"@id":"https:\/\/www.freelance.de\/blog\/#\/schema\/logo\/image\/"},"sameAs":["http:\/\/www.facebook.com\/Freelance.de","https:\/\/x.com\/freelanceDE"]},{"@type":"Person","@id":"https:\/\/www.freelance.de\/blog\/#\/schema\/person\/10ac6084b3aa712e4d50188709639844","name":"freelance.de Redaktion","image":{"@type":"ImageObject","inLanguage":"de","@id":"https:\/\/www.freelance.de\/blog\/#\/schema\/person\/image\/","url":"https:\/\/www.freelance.de\/blog\/wp-content\/uploads\/2023\/03\/redaktionsteam-fl.png","contentUrl":"https:\/\/www.freelance.de\/blog\/wp-content\/uploads\/2023\/03\/redaktionsteam-fl.png","caption":"freelance.de Redaktion"},"description":"Unser Online-Redaktionsteam besteht aus aktuellen und ehemaligen Mitarbeiterinnen und Mitarbeitern von freelance.de sowie aus externen Expertinnen und Experten. Sie beherrschen nicht nur die Kunst mit Buchstaben und Worten zu jonglieren, sondern gehen stets die Extrameile, um relevante und aktuelle Themen f\u00fcr Freelancer aufzudecken und wertvolle Erfahrungen weiterzugeben.","url":"https:\/\/www.freelance.de\/blog\/author\/freelanceteam\/"},false]}},"_links":{"self":[{"href":"https:\/\/www.freelance.de\/blog\/wp-json\/wp\/v2\/posts\/10586","targetHints":{"allow":["GET"]}}],"collection":[{"href":"https:\/\/www.freelance.de\/blog\/wp-json\/wp\/v2\/posts"}],"about":[{"href":"https:\/\/www.freelance.de\/blog\/wp-json\/wp\/v2\/types\/post"}],"author":[{"embeddable":true,"href":"https:\/\/www.freelance.de\/blog\/wp-json\/wp\/v2\/users\/39"}],"replies":[{"embeddable":true,"href":"https:\/\/www.freelance.de\/blog\/wp-json\/wp\/v2\/comments?post=10586"}],"version-history":[{"count":2,"href":"https:\/\/www.freelance.de\/blog\/wp-json\/wp\/v2\/posts\/10586\/revisions"}],"predecessor-version":[{"id":31599,"href":"https:\/\/www.freelance.de\/blog\/wp-json\/wp\/v2\/posts\/10586\/revisions\/31599"}],"wp:featuredmedia":[{"embeddable":true,"href":"https:\/\/www.freelance.de\/blog\/wp-json\/wp\/v2\/media\/9931"}],"wp:attachment":[{"href":"https:\/\/www.freelance.de\/blog\/wp-json\/wp\/v2\/media?parent=10586"}],"wp:term":[{"taxonomy":"category","embeddable":true,"href":"https:\/\/www.freelance.de\/blog\/wp-json\/wp\/v2\/categories?post=10586"},{"taxonomy":"post_tag","embeddable":true,"href":"https:\/\/www.freelance.de\/blog\/wp-json\/wp\/v2\/tags?post=10586"}],"curies":[{"name":"wp","href":"https:\/\/api.w.org\/{rel}","templated":true}]}}