{"id":10793,"date":"2017-03-31T08:28:21","date_gmt":"2017-03-31T06:28:21","guid":{"rendered":"https:\/\/www.freelance.de\/blog\/?p=10793"},"modified":"2023-12-12T11:05:41","modified_gmt":"2023-12-12T10:05:41","slug":"aueg-reform-2017","status":"publish","type":"post","link":"https:\/\/www.freelance.de\/blog\/aueg-reform-2017\/","title":{"rendered":"Arbeitnehmer\u00fcberlassungsgesetz (A\u00dcG) &#8211; Reform 2017"},"content":{"rendered":"<p>Am 1. April 2017 treten die \u00c4nderungen des Arbeitnehmer\u00fcberlassungsgesetzes (A\u00dcG) in Kraft.<\/p>\n<p><em>Ein Beitrag von den Rechtsanw\u00e4lten Daniel Happ und Martin Gliewe von der Wirtschaftskanzlei Noerr<\/em><\/p>\n<p>Gesetzgeberisches Ziel dieser Reform war es, missbr\u00e4uchlichen Kooperationsmodellen (Stichwort: Scheinwerk-\/Scheindienstvertr\u00e4ge) entgegenzuwirken. F\u00fcr die meisten Unternehmen, die mit externem Personal arbeiten (m\u00fcssen), birgt sie jedoch gewaltige und kaum gerechtfertigte Risiken. Dabei sollte die bisherige Rechtslage betreffend die Einordnung von Vertragsgestaltungen als &#8220;Arbeitnehmer\u00fcberlassung&#8221; oder &#8220;Werk-\/Dienstvertrag&#8221; durch die A\u00dcG-Novelle nicht ver\u00e4ndert werden.<\/p>\n<p><img loading=\"lazy\" decoding=\"async\" class=\"aligncenter size-full wp-image-10802\" src=\"https:\/\/www.freelance.de\/blog\/wp-content\/uploads\/2017\/03\/gerechtigkeit.jpg\" alt=\"\" width=\"600\" height=\"348\" srcset=\"https:\/\/www.freelance.de\/blog\/wp-content\/uploads\/2017\/03\/gerechtigkeit.jpg 600w, https:\/\/www.freelance.de\/blog\/wp-content\/uploads\/2017\/03\/gerechtigkeit-300x174.jpg 300w, https:\/\/www.freelance.de\/blog\/wp-content\/uploads\/2017\/03\/gerechtigkeit-150x87.jpg 150w\" sizes=\"auto, (max-width: 600px) 100vw, 600px\" \/><\/p>\n<p>War die bisherige Rechtslage betreffend die Einordnung von Vertragsgestaltungen als &#8220;Arbeitnehmer\u00fcberlassung&#8221; oder &#8220;Werk-\/Dienstvertrag&#8221; bereits teilweise hoch komplex, so waren versehentliche fehlerhafte Einordnung und\/oder Entwicklungen zumindest handhabbar. Die Reform f\u00fchrt aber dazu, das kleinste Fehlentwicklungen erheblich sanktioniert werden. Die logische \u2013 und bereits im Markt deutlich wahrnehmbare \u2013 Folge wird sein, dass Kunden deutlich zur\u00fcckhaltender beim Einsatz von Fremdpersonal sein werden. Da spielt es auch kaum eine Rolle, ob man sich selbst im Bereich der Dienstleistungen, als Berater, Freelancer oder Interim Manager sieht.<\/p>\n<h4>Werk-\/Dienstvertrag oder Arbeitnehmer\u00fcberlassung?<\/h4>\n<p>Die Zur\u00fcckhaltung der Kunden kommt indes nicht von ungef\u00e4hr. Nicht selten ist es auch f\u00fcr Juristen schwierig, die richtige Vertragswahl f\u00fcr entsprechende Leistungen zu treffen: Werk-\/Dienstvertrag oder Arbeitnehmer\u00fcberlassung? Dieses Bewertungsrisiko ist aufgrund der Komplexit\u00e4t der Projekte, der Einf\u00fchrung neuer Arbeitsformen oder mangelnder finaler Anforderungen an die Dienst-\/Werkleistung erheblich. Arbeitsteilige Projektarbeit, die darauf abzielt, externe Spezialisten mit internen Know-How-Tr\u00e4gern f\u00fcr einen begrenzten Zeitraum zusammenzuf\u00fchren oder agile Formen der Zusammenarbeit k\u00f6nnen auf eine (verdeckte\/illegale) Arbeitnehmer\u00fcberlassung hindeuten und stellen die Praxis bei der Beantwortung der Frage, welcher Vertragstyp zugrunde zu legen ist, vor besondere Herausforderungen.<\/p>\n<p>Bislang war es daher g\u00e4ngige und zul\u00e4ssige Praxis eine \u00dcberlassungserlaubnis vorzuhalten (sog. Vorratserlaubnis oder &#8220;Fallschirml\u00f6sung&#8221;), um zumindest die gravierendste Rechtsfolge einer illegalen \u00dcberlassung \u2013 die Begr\u00fcndung eines Arbeitsverh\u00e4ltnisses zwischen Kunden und externer Fachkraft \u2013 zu vermeiden. Nach der \u00c4nderung des A\u00dcG soll eine solche Vorratserlaubnis jedoch ins Leere laufen: trotz Vorliegens einer Arbeitnehmer\u00fcberlassungserlaubnis sollen die Rechtsfolgen einer illegalen Arbeitnehmer\u00fcberlassung eintreten, wenn die Arbeitnehmer\u00fcberlassung im Vertrag nicht ausdr\u00fccklich als solche bezeichnet worden ist \u2013 selbst wenn die Vertragsparteien tats\u00e4chlich in bestem Wissen davon ausgegangen sind, dass tats\u00e4chlich keine Arbeitnehmer\u00fcberlassung vorliege und eine solche erst nachtr\u00e4glich durch die Gerichte festgestellt wird.<\/p>\n<p>Auftragnehmer und Auftraggeber tragen damit k\u00fcnftig ein noch gr\u00f6\u00dferes rechtliches und wirtschaftliches Risiko beim Einsatz von Fremdpersonal. Daher ist es k\u00fcnftig wichtiger denn je, im Grunde s\u00e4mtliche Einsatzformen externen Dienstleistungen kritisch zu pr\u00fcfen und ggf. an die neue Gesetzeslage anzupassen.<\/p>\n<h4>Beschr\u00e4nkte Einsatzm\u00f6glichkeiten f\u00fcr Freelancer<\/h4>\n<p><img loading=\"lazy\" decoding=\"async\" class=\"alignleft size-full wp-image-10803\" src=\"https:\/\/www.freelance.de\/blog\/wp-content\/uploads\/2017\/03\/paragraph_200.jpg\" alt=\"Arbeitnehmer\u00fcberlassungsgesetz\" width=\"200\" height=\"200\" srcset=\"https:\/\/www.freelance.de\/blog\/wp-content\/uploads\/2017\/03\/paragraph_200.jpg 200w, https:\/\/www.freelance.de\/blog\/wp-content\/uploads\/2017\/03\/paragraph_200-150x150.jpg 150w\" sizes=\"auto, (max-width: 200px) 100vw, 200px\" \/>Nach Gesetzeslage wird k\u00fcnftig eine arbeitnehmerbezogene \u00dcberlassungsh\u00f6chstdauer von 18 Monaten zu beachten sein, von der lediglich durch Tarifvertrag oder eine hierauf basierende Betriebsvereinbarung abgewichen werden darf. Dar\u00fcber hinaus sind nach sp\u00e4testens neun Monaten, in bestimmten Einzelf\u00e4llen nach 15 Monaten, Leiharbeitnehmern die gleichen Arbeitsbedingungen zu gew\u00e4hren, wie vergleichbaren Stammarbeitskr\u00e4ften im Entleiherbetrieb (sog. equal pay). Ebenso wird dem bislang geduldeten Weiterverleih von Leiharbeitnehmern durch Entleiher (sog. Kettenverleih) ein Riegel vorgeschoben werden. Dies kann in der Praxis \u2013 ob gerechtfertigt oder nicht \u2013 dazu f\u00fchren, dass Lieferantenketten erheblich verk\u00fcrzt und Einsatzm\u00f6glichkeiten z. B. f\u00fcr Freelancer erheblich beschr\u00e4nkt werden. Die M\u00f6glichkeit f\u00fcr Lieferanten (Agenturen, Dienstleister etc.), sich erfolgreich auf eine sog. Vorratserlaubnis zu berufen, entf\u00e4llt durch die genannte Einf\u00fchrung einer Offenlegungs- und Konkretisierungspflicht.<\/p>\n<p>Diese d\u00fcrfte auch nicht durch die ebenfalls neu eingef\u00fchrte Festhaltenserkl\u00e4rung abgemildert werden. Zwar wird dem von illegaler Arbeitnehmer\u00fcberlassung betroffenen Arbeitnehmer erstmalig die M\u00f6glichkeit einger\u00e4umt, an seinem bisherigen Arbeitsverh\u00e4ltnis mit dem Personaldienstleister\/Beratungsunternehmen festzuhalten. Die Wirksamkeit dieser schriftlichen Erkl\u00e4rung setzt jedoch voraus, dass der Betroffene sie pers\u00f6nlich bei der Agentur f\u00fcr Arbeit vorlegt, die Agentur f\u00fcr Arbeit diese mit dem Datum der Vorlage sowie mit einem Hinweis versieht, dass sie die Identit\u00e4t des Betroffenen festgestellt hat sowie die Erkl\u00e4rung dem Personaldienstleister oder Kunden sp\u00e4testens am dritten Tag nach der Vorlage in der Agentur f\u00fcr Arbeit zugeht.<\/p>\n<p>Soll dieser zus\u00e4tzliche Weg \u00fcber die Agentur f\u00fcr Arbeit lediglich verhindern, dass der Betroffene seine Festhaltenserkl\u00e4rung schon formularm\u00e4\u00dfig vorab abgibt, d\u00fcrfte diese b\u00fcrokratische H\u00fcrde faktisch in vielen F\u00e4llen verhindern, dass Festhaltenserkl\u00e4rungen \u00fcberhaupt abgegeben werden. Soweit sie dennoch abgegeben werden, werden sie dazu f\u00fchren, dass vermehrt Ordnungswidrigkeitenverfahren eingeleitet werden \u2013 denn jede Festhaltenserkl\u00e4rung bedeutet illegale Arbeitnehmer\u00fcberlassung, jede illegale Arbeitnehmer\u00fcberlassung bedeutet eine Ordnungswidrigkeit mit Bu\u00dfgeldern bis zu 30.000 Euro pro Versto\u00df.<\/p>\n<p>Mit all diesen Verkomplizierungen im Bereich der Arbeitnehmer\u00fcberlassung wird die Politik das Gegenteil von dem erreichen, was sie urspr\u00fcnglich bezweckte. Es wird k\u00fcnftig genau in den F\u00e4llen, in denen in der Vergangenheit durchaus Arbeitnehmer\u00fcberlassungsmodelle gew\u00e4hlt wurden, dienst- und werkvertragliche Kooperationsmodelle geben, da nur so gerade in komplexen Beratungsprojekten die oftmals weit \u00fcber 18 Monate hinausgehende Kompetenzkontinuit\u00e4t sichergestellt werden kann. Gepaart mit dem erh\u00f6hten Sanktionsrisiko bedeutet dies, das auf die Branche enorme tats\u00e4chliche Herausforderungen sowie gro\u00dfe, kaum noch abzusichernde rechtliche und finanzielle Risiken zukommen werden.<\/p>\n<p><strong>Man kann nur hoffen, dass sehr bald die vielfach geforderte Ausnahmeregelung f\u00fcr Berater kommen wird. Noch fehlt sie!<\/strong><\/p>\n<div style='text-align:center' class='yasr-auto-insert-visitor'><\/div>","protected":false},"excerpt":{"rendered":"<p>Am 1. April 2017 treten die \u00c4nderungen des Arbeitnehmer\u00fcberlassungsgesetzes (A\u00dcG) in Kraft. Ein Beitrag von den Rechtsanw\u00e4lten Daniel Happ und Martin Gliewe von der&hellip;<\/p>\n","protected":false},"author":39,"featured_media":10801,"comment_status":"open","ping_status":"open","sticky":false,"template":"","format":"standard","meta":{"yasr_overall_rating":0,"yasr_post_is_review":"","yasr_auto_insert_disabled":"","yasr_review_type":"","footnotes":""},"categories":[470],"tags":[488,487,105,353],"class_list":["post-10793","post","type-post","status-publish","format-standard","has-post-thumbnail","hentry","category-business-know-how","tag-arbeitnehmerueberlassungsgesetz","tag-aueg","tag-freelancer","tag-scheinselbststandigkeit"],"acf":[],"yasr_visitor_votes":{"stars_attributes":{"read_only":false,"span_bottom":false},"number_of_votes":0,"sum_votes":0},"yoast_head":"<!-- This site is optimized with the Yoast SEO plugin v26.8 - https:\/\/yoast.com\/product\/yoast-seo-wordpress\/ -->\n<title>Arbeitnehmer\u00fcberlassungsgesetz (A\u00dcG) - Reform 2017 - freelance.de Blog<\/title>\n<meta name=\"description\" content=\"Am 1. April 2017 tritt die \u00c4nderung des Arbeitnehmer\u00fcberlassungsgesetz (A\u00dcG) in Kraft. Ziel dieser Reform war es, der Scheindienstvertr\u00e4ge entgegenzuwirken.\" \/>\n<meta name=\"robots\" content=\"index, follow, max-snippet:-1, max-image-preview:large, max-video-preview:-1\" \/>\n<link rel=\"canonical\" href=\"https:\/\/www.freelance.de\/blog\/aueg-reform-2017\/\" \/>\n<meta property=\"og:locale\" content=\"de_DE\" \/>\n<meta property=\"og:type\" content=\"article\" \/>\n<meta property=\"og:title\" content=\"Arbeitnehmer\u00fcberlassungsgesetz (A\u00dcG) - Reform 2017 - freelance.de Blog\" \/>\n<meta property=\"og:description\" content=\"Am 1. April 2017 tritt die \u00c4nderung des Arbeitnehmer\u00fcberlassungsgesetz (A\u00dcG) in Kraft. Ziel dieser Reform war es, der Scheindienstvertr\u00e4ge entgegenzuwirken.\" \/>\n<meta property=\"og:url\" content=\"https:\/\/www.freelance.de\/blog\/aueg-reform-2017\/\" \/>\n<meta property=\"og:site_name\" content=\"freelance.de Blog\" \/>\n<meta property=\"article:publisher\" content=\"http:\/\/www.facebook.com\/Freelance.de\" \/>\n<meta property=\"article:published_time\" content=\"2017-03-31T06:28:21+00:00\" \/>\n<meta property=\"article:modified_time\" content=\"2023-12-12T10:05:41+00:00\" \/>\n<meta property=\"og:image\" content=\"https:\/\/www.freelance.de\/blog\/wp-content\/uploads\/2017\/03\/aug_1150.jpg\" \/>\n\t<meta property=\"og:image:width\" content=\"1150\" \/>\n\t<meta property=\"og:image:height\" content=\"537\" \/>\n\t<meta property=\"og:image:type\" content=\"image\/jpeg\" \/>\n<meta name=\"author\" content=\"freelance.de Redaktion\" \/>\n<meta name=\"twitter:card\" content=\"summary_large_image\" \/>\n<meta name=\"twitter:creator\" content=\"@freelanceDE\" \/>\n<meta name=\"twitter:site\" content=\"@freelanceDE\" \/>\n<meta name=\"twitter:label1\" content=\"Verfasst von\" \/>\n\t<meta name=\"twitter:data1\" content=\"freelance.de Redaktion\" \/>\n\t<meta name=\"twitter:label2\" content=\"Gesch\u00e4tzte Lesezeit\" \/>\n\t<meta name=\"twitter:data2\" content=\"4\u00a0Minuten\" \/>\n<script type=\"application\/ld+json\" class=\"yoast-schema-graph\">{\"@context\":\"https:\/\/schema.org\",\"@graph\":[{\"@type\":\"Article\",\"@id\":\"https:\/\/www.freelance.de\/blog\/aueg-reform-2017\/#article\",\"isPartOf\":{\"@id\":\"https:\/\/www.freelance.de\/blog\/aueg-reform-2017\/\"},\"author\":{\"name\":\"freelance.de Redaktion\",\"@id\":\"https:\/\/www.freelance.de\/blog\/#\/schema\/person\/10ac6084b3aa712e4d50188709639844\"},\"headline\":\"Arbeitnehmer\u00fcberlassungsgesetz (A\u00dcG) &#8211; Reform 2017\",\"datePublished\":\"2017-03-31T06:28:21+00:00\",\"dateModified\":\"2023-12-12T10:05:41+00:00\",\"mainEntityOfPage\":{\"@id\":\"https:\/\/www.freelance.de\/blog\/aueg-reform-2017\/\"},\"wordCount\":884,\"commentCount\":3,\"publisher\":{\"@id\":\"https:\/\/www.freelance.de\/blog\/#organization\"},\"image\":{\"@id\":\"https:\/\/www.freelance.de\/blog\/aueg-reform-2017\/#primaryimage\"},\"thumbnailUrl\":\"https:\/\/www.freelance.de\/blog\/wp-content\/uploads\/2017\/03\/aug_1150.jpg\",\"keywords\":[\"Arbeitnehmer\u00fcberlassungsgesetz\",\"A\u00dcG\",\"Freelancer\",\"Scheinselbstst\u00e4ndigkeit\"],\"articleSection\":[\"Business Know-How\"],\"inLanguage\":\"de\",\"potentialAction\":[{\"@type\":\"CommentAction\",\"name\":\"Comment\",\"target\":[\"https:\/\/www.freelance.de\/blog\/aueg-reform-2017\/#respond\"]}]},{\"@type\":\"WebPage\",\"@id\":\"https:\/\/www.freelance.de\/blog\/aueg-reform-2017\/\",\"url\":\"https:\/\/www.freelance.de\/blog\/aueg-reform-2017\/\",\"name\":\"Arbeitnehmer\u00fcberlassungsgesetz (A\u00dcG) - Reform 2017 - freelance.de Blog\",\"isPartOf\":{\"@id\":\"https:\/\/www.freelance.de\/blog\/#website\"},\"primaryImageOfPage\":{\"@id\":\"https:\/\/www.freelance.de\/blog\/aueg-reform-2017\/#primaryimage\"},\"image\":{\"@id\":\"https:\/\/www.freelance.de\/blog\/aueg-reform-2017\/#primaryimage\"},\"thumbnailUrl\":\"https:\/\/www.freelance.de\/blog\/wp-content\/uploads\/2017\/03\/aug_1150.jpg\",\"datePublished\":\"2017-03-31T06:28:21+00:00\",\"dateModified\":\"2023-12-12T10:05:41+00:00\",\"description\":\"Am 1. April 2017 tritt die \u00c4nderung des Arbeitnehmer\u00fcberlassungsgesetz (A\u00dcG) in Kraft. Ziel dieser Reform war es, der Scheindienstvertr\u00e4ge entgegenzuwirken.\",\"breadcrumb\":{\"@id\":\"https:\/\/www.freelance.de\/blog\/aueg-reform-2017\/#breadcrumb\"},\"inLanguage\":\"de\",\"potentialAction\":[{\"@type\":\"ReadAction\",\"target\":[\"https:\/\/www.freelance.de\/blog\/aueg-reform-2017\/\"]}]},{\"@type\":\"ImageObject\",\"inLanguage\":\"de\",\"@id\":\"https:\/\/www.freelance.de\/blog\/aueg-reform-2017\/#primaryimage\",\"url\":\"https:\/\/www.freelance.de\/blog\/wp-content\/uploads\/2017\/03\/aug_1150.jpg\",\"contentUrl\":\"https:\/\/www.freelance.de\/blog\/wp-content\/uploads\/2017\/03\/aug_1150.jpg\",\"width\":1150,\"height\":537},{\"@type\":\"BreadcrumbList\",\"@id\":\"https:\/\/www.freelance.de\/blog\/aueg-reform-2017\/#breadcrumb\",\"itemListElement\":[{\"@type\":\"ListItem\",\"position\":1,\"name\":\"Home\",\"item\":\"https:\/\/www.freelance.de\/blog\/\"},{\"@type\":\"ListItem\",\"position\":2,\"name\":\"Arbeitnehmer\u00fcberlassungsgesetz (A\u00dcG) &#8211; Reform 2017\"}]},{\"@type\":\"WebSite\",\"@id\":\"https:\/\/www.freelance.de\/blog\/#website\",\"url\":\"https:\/\/www.freelance.de\/blog\/\",\"name\":\"freelance.de Blog\",\"description\":\"Alles zum Thema Freelancing\",\"publisher\":{\"@id\":\"https:\/\/www.freelance.de\/blog\/#organization\"},\"potentialAction\":[{\"@type\":\"SearchAction\",\"target\":{\"@type\":\"EntryPoint\",\"urlTemplate\":\"https:\/\/www.freelance.de\/blog\/?s={search_term_string}\"},\"query-input\":{\"@type\":\"PropertyValueSpecification\",\"valueRequired\":true,\"valueName\":\"search_term_string\"}}],\"inLanguage\":\"de\"},{\"@type\":\"Organization\",\"@id\":\"https:\/\/www.freelance.de\/blog\/#organization\",\"name\":\"freelance.de\",\"alternateName\":\"freelance.de\",\"url\":\"https:\/\/www.freelance.de\/blog\/\",\"logo\":{\"@type\":\"ImageObject\",\"inLanguage\":\"de\",\"@id\":\"https:\/\/www.freelance.de\/blog\/#\/schema\/logo\/image\/\",\"url\":\"https:\/\/www.freelance.de\/blog\/wp-content\/uploads\/2023\/03\/230315_freelance-de_BLOGLOGO.png\",\"contentUrl\":\"https:\/\/www.freelance.de\/blog\/wp-content\/uploads\/2023\/03\/230315_freelance-de_BLOGLOGO.png\",\"width\":1746,\"height\":411,\"caption\":\"freelance.de\"},\"image\":{\"@id\":\"https:\/\/www.freelance.de\/blog\/#\/schema\/logo\/image\/\"},\"sameAs\":[\"http:\/\/www.facebook.com\/Freelance.de\",\"https:\/\/x.com\/freelanceDE\"]},{\"@type\":\"Person\",\"@id\":\"https:\/\/www.freelance.de\/blog\/#\/schema\/person\/10ac6084b3aa712e4d50188709639844\",\"name\":\"freelance.de Redaktion\",\"image\":{\"@type\":\"ImageObject\",\"inLanguage\":\"de\",\"@id\":\"https:\/\/www.freelance.de\/blog\/#\/schema\/person\/image\/\",\"url\":\"https:\/\/www.freelance.de\/blog\/wp-content\/uploads\/2023\/03\/redaktionsteam-fl.png\",\"contentUrl\":\"https:\/\/www.freelance.de\/blog\/wp-content\/uploads\/2023\/03\/redaktionsteam-fl.png\",\"caption\":\"freelance.de Redaktion\"},\"description\":\"Unser Online-Redaktionsteam besteht aus aktuellen und ehemaligen Mitarbeiterinnen und Mitarbeitern von freelance.de sowie aus externen Expertinnen und Experten. Sie beherrschen nicht nur die Kunst mit Buchstaben und Worten zu jonglieren, sondern gehen stets die Extrameile, um relevante und aktuelle Themen f\u00fcr Freelancer aufzudecken und wertvolle Erfahrungen weiterzugeben.\",\"url\":\"https:\/\/www.freelance.de\/blog\/author\/freelanceteam\/\"},false]}<\/script>\n<!-- \/ Yoast SEO plugin. -->","yoast_head_json":{"title":"Arbeitnehmer\u00fcberlassungsgesetz (A\u00dcG) - Reform 2017 - freelance.de Blog","description":"Am 1. April 2017 tritt die \u00c4nderung des Arbeitnehmer\u00fcberlassungsgesetz (A\u00dcG) in Kraft. Ziel dieser Reform war es, der Scheindienstvertr\u00e4ge entgegenzuwirken.","robots":{"index":"index","follow":"follow","max-snippet":"max-snippet:-1","max-image-preview":"max-image-preview:large","max-video-preview":"max-video-preview:-1"},"canonical":"https:\/\/www.freelance.de\/blog\/aueg-reform-2017\/","og_locale":"de_DE","og_type":"article","og_title":"Arbeitnehmer\u00fcberlassungsgesetz (A\u00dcG) - Reform 2017 - freelance.de Blog","og_description":"Am 1. April 2017 tritt die \u00c4nderung des Arbeitnehmer\u00fcberlassungsgesetz (A\u00dcG) in Kraft. Ziel dieser Reform war es, der Scheindienstvertr\u00e4ge entgegenzuwirken.","og_url":"https:\/\/www.freelance.de\/blog\/aueg-reform-2017\/","og_site_name":"freelance.de Blog","article_publisher":"http:\/\/www.facebook.com\/Freelance.de","article_published_time":"2017-03-31T06:28:21+00:00","article_modified_time":"2023-12-12T10:05:41+00:00","og_image":[{"width":1150,"height":537,"url":"https:\/\/www.freelance.de\/blog\/wp-content\/uploads\/2017\/03\/aug_1150.jpg","type":"image\/jpeg"}],"author":"freelance.de Redaktion","twitter_card":"summary_large_image","twitter_creator":"@freelanceDE","twitter_site":"@freelanceDE","twitter_misc":{"Verfasst von":"freelance.de Redaktion","Gesch\u00e4tzte Lesezeit":"4\u00a0Minuten"},"schema":{"@context":"https:\/\/schema.org","@graph":[{"@type":"Article","@id":"https:\/\/www.freelance.de\/blog\/aueg-reform-2017\/#article","isPartOf":{"@id":"https:\/\/www.freelance.de\/blog\/aueg-reform-2017\/"},"author":{"name":"freelance.de Redaktion","@id":"https:\/\/www.freelance.de\/blog\/#\/schema\/person\/10ac6084b3aa712e4d50188709639844"},"headline":"Arbeitnehmer\u00fcberlassungsgesetz (A\u00dcG) &#8211; Reform 2017","datePublished":"2017-03-31T06:28:21+00:00","dateModified":"2023-12-12T10:05:41+00:00","mainEntityOfPage":{"@id":"https:\/\/www.freelance.de\/blog\/aueg-reform-2017\/"},"wordCount":884,"commentCount":3,"publisher":{"@id":"https:\/\/www.freelance.de\/blog\/#organization"},"image":{"@id":"https:\/\/www.freelance.de\/blog\/aueg-reform-2017\/#primaryimage"},"thumbnailUrl":"https:\/\/www.freelance.de\/blog\/wp-content\/uploads\/2017\/03\/aug_1150.jpg","keywords":["Arbeitnehmer\u00fcberlassungsgesetz","A\u00dcG","Freelancer","Scheinselbstst\u00e4ndigkeit"],"articleSection":["Business Know-How"],"inLanguage":"de","potentialAction":[{"@type":"CommentAction","name":"Comment","target":["https:\/\/www.freelance.de\/blog\/aueg-reform-2017\/#respond"]}]},{"@type":"WebPage","@id":"https:\/\/www.freelance.de\/blog\/aueg-reform-2017\/","url":"https:\/\/www.freelance.de\/blog\/aueg-reform-2017\/","name":"Arbeitnehmer\u00fcberlassungsgesetz (A\u00dcG) - Reform 2017 - freelance.de Blog","isPartOf":{"@id":"https:\/\/www.freelance.de\/blog\/#website"},"primaryImageOfPage":{"@id":"https:\/\/www.freelance.de\/blog\/aueg-reform-2017\/#primaryimage"},"image":{"@id":"https:\/\/www.freelance.de\/blog\/aueg-reform-2017\/#primaryimage"},"thumbnailUrl":"https:\/\/www.freelance.de\/blog\/wp-content\/uploads\/2017\/03\/aug_1150.jpg","datePublished":"2017-03-31T06:28:21+00:00","dateModified":"2023-12-12T10:05:41+00:00","description":"Am 1. April 2017 tritt die \u00c4nderung des Arbeitnehmer\u00fcberlassungsgesetz (A\u00dcG) in Kraft. Ziel dieser Reform war es, der Scheindienstvertr\u00e4ge entgegenzuwirken.","breadcrumb":{"@id":"https:\/\/www.freelance.de\/blog\/aueg-reform-2017\/#breadcrumb"},"inLanguage":"de","potentialAction":[{"@type":"ReadAction","target":["https:\/\/www.freelance.de\/blog\/aueg-reform-2017\/"]}]},{"@type":"ImageObject","inLanguage":"de","@id":"https:\/\/www.freelance.de\/blog\/aueg-reform-2017\/#primaryimage","url":"https:\/\/www.freelance.de\/blog\/wp-content\/uploads\/2017\/03\/aug_1150.jpg","contentUrl":"https:\/\/www.freelance.de\/blog\/wp-content\/uploads\/2017\/03\/aug_1150.jpg","width":1150,"height":537},{"@type":"BreadcrumbList","@id":"https:\/\/www.freelance.de\/blog\/aueg-reform-2017\/#breadcrumb","itemListElement":[{"@type":"ListItem","position":1,"name":"Home","item":"https:\/\/www.freelance.de\/blog\/"},{"@type":"ListItem","position":2,"name":"Arbeitnehmer\u00fcberlassungsgesetz (A\u00dcG) &#8211; Reform 2017"}]},{"@type":"WebSite","@id":"https:\/\/www.freelance.de\/blog\/#website","url":"https:\/\/www.freelance.de\/blog\/","name":"freelance.de Blog","description":"Alles zum Thema Freelancing","publisher":{"@id":"https:\/\/www.freelance.de\/blog\/#organization"},"potentialAction":[{"@type":"SearchAction","target":{"@type":"EntryPoint","urlTemplate":"https:\/\/www.freelance.de\/blog\/?s={search_term_string}"},"query-input":{"@type":"PropertyValueSpecification","valueRequired":true,"valueName":"search_term_string"}}],"inLanguage":"de"},{"@type":"Organization","@id":"https:\/\/www.freelance.de\/blog\/#organization","name":"freelance.de","alternateName":"freelance.de","url":"https:\/\/www.freelance.de\/blog\/","logo":{"@type":"ImageObject","inLanguage":"de","@id":"https:\/\/www.freelance.de\/blog\/#\/schema\/logo\/image\/","url":"https:\/\/www.freelance.de\/blog\/wp-content\/uploads\/2023\/03\/230315_freelance-de_BLOGLOGO.png","contentUrl":"https:\/\/www.freelance.de\/blog\/wp-content\/uploads\/2023\/03\/230315_freelance-de_BLOGLOGO.png","width":1746,"height":411,"caption":"freelance.de"},"image":{"@id":"https:\/\/www.freelance.de\/blog\/#\/schema\/logo\/image\/"},"sameAs":["http:\/\/www.facebook.com\/Freelance.de","https:\/\/x.com\/freelanceDE"]},{"@type":"Person","@id":"https:\/\/www.freelance.de\/blog\/#\/schema\/person\/10ac6084b3aa712e4d50188709639844","name":"freelance.de Redaktion","image":{"@type":"ImageObject","inLanguage":"de","@id":"https:\/\/www.freelance.de\/blog\/#\/schema\/person\/image\/","url":"https:\/\/www.freelance.de\/blog\/wp-content\/uploads\/2023\/03\/redaktionsteam-fl.png","contentUrl":"https:\/\/www.freelance.de\/blog\/wp-content\/uploads\/2023\/03\/redaktionsteam-fl.png","caption":"freelance.de Redaktion"},"description":"Unser Online-Redaktionsteam besteht aus aktuellen und ehemaligen Mitarbeiterinnen und Mitarbeitern von freelance.de sowie aus externen Expertinnen und Experten. Sie beherrschen nicht nur die Kunst mit Buchstaben und Worten zu jonglieren, sondern gehen stets die Extrameile, um relevante und aktuelle Themen f\u00fcr Freelancer aufzudecken und wertvolle Erfahrungen weiterzugeben.","url":"https:\/\/www.freelance.de\/blog\/author\/freelanceteam\/"},false]}},"_links":{"self":[{"href":"https:\/\/www.freelance.de\/blog\/wp-json\/wp\/v2\/posts\/10793","targetHints":{"allow":["GET"]}}],"collection":[{"href":"https:\/\/www.freelance.de\/blog\/wp-json\/wp\/v2\/posts"}],"about":[{"href":"https:\/\/www.freelance.de\/blog\/wp-json\/wp\/v2\/types\/post"}],"author":[{"embeddable":true,"href":"https:\/\/www.freelance.de\/blog\/wp-json\/wp\/v2\/users\/39"}],"replies":[{"embeddable":true,"href":"https:\/\/www.freelance.de\/blog\/wp-json\/wp\/v2\/comments?post=10793"}],"version-history":[{"count":7,"href":"https:\/\/www.freelance.de\/blog\/wp-json\/wp\/v2\/posts\/10793\/revisions"}],"predecessor-version":[{"id":17539,"href":"https:\/\/www.freelance.de\/blog\/wp-json\/wp\/v2\/posts\/10793\/revisions\/17539"}],"wp:featuredmedia":[{"embeddable":true,"href":"https:\/\/www.freelance.de\/blog\/wp-json\/wp\/v2\/media\/10801"}],"wp:attachment":[{"href":"https:\/\/www.freelance.de\/blog\/wp-json\/wp\/v2\/media?parent=10793"}],"wp:term":[{"taxonomy":"category","embeddable":true,"href":"https:\/\/www.freelance.de\/blog\/wp-json\/wp\/v2\/categories?post=10793"},{"taxonomy":"post_tag","embeddable":true,"href":"https:\/\/www.freelance.de\/blog\/wp-json\/wp\/v2\/tags?post=10793"}],"curies":[{"name":"wp","href":"https:\/\/api.w.org\/{rel}","templated":true}]}}