{"id":12501,"date":"2019-06-26T11:30:26","date_gmt":"2019-06-26T09:30:26","guid":{"rendered":"https:\/\/www.freelance.de\/blog\/?p=12501"},"modified":"2023-12-12T10:07:26","modified_gmt":"2023-12-12T09:07:26","slug":"arbeiten-im-sommer-leichter-gemacht","status":"publish","type":"post","link":"https:\/\/www.freelance.de\/blog\/arbeiten-im-sommer-leichter-gemacht\/","title":{"rendered":"Es ist Sommer und Sie arbeiten trotzdem? So machen wir uns die Arbeit angenehmer"},"content":{"rendered":"<p>Die U-Bahnen sind wie leer gefegt. Es gibt sogar um 9 Uhr morgens noch Parkpl\u00e4tze, wo man sich normalerweise um 7 Uhr schon mit dem Rivalen um den letzten freien Stellplatz duellieren muss. Und die Fahrradfahrer sind nun nicht mehr im Anzug oder Bluse unterwegs, sondern daf\u00fcr mit Kind und Kegel. Kurzum: Die Urlaubszeit steht unmittelbar vor der T\u00fcr und die Sommerferien brechen auch bald an. Alle au\u00dfer Ihnen, mir, einigen Kollegen und anderen schwerarbeitenden Menschen, die an dieser Stelle eine kleine bis mittelgro\u00dfe Portion Trost verdient h\u00e4tten, fahren in den Urlaub. Aber hilft ja nichts \u2013 deswegen frisch voran. Und so geht\u2019s ein bisschen leichter:<\/p>\n<h3>Die richtige Atmosph\u00e4re<\/h3>\n<p>Wenn Sie schon nicht ans Meer und den Strand kommen, dann soll beides doch wenigstens zu Ihnen. Wie w\u00e4re es mit einem sch\u00f6nen Bild oder Poster, das Sie an den letzten Urlaub erinnert (aber bitte nicht zu sehr, sonst wird es wiederum ganz sch\u00f6n schwierig, nicht vollends abzudriften)? Oder, wenn Sie der Typ Musikh\u00f6rer bei der Arbeit sind, mit der entsprechenden Strandhitsplaylist?<\/p>\n<p><img loading=\"lazy\" decoding=\"async\" class=\"size-medium wp-image-14067 alignright\" src=\"https:\/\/www.freelance.de\/blog\/wp-content\/uploads\/2019\/06\/beard-2326422_1280-300x200.jpg\" alt=\"Sommer Freelancer\" width=\"300\" height=\"200\" srcset=\"https:\/\/www.freelance.de\/blog\/wp-content\/uploads\/2019\/06\/beard-2326422_1280-300x200.jpg 300w, https:\/\/www.freelance.de\/blog\/wp-content\/uploads\/2019\/06\/beard-2326422_1280-768x512.jpg 768w, https:\/\/www.freelance.de\/blog\/wp-content\/uploads\/2019\/06\/beard-2326422_1280-1024x683.jpg 1024w, https:\/\/www.freelance.de\/blog\/wp-content\/uploads\/2019\/06\/beard-2326422_1280-150x100.jpg 150w, https:\/\/www.freelance.de\/blog\/wp-content\/uploads\/2019\/06\/beard-2326422_1280-1120x747.jpg 1120w, https:\/\/www.freelance.de\/blog\/wp-content\/uploads\/2019\/06\/beard-2326422_1280.jpg 1280w\" sizes=\"auto, (max-width: 300px) 100vw, 300px\" \/><\/p>\n<p>Wenn Sie von <a href=\"https:\/\/www.freelance.de\/blog\/home-office-fluch-segen\/\" target=\"_blank\" rel=\"noopener noreferrer\">Zuhause aus arbeiten<\/a>, k\u00f6nnten Sie doch auch ein Planschbecken aufstellen und sich dann und wann eine kleine Pause darin g\u00f6nnen. Da gibt es die <a href=\"https:\/\/www.freelance.de\/blog\/hitze-kuehler-kopf-beim-arbeiten\/\" target=\"_blank\" rel=\"noopener noreferrer\">passende Abk\u00fchlung\u00a0gleich inklusive<\/a>. Machen Sie sich Ihren Sommer so sch\u00f6n, wie m\u00f6glich. Egal ob im Home-Office oder im B\u00fcro. Denn um diese Jahreszeit und bei dem Wetter hat doch jeder Verst\u00e4ndnis f\u00fcr ein etwas entspannteres Arbeiten.<\/p>\n<h3>Pause am Stiel: Das Eis zwischendurch<\/h3>\n<p><img loading=\"lazy\" decoding=\"async\" class=\"alignleft wp-image-12503 size-medium\" src=\"https:\/\/www.freelance.de\/blog\/wp-content\/uploads\/2018\/07\/arbeiten-im-sommer-2-Copy-300x169.jpg\" alt=\"sommer und wir arbeiten trotzdem\" width=\"300\" height=\"169\" srcset=\"https:\/\/www.freelance.de\/blog\/wp-content\/uploads\/2018\/07\/arbeiten-im-sommer-2-Copy-300x169.jpg 300w, https:\/\/www.freelance.de\/blog\/wp-content\/uploads\/2018\/07\/arbeiten-im-sommer-2-Copy-768x432.jpg 768w, https:\/\/www.freelance.de\/blog\/wp-content\/uploads\/2018\/07\/arbeiten-im-sommer-2-Copy-150x84.jpg 150w, https:\/\/www.freelance.de\/blog\/wp-content\/uploads\/2018\/07\/arbeiten-im-sommer-2-Copy.jpg 820w\" sizes=\"auto, (max-width: 300px) 100vw, 300px\" \/>Zur richtigen Atmosph\u00e4re geh\u00f6ren auch das passende Essen und die richtigen Getr\u00e4nke. Machen Sie es doch wie wir: Ob gemeinsames Eisessen oder die letzten Erdbeeren der Saison Testen \u2013 mehrere, mit guten Snacks gef\u00fcllte Pausen entzerren den Tag und verhelfen auch uns zu ein bisschen Urlaubsfeeling. Und mal ehrlich, bei der Hitze kann sowieso niemand durchg\u00e4ngig konzentriert arbeiten. Den Strandcocktail ersetzen wir uns einfach durch Eistee oder Wasser mit Fr\u00fcchten der Saison (das sieht n\u00e4mlich noch dazu sehr sch\u00f6n aus) \u2013 und f\u00fcr die ganz Ambitionierten unter uns noch mit Schirmchen. Nat\u00fcrlich ohne Alkohol. Aber der w\u00e4re ja auch am Strand in der Sonne nicht zu empfehlen, sagt man sich.<\/p>\n<h3>Die Ruhe genie\u00dfen<\/h3>\n<p>Im Sommer, gerade zur Ferienzeit, sind viele Leute nicht beim Arbeiten. Sehr viele. Da kann man schon mal neidisch werden. Oder die positiven Seiten sehen. Denn in vielen Unternehmen ist zur Zeit eher tote Hose, wie man so sch\u00f6n sagt. Alle sind etwas entspannter, es gibt weniger harte Deadlines, weil sowieso immer irgendwer nicht da ist, und die Telefone stehen h\u00e4ufiger still. Diese Ruhe haben Sie sonst nur zur Weihnachtszeit. Dadurch kommen Sie zu viel mehr: Sie k\u00f6nnen oftmals ungest\u00f6rt arbeiten oder liegengebliebene Aufgaben, zu denen Sie sonst partout nicht kommen, angehen. So sind Sie h\u00e4ufig produktiver als sonst im allt\u00e4glichen (Kommunikations-)Stress. Was uns wiederum ebenjene Pausen in erh\u00f6hter Frequenz bringt, in denen wir dann Zeit f\u00fcr die (noch) sch\u00f6n(er)en Dinge haben.<\/p>\n<h3>Die langen Abende<\/h3>\n<p>Der ganz entscheidende Vorteil am Sommer \u2013 neben der Tatsache, dass man sich keine Hundert Schichten Klamotten anziehen muss \u2013 ist doch, dass es abends lange hell ist. Wenn man also am (vielleicht nicht ganz so sp\u00e4ten) Nachmittag mit der Arbeit fertig wird, ist der Tag noch lange nicht vorbei. Schwimmbad, Baggersee, Biergarten, Konzert, Open-Air-Kino, Outdoor-Sport \u2013 was die Urlauber k\u00f6nnen, k\u00f6nnen Sie auch. So ein Vorfreude-besetzter Termin am Abend <a href=\"https:\/\/www.freelance.de\/blog\/wie-motivation-zum-selbstlaeufer-wird\/\" target=\"_blank\" rel=\"noopener noreferrer\">erh\u00f6ht die Motivation<\/a>\u00a0und macht den Gedanken, dass gef\u00fchlt alle anderen nicht arbeiten m\u00fcssen, doch gleich etwas ertr\u00e4glicher.<\/p>\n<h3>Der tr\u00f6stende Gedanke<\/h3>\n<p>Und zu guter Letzt noch ein Lichtblick: Nur weil Sie jetzt keinen Urlaub machen \u2013 mitten im Sommer, wo alles teurer und \u00fcberlaufen und sowieso viel zu hei\u00df ist \u2013, hei\u00dft das ja nicht, dass Sie gar keinen haben werden. Tr\u00f6sten wir uns also lieber mit dem Gedanken, dass wir dann eben wann anders Ferien machen. Wenn es bei uns wettertechnisch eh nicht so sch\u00f6n w\u00e4re. Die Str\u00e4nde leer sind und die Fl\u00fcge g\u00fcnstiger. Also Kopf hoch \u2013 irgendwann sind wir auch dran. Und bis dahin, sehen wir einfach die Vorteile am ruhigeren Arbeiten im Sommer.<\/p>\n<div style='text-align:center' class='yasr-auto-insert-visitor'><\/div>","protected":false},"excerpt":{"rendered":"<p>Die U-Bahnen sind wie leer gefegt. Es gibt sogar um 9 Uhr morgens noch Parkpl\u00e4tze, wo man sich normalerweise um 7 Uhr schon mit&hellip;<\/p>\n","protected":false},"author":35,"featured_media":14067,"comment_status":"open","ping_status":"open","sticky":false,"template":"","format":"standard","meta":{"yasr_overall_rating":0,"yasr_post_is_review":"","yasr_auto_insert_disabled":"","yasr_review_type":"","footnotes":""},"categories":[851],"tags":[105,529,256],"class_list":["post-12501","post","type-post","status-publish","format-standard","has-post-thumbnail","hentry","category-tipps-freelancer","tag-freelancer","tag-sommer","tag-work-life-balance"],"acf":[],"yasr_visitor_votes":{"stars_attributes":{"read_only":false,"span_bottom":false},"number_of_votes":0,"sum_votes":0},"yoast_head":"<!-- This site is optimized with the Yoast SEO plugin v26.8 - https:\/\/yoast.com\/product\/yoast-seo-wordpress\/ -->\n<title>Es ist Sommer und Sie arbeiten? So machen wir uns die Arbeit ertr\u00e4glicher<\/title>\n<meta name=\"description\" content=\"Wir haben verstanden: Die meisten sind in ihrem wohlverdienten Sommer-Urlaub. Wie wir uns die Arbeit jetzt trotzdem (einigerma\u00dfen) angenehm gestalten:\" \/>\n<meta name=\"robots\" content=\"index, follow, max-snippet:-1, max-image-preview:large, max-video-preview:-1\" \/>\n<link rel=\"canonical\" href=\"https:\/\/www.freelance.de\/blog\/arbeiten-im-sommer-leichter-gemacht\/\" \/>\n<meta property=\"og:locale\" content=\"de_DE\" \/>\n<meta property=\"og:type\" content=\"article\" \/>\n<meta property=\"og:title\" content=\"Es ist Sommer und Sie arbeiten? So machen wir uns die Arbeit ertr\u00e4glicher\" \/>\n<meta property=\"og:description\" content=\"Wir haben verstanden: Die meisten sind in ihrem wohlverdienten Sommer-Urlaub. Wie wir uns die Arbeit jetzt trotzdem (einigerma\u00dfen) angenehm gestalten:\" \/>\n<meta property=\"og:url\" content=\"https:\/\/www.freelance.de\/blog\/arbeiten-im-sommer-leichter-gemacht\/\" \/>\n<meta property=\"og:site_name\" content=\"freelance.de Blog\" \/>\n<meta property=\"article:publisher\" content=\"http:\/\/www.facebook.com\/Freelance.de\" \/>\n<meta property=\"article:published_time\" content=\"2019-06-26T09:30:26+00:00\" \/>\n<meta property=\"article:modified_time\" content=\"2023-12-12T09:07:26+00:00\" \/>\n<meta property=\"og:image\" content=\"https:\/\/www.freelance.de\/blog\/wp-content\/uploads\/2019\/06\/beard-2326422_1280.jpg\" \/>\n\t<meta property=\"og:image:width\" content=\"1280\" \/>\n\t<meta property=\"og:image:height\" content=\"854\" \/>\n\t<meta property=\"og:image:type\" content=\"image\/jpeg\" \/>\n<meta name=\"author\" content=\"Miriam Kubiczek\" \/>\n<meta name=\"twitter:card\" content=\"summary_large_image\" \/>\n<meta name=\"twitter:creator\" content=\"@freelanceDE\" \/>\n<meta name=\"twitter:site\" content=\"@freelanceDE\" \/>\n<meta name=\"twitter:label1\" content=\"Verfasst von\" \/>\n\t<meta name=\"twitter:data1\" content=\"Miriam Kubiczek\" \/>\n\t<meta name=\"twitter:label2\" content=\"Gesch\u00e4tzte Lesezeit\" \/>\n\t<meta name=\"twitter:data2\" content=\"4\u00a0Minuten\" \/>\n<script type=\"application\/ld+json\" class=\"yoast-schema-graph\">{\"@context\":\"https:\/\/schema.org\",\"@graph\":[{\"@type\":\"Article\",\"@id\":\"https:\/\/www.freelance.de\/blog\/arbeiten-im-sommer-leichter-gemacht\/#article\",\"isPartOf\":{\"@id\":\"https:\/\/www.freelance.de\/blog\/arbeiten-im-sommer-leichter-gemacht\/\"},\"author\":{\"name\":\"Miriam Kubiczek\",\"@id\":\"https:\/\/www.freelance.de\/blog\/#\/schema\/person\/d26efeb37de2f453823bcdbd16c3cfcf\"},\"headline\":\"Es ist Sommer und Sie arbeiten trotzdem? So machen wir uns die Arbeit angenehmer\",\"datePublished\":\"2019-06-26T09:30:26+00:00\",\"dateModified\":\"2023-12-12T09:07:26+00:00\",\"mainEntityOfPage\":{\"@id\":\"https:\/\/www.freelance.de\/blog\/arbeiten-im-sommer-leichter-gemacht\/\"},\"wordCount\":728,\"commentCount\":0,\"publisher\":{\"@id\":\"https:\/\/www.freelance.de\/blog\/#organization\"},\"image\":{\"@id\":\"https:\/\/www.freelance.de\/blog\/arbeiten-im-sommer-leichter-gemacht\/#primaryimage\"},\"thumbnailUrl\":\"https:\/\/www.freelance.de\/blog\/wp-content\/uploads\/2019\/06\/beard-2326422_1280.jpg\",\"keywords\":[\"Freelancer\",\"Sommer\",\"Work-Life-Balance\"],\"articleSection\":[\"Tipps f\u00fcr Freelancer\"],\"inLanguage\":\"de\",\"potentialAction\":[{\"@type\":\"CommentAction\",\"name\":\"Comment\",\"target\":[\"https:\/\/www.freelance.de\/blog\/arbeiten-im-sommer-leichter-gemacht\/#respond\"]}]},{\"@type\":\"WebPage\",\"@id\":\"https:\/\/www.freelance.de\/blog\/arbeiten-im-sommer-leichter-gemacht\/\",\"url\":\"https:\/\/www.freelance.de\/blog\/arbeiten-im-sommer-leichter-gemacht\/\",\"name\":\"Es ist Sommer und Sie arbeiten? So machen wir uns die Arbeit ertr\u00e4glicher\",\"isPartOf\":{\"@id\":\"https:\/\/www.freelance.de\/blog\/#website\"},\"primaryImageOfPage\":{\"@id\":\"https:\/\/www.freelance.de\/blog\/arbeiten-im-sommer-leichter-gemacht\/#primaryimage\"},\"image\":{\"@id\":\"https:\/\/www.freelance.de\/blog\/arbeiten-im-sommer-leichter-gemacht\/#primaryimage\"},\"thumbnailUrl\":\"https:\/\/www.freelance.de\/blog\/wp-content\/uploads\/2019\/06\/beard-2326422_1280.jpg\",\"datePublished\":\"2019-06-26T09:30:26+00:00\",\"dateModified\":\"2023-12-12T09:07:26+00:00\",\"description\":\"Wir haben verstanden: Die meisten sind in ihrem wohlverdienten Sommer-Urlaub. Wie wir uns die Arbeit jetzt trotzdem (einigerma\u00dfen) angenehm gestalten:\",\"breadcrumb\":{\"@id\":\"https:\/\/www.freelance.de\/blog\/arbeiten-im-sommer-leichter-gemacht\/#breadcrumb\"},\"inLanguage\":\"de\",\"potentialAction\":[{\"@type\":\"ReadAction\",\"target\":[\"https:\/\/www.freelance.de\/blog\/arbeiten-im-sommer-leichter-gemacht\/\"]}]},{\"@type\":\"ImageObject\",\"inLanguage\":\"de\",\"@id\":\"https:\/\/www.freelance.de\/blog\/arbeiten-im-sommer-leichter-gemacht\/#primaryimage\",\"url\":\"https:\/\/www.freelance.de\/blog\/wp-content\/uploads\/2019\/06\/beard-2326422_1280.jpg\",\"contentUrl\":\"https:\/\/www.freelance.de\/blog\/wp-content\/uploads\/2019\/06\/beard-2326422_1280.jpg\",\"width\":1280,\"height\":854,\"caption\":\"Tipps produktiver Morgen\"},{\"@type\":\"BreadcrumbList\",\"@id\":\"https:\/\/www.freelance.de\/blog\/arbeiten-im-sommer-leichter-gemacht\/#breadcrumb\",\"itemListElement\":[{\"@type\":\"ListItem\",\"position\":1,\"name\":\"Home\",\"item\":\"https:\/\/www.freelance.de\/blog\/\"},{\"@type\":\"ListItem\",\"position\":2,\"name\":\"Es ist Sommer und Sie arbeiten trotzdem? So machen wir uns die Arbeit angenehmer\"}]},{\"@type\":\"WebSite\",\"@id\":\"https:\/\/www.freelance.de\/blog\/#website\",\"url\":\"https:\/\/www.freelance.de\/blog\/\",\"name\":\"freelance.de Blog\",\"description\":\"Alles zum Thema Freelancing\",\"publisher\":{\"@id\":\"https:\/\/www.freelance.de\/blog\/#organization\"},\"potentialAction\":[{\"@type\":\"SearchAction\",\"target\":{\"@type\":\"EntryPoint\",\"urlTemplate\":\"https:\/\/www.freelance.de\/blog\/?s={search_term_string}\"},\"query-input\":{\"@type\":\"PropertyValueSpecification\",\"valueRequired\":true,\"valueName\":\"search_term_string\"}}],\"inLanguage\":\"de\"},{\"@type\":\"Organization\",\"@id\":\"https:\/\/www.freelance.de\/blog\/#organization\",\"name\":\"freelance.de\",\"alternateName\":\"freelance.de\",\"url\":\"https:\/\/www.freelance.de\/blog\/\",\"logo\":{\"@type\":\"ImageObject\",\"inLanguage\":\"de\",\"@id\":\"https:\/\/www.freelance.de\/blog\/#\/schema\/logo\/image\/\",\"url\":\"https:\/\/www.freelance.de\/blog\/wp-content\/uploads\/2023\/03\/230315_freelance-de_BLOGLOGO.png\",\"contentUrl\":\"https:\/\/www.freelance.de\/blog\/wp-content\/uploads\/2023\/03\/230315_freelance-de_BLOGLOGO.png\",\"width\":1746,\"height\":411,\"caption\":\"freelance.de\"},\"image\":{\"@id\":\"https:\/\/www.freelance.de\/blog\/#\/schema\/logo\/image\/\"},\"sameAs\":[\"http:\/\/www.facebook.com\/Freelance.de\",\"https:\/\/x.com\/freelanceDE\"]},{\"@type\":\"Person\",\"@id\":\"https:\/\/www.freelance.de\/blog\/#\/schema\/person\/d26efeb37de2f453823bcdbd16c3cfcf\",\"name\":\"Miriam Kubiczek\",\"image\":{\"@type\":\"ImageObject\",\"inLanguage\":\"de\",\"@id\":\"https:\/\/www.freelance.de\/blog\/#\/schema\/person\/image\/\",\"url\":\"https:\/\/www.freelance.de\/blog\/wp-content\/uploads\/2019\/06\/IMG_9479-120x90.jpg\",\"contentUrl\":\"https:\/\/www.freelance.de\/blog\/wp-content\/uploads\/2019\/06\/IMG_9479-120x90.jpg\",\"caption\":\"Miriam Kubiczek\"},\"description\":\"Miriam ist seit April 2019 bei freelance.de und unterst\u00fctzt uns im Marketing Team. Sie ist duale Studentin an der IUBH, bei der sie sich Wissen im Marketing Management aneignet.\",\"url\":\"https:\/\/www.freelance.de\/blog\/author\/miriam\/\"},false]}<\/script>\n<!-- \/ Yoast SEO plugin. -->","yoast_head_json":{"title":"Es ist Sommer und Sie arbeiten? So machen wir uns die Arbeit ertr\u00e4glicher","description":"Wir haben verstanden: Die meisten sind in ihrem wohlverdienten Sommer-Urlaub. Wie wir uns die Arbeit jetzt trotzdem (einigerma\u00dfen) angenehm gestalten:","robots":{"index":"index","follow":"follow","max-snippet":"max-snippet:-1","max-image-preview":"max-image-preview:large","max-video-preview":"max-video-preview:-1"},"canonical":"https:\/\/www.freelance.de\/blog\/arbeiten-im-sommer-leichter-gemacht\/","og_locale":"de_DE","og_type":"article","og_title":"Es ist Sommer und Sie arbeiten? So machen wir uns die Arbeit ertr\u00e4glicher","og_description":"Wir haben verstanden: Die meisten sind in ihrem wohlverdienten Sommer-Urlaub. Wie wir uns die Arbeit jetzt trotzdem (einigerma\u00dfen) angenehm gestalten:","og_url":"https:\/\/www.freelance.de\/blog\/arbeiten-im-sommer-leichter-gemacht\/","og_site_name":"freelance.de Blog","article_publisher":"http:\/\/www.facebook.com\/Freelance.de","article_published_time":"2019-06-26T09:30:26+00:00","article_modified_time":"2023-12-12T09:07:26+00:00","og_image":[{"width":1280,"height":854,"url":"https:\/\/www.freelance.de\/blog\/wp-content\/uploads\/2019\/06\/beard-2326422_1280.jpg","type":"image\/jpeg"}],"author":"Miriam Kubiczek","twitter_card":"summary_large_image","twitter_creator":"@freelanceDE","twitter_site":"@freelanceDE","twitter_misc":{"Verfasst von":"Miriam Kubiczek","Gesch\u00e4tzte Lesezeit":"4\u00a0Minuten"},"schema":{"@context":"https:\/\/schema.org","@graph":[{"@type":"Article","@id":"https:\/\/www.freelance.de\/blog\/arbeiten-im-sommer-leichter-gemacht\/#article","isPartOf":{"@id":"https:\/\/www.freelance.de\/blog\/arbeiten-im-sommer-leichter-gemacht\/"},"author":{"name":"Miriam Kubiczek","@id":"https:\/\/www.freelance.de\/blog\/#\/schema\/person\/d26efeb37de2f453823bcdbd16c3cfcf"},"headline":"Es ist Sommer und Sie arbeiten trotzdem? So machen wir uns die Arbeit angenehmer","datePublished":"2019-06-26T09:30:26+00:00","dateModified":"2023-12-12T09:07:26+00:00","mainEntityOfPage":{"@id":"https:\/\/www.freelance.de\/blog\/arbeiten-im-sommer-leichter-gemacht\/"},"wordCount":728,"commentCount":0,"publisher":{"@id":"https:\/\/www.freelance.de\/blog\/#organization"},"image":{"@id":"https:\/\/www.freelance.de\/blog\/arbeiten-im-sommer-leichter-gemacht\/#primaryimage"},"thumbnailUrl":"https:\/\/www.freelance.de\/blog\/wp-content\/uploads\/2019\/06\/beard-2326422_1280.jpg","keywords":["Freelancer","Sommer","Work-Life-Balance"],"articleSection":["Tipps f\u00fcr Freelancer"],"inLanguage":"de","potentialAction":[{"@type":"CommentAction","name":"Comment","target":["https:\/\/www.freelance.de\/blog\/arbeiten-im-sommer-leichter-gemacht\/#respond"]}]},{"@type":"WebPage","@id":"https:\/\/www.freelance.de\/blog\/arbeiten-im-sommer-leichter-gemacht\/","url":"https:\/\/www.freelance.de\/blog\/arbeiten-im-sommer-leichter-gemacht\/","name":"Es ist Sommer und Sie arbeiten? So machen wir uns die Arbeit ertr\u00e4glicher","isPartOf":{"@id":"https:\/\/www.freelance.de\/blog\/#website"},"primaryImageOfPage":{"@id":"https:\/\/www.freelance.de\/blog\/arbeiten-im-sommer-leichter-gemacht\/#primaryimage"},"image":{"@id":"https:\/\/www.freelance.de\/blog\/arbeiten-im-sommer-leichter-gemacht\/#primaryimage"},"thumbnailUrl":"https:\/\/www.freelance.de\/blog\/wp-content\/uploads\/2019\/06\/beard-2326422_1280.jpg","datePublished":"2019-06-26T09:30:26+00:00","dateModified":"2023-12-12T09:07:26+00:00","description":"Wir haben verstanden: Die meisten sind in ihrem wohlverdienten Sommer-Urlaub. Wie wir uns die Arbeit jetzt trotzdem (einigerma\u00dfen) angenehm gestalten:","breadcrumb":{"@id":"https:\/\/www.freelance.de\/blog\/arbeiten-im-sommer-leichter-gemacht\/#breadcrumb"},"inLanguage":"de","potentialAction":[{"@type":"ReadAction","target":["https:\/\/www.freelance.de\/blog\/arbeiten-im-sommer-leichter-gemacht\/"]}]},{"@type":"ImageObject","inLanguage":"de","@id":"https:\/\/www.freelance.de\/blog\/arbeiten-im-sommer-leichter-gemacht\/#primaryimage","url":"https:\/\/www.freelance.de\/blog\/wp-content\/uploads\/2019\/06\/beard-2326422_1280.jpg","contentUrl":"https:\/\/www.freelance.de\/blog\/wp-content\/uploads\/2019\/06\/beard-2326422_1280.jpg","width":1280,"height":854,"caption":"Tipps produktiver Morgen"},{"@type":"BreadcrumbList","@id":"https:\/\/www.freelance.de\/blog\/arbeiten-im-sommer-leichter-gemacht\/#breadcrumb","itemListElement":[{"@type":"ListItem","position":1,"name":"Home","item":"https:\/\/www.freelance.de\/blog\/"},{"@type":"ListItem","position":2,"name":"Es ist Sommer und Sie arbeiten trotzdem? So machen wir uns die Arbeit angenehmer"}]},{"@type":"WebSite","@id":"https:\/\/www.freelance.de\/blog\/#website","url":"https:\/\/www.freelance.de\/blog\/","name":"freelance.de Blog","description":"Alles zum Thema Freelancing","publisher":{"@id":"https:\/\/www.freelance.de\/blog\/#organization"},"potentialAction":[{"@type":"SearchAction","target":{"@type":"EntryPoint","urlTemplate":"https:\/\/www.freelance.de\/blog\/?s={search_term_string}"},"query-input":{"@type":"PropertyValueSpecification","valueRequired":true,"valueName":"search_term_string"}}],"inLanguage":"de"},{"@type":"Organization","@id":"https:\/\/www.freelance.de\/blog\/#organization","name":"freelance.de","alternateName":"freelance.de","url":"https:\/\/www.freelance.de\/blog\/","logo":{"@type":"ImageObject","inLanguage":"de","@id":"https:\/\/www.freelance.de\/blog\/#\/schema\/logo\/image\/","url":"https:\/\/www.freelance.de\/blog\/wp-content\/uploads\/2023\/03\/230315_freelance-de_BLOGLOGO.png","contentUrl":"https:\/\/www.freelance.de\/blog\/wp-content\/uploads\/2023\/03\/230315_freelance-de_BLOGLOGO.png","width":1746,"height":411,"caption":"freelance.de"},"image":{"@id":"https:\/\/www.freelance.de\/blog\/#\/schema\/logo\/image\/"},"sameAs":["http:\/\/www.facebook.com\/Freelance.de","https:\/\/x.com\/freelanceDE"]},{"@type":"Person","@id":"https:\/\/www.freelance.de\/blog\/#\/schema\/person\/d26efeb37de2f453823bcdbd16c3cfcf","name":"Miriam Kubiczek","image":{"@type":"ImageObject","inLanguage":"de","@id":"https:\/\/www.freelance.de\/blog\/#\/schema\/person\/image\/","url":"https:\/\/www.freelance.de\/blog\/wp-content\/uploads\/2019\/06\/IMG_9479-120x90.jpg","contentUrl":"https:\/\/www.freelance.de\/blog\/wp-content\/uploads\/2019\/06\/IMG_9479-120x90.jpg","caption":"Miriam Kubiczek"},"description":"Miriam ist seit April 2019 bei freelance.de und unterst\u00fctzt uns im Marketing Team. Sie ist duale Studentin an der IUBH, bei der sie sich Wissen im Marketing Management aneignet.","url":"https:\/\/www.freelance.de\/blog\/author\/miriam\/"},false]}},"_links":{"self":[{"href":"https:\/\/www.freelance.de\/blog\/wp-json\/wp\/v2\/posts\/12501","targetHints":{"allow":["GET"]}}],"collection":[{"href":"https:\/\/www.freelance.de\/blog\/wp-json\/wp\/v2\/posts"}],"about":[{"href":"https:\/\/www.freelance.de\/blog\/wp-json\/wp\/v2\/types\/post"}],"author":[{"embeddable":true,"href":"https:\/\/www.freelance.de\/blog\/wp-json\/wp\/v2\/users\/35"}],"replies":[{"embeddable":true,"href":"https:\/\/www.freelance.de\/blog\/wp-json\/wp\/v2\/comments?post=12501"}],"version-history":[{"count":9,"href":"https:\/\/www.freelance.de\/blog\/wp-json\/wp\/v2\/posts\/12501\/revisions"}],"predecessor-version":[{"id":14069,"href":"https:\/\/www.freelance.de\/blog\/wp-json\/wp\/v2\/posts\/12501\/revisions\/14069"}],"wp:featuredmedia":[{"embeddable":true,"href":"https:\/\/www.freelance.de\/blog\/wp-json\/wp\/v2\/media\/14067"}],"wp:attachment":[{"href":"https:\/\/www.freelance.de\/blog\/wp-json\/wp\/v2\/media?parent=12501"}],"wp:term":[{"taxonomy":"category","embeddable":true,"href":"https:\/\/www.freelance.de\/blog\/wp-json\/wp\/v2\/categories?post=12501"},{"taxonomy":"post_tag","embeddable":true,"href":"https:\/\/www.freelance.de\/blog\/wp-json\/wp\/v2\/tags?post=12501"}],"curies":[{"name":"wp","href":"https:\/\/api.w.org\/{rel}","templated":true}]}}