{"id":14270,"date":"2019-08-08T10:00:02","date_gmt":"2019-08-08T08:00:02","guid":{"rendered":"https:\/\/www.freelance.de\/blog\/?p=14270"},"modified":"2023-08-01T11:56:55","modified_gmt":"2023-08-01T09:56:55","slug":"interview-fuehrungskraeftetraining","status":"publish","type":"post","link":"https:\/\/www.freelance.de\/blog\/interview-fuehrungskraeftetraining\/","title":{"rendered":"Coach f\u00fcr F\u00fchrungskr\u00e4ftetrainings: ein freelance.de Experte erz\u00e4hlt"},"content":{"rendered":"\n<p><\/p>\n\n\n\n<p>Nahezu jeder war in seinem Leben einmal angestellt und hat erlebt, wie es ist, einen Chef zu haben. Vielleicht hat man auch erlebt, wie es ist, wenn F\u00fchrungskr\u00e4fte nicht wissen, was sie tun.<\/p>\n\n\n\n<p>Aus diesem Grund gibt es Menschen, wie Herrn Cibach, der ausgebildeter Trainingsdesigner ist und Experte im Bereich F\u00fchrungskr\u00e4ftetraining. Ihm haben wir einige Fragen zu seinem Beruf gestellt.<\/p>\n\n\n\n<figure class=\"wp-block-image size-large\"><img loading=\"lazy\" decoding=\"async\" width=\"1024\" height=\"402\" src=\"https:\/\/www.freelance.de\/blog\/wp-content\/uploads\/2020\/02\/top_skills_interview.jpg\" alt=\"Interview Reihe\" class=\"wp-image-20384\" srcset=\"https:\/\/www.freelance.de\/blog\/wp-content\/uploads\/2020\/02\/top_skills_interview.jpg 1024w, https:\/\/www.freelance.de\/blog\/wp-content\/uploads\/2020\/02\/top_skills_interview-300x118.jpg 300w, https:\/\/www.freelance.de\/blog\/wp-content\/uploads\/2020\/02\/top_skills_interview-768x302.jpg 768w, https:\/\/www.freelance.de\/blog\/wp-content\/uploads\/2020\/02\/top_skills_interview-150x59.jpg 150w\" sizes=\"auto, (max-width: 1024px) 100vw, 1024px\" \/><\/figure>\n\n\n\n<hr class=\"wp-block-separator has-css-opacity\"\/>\n\n\n\n<h4 class=\"wp-block-heading has-text-align-left\"><strong>Herr Cibach, Sie sind seit einigen Jahren selbst\u00e4ndig als Experte f\u00fcr F\u00fchrungskr\u00e4ftetrainings.<br>Warum haben Sie sich f\u00fcr diese Laufbahn entschieden? <\/strong><\/h4>\n\n\n\n<p><\/p>\n\n\n\n<p>Ich war selbst F\u00fchrungskraft und hatte im Laufe meiner Karriere das gro\u00dfe Gl\u00fcck, durch Projekte in knapp zwanzig L\u00e4ndern arbeiten zu d\u00fcrfen. Dort habe ich die unterschiedlichsten F\u00fchrungssysteme und -Theorien kennengelernt. Und was mich am meisten erstaunt hat: Bei aller Unterschiedlichkeit und auch Gegens\u00e4tzlichkeit haben sie alle irgendwie funktioniert. Ich konnte mir jeweils das Beste heraussuchen und habe somit f\u00fcr nahezu jede Herausforderung im Bereich F\u00fchrung eine funktionierende L\u00f6sung selber kennengelernt. Und dieses Wissen m\u00f6chte ich an andere Menschen weitergeben.<\/p>\n\n\n\n<p>Es wird ja recht oft \u00fcber F\u00fchrungskr\u00e4fte gemeckert, aber die meisten von ihnen haben F\u00fchrung einfach nie richtig beigebracht bekommen. Als Trainer erh\u00f6he ich deutlich meinen Wirkungskreis. Anstatt selber nur eine \u00fcberschaubare Gruppe Menschen zu f\u00fchren, unterst\u00fctze ich jede Menge F\u00fchrungskr\u00e4fte, eine Vielzahl von Menschen gut zu f\u00fchren.<\/p>\n\n\n\n<h4 class=\"wp-block-heading\"><strong>Was genau macht ein Trainingsdesigner? <\/strong><\/h4>\n\n\n\n<p>Viele Trainer sind sehr gut w\u00e4hrend ihrer Seminare und legen auch den Schwerpunkt ihrer eigenen Weiterbildung auf diese Phase. Ich habe allerdings die Erfahrung gemacht, dass man bereits in den beiden Phasen davor, n\u00e4mlich der Trainingsbedarfsanalyse sowie dem Trainingsdesign den Grundstein f\u00fcr ein richtig erfolgreiches F\u00fchrungskr\u00e4ftetraining mit Transfergarantie legt. Aus diesem Grunde habe ich eine Weiterbildung zum Trainingsdesigner absolviert und mit Zertifikatspr\u00fcfung abgeschlossen. Trainingsdesigner konzipieren nachhaltige und bedarfsgerechte Trainings im Zusammenspiel mit den Kunden von der Bedarfsermittlung bis hin zu Transferma\u00dfnahmen im Anschluss an das Training. Dieses ist gerade im Bereich der F\u00fchrungskr\u00e4fteprogramme elementar wichtig, da viele Anbieter mit Standardprogrammen unterwegs sind. <\/p>\n\n\n\n<p>Der Trainingsdesigner startet bei jedem Kunden wieder bei Null und entwickelt ein individuelles, perfekt auf die speziellen Bed\u00fcrfnisse dieses Kunden abgestimmtes Programm. Alles baut aufeinander auf, selbst jede kleinste Aktivierungs\u00fcbung hat einen Zusammenhang zu den davorliegenden und nachfolgenden Inhalten. Und ja, diese Inhalte sollten in jedem Falle \u201emerkw\u00fcrdig\u201c sein. Je mehr wir TeilnehmerInnen \u00fcberraschen, je mehr wir auf action learning und praktische Erfahrung setzen, desto nachhaltiger wird die Lernerfahrung sein, desto erfolgreicher der anschlie\u00dfende Transfer in die Praxis. <\/p>\n\n\n\n<p>Wenn sie in drei verschiedenen R\u00e4umen getrennt am Bau eines Bodens, eines Korpus und eines Deckels f\u00fcr eine Schatzkiste bauen, die am Ende auch noch irgendwie zusammenpassen m\u00fcssen, lernen sie deutlich mehr als wenn sie an einer Pinnwand auf Moderatorenkarten Ratschl\u00e4ge f\u00fcr eine gute abteilungs\u00fcbergreifende Zusammenarbeit sammeln.<\/p>\n\n\n\n\n\n<h4 class=\"wp-block-heading\"><strong>Wie sch\u00e4tzen Sie die Zukunft ein? Wird das Training f\u00fcr F\u00fchrungskr\u00e4fte wichtiger? <\/strong><\/h4>\n\n\n\n<p><\/p>\n\n\n\n<p>Es wird zuk\u00fcnftig noch schwieriger und auch sehr teuer f\u00fcr die Unternehmen werden, am Markt geeignete F\u00fchrungskr\u00e4fte zu finden. Der demografische Wandel schl\u00e4gt demn\u00e4chst voll durch, so dass einfach nicht mehr gen\u00fcgend Kandidatinnen und Kandidaten da drau\u00dfen unterwegs sind. Dadurch steigt die Bedeutung von F\u00fchrungskr\u00e4fteprogrammen sowie auch Talentprogrammen immens. <\/p>\n\n\n\n<p>Nur so lassen sich geeignete interne Personen identifizieren, gut ausbilden und ans Unternehmen binden. Dar\u00fcber hinaus wechseln die Bed\u00fcrfnisse, W\u00fcnsche und Hoffnungen der nachfolgenden Generationen zuletzt rapide. Wer vor f\u00fcnf Jahren noch eine richtig gute F\u00fchrungskraft war, bei\u00dft sich ohne fundierte F\u00fchrungskr\u00e4fteausbildung eventuell an den neuen Leuten die Z\u00e4hne aus.<\/p>\n\n\n\n<hr class=\"wp-block-separator has-css-opacity\"\/>\n\n\n\n<figure class=\"wp-block-gallery has-nested-images columns-default is-cropped alignright wp-block-gallery-2 is-layout-flex wp-block-gallery-is-layout-flex\">\n<figure class=\"wp-block-image size-large\"><img loading=\"lazy\" decoding=\"async\" width=\"945\" height=\"659\" data-id=\"14272\" src=\"https:\/\/www.freelance.de\/blog\/wp-content\/uploads\/2019\/07\/bf6ae9a6-Kopie.jpg\" alt=\"Daniel Cibach F\u00fchrungskr\u00e4ftetraining\" class=\"wp-image-14272\" srcset=\"https:\/\/www.freelance.de\/blog\/wp-content\/uploads\/2019\/07\/bf6ae9a6-Kopie.jpg 945w, https:\/\/www.freelance.de\/blog\/wp-content\/uploads\/2019\/07\/bf6ae9a6-Kopie-300x209.jpg 300w, https:\/\/www.freelance.de\/blog\/wp-content\/uploads\/2019\/07\/bf6ae9a6-Kopie-768x536.jpg 768w, https:\/\/www.freelance.de\/blog\/wp-content\/uploads\/2019\/07\/bf6ae9a6-Kopie-150x105.jpg 150w\" sizes=\"auto, (max-width: 945px) 100vw, 945px\" \/><\/figure>\n<\/figure>\n\n\n\n<p class=\"has-text-align-left\">Vielen Dank f\u00fcr Ihren kurzen Einblick in das Training der F\u00fchrungskr\u00e4fte, Herr Cibach! Wir w\u00fcnschen Ihnen viel Erfolg bei Ihren Projekten. <br><br><strong>Hier geht es <\/strong><a aria-label=\" (\u00f6ffnet in neuem Tab)\" href=\"https:\/\/www.freelance.de\/Freiberufler\/82872\" target=\"_blank\" rel=\"noreferrer noopener\"><strong>zum Profil<\/strong><\/a><strong> des Trainingsdesigners Daniel Cibach.  <\/strong><\/p>\n<div style='text-align:center' class='yasr-auto-insert-visitor'><\/div>","protected":false},"excerpt":{"rendered":"<p>Nahezu jeder war in seinem Leben einmal angestellt und hat erlebt, wie es ist, einen Chef zu haben. Vielleicht hat man auch erlebt, wie&hellip;<\/p>\n","protected":false},"author":39,"featured_media":20384,"comment_status":"open","ping_status":"open","sticky":false,"template":"","format":"standard","meta":{"yasr_overall_rating":0,"yasr_post_is_review":"","yasr_auto_insert_disabled":"","yasr_review_type":"","footnotes":""},"categories":[852],"tags":[554,105,553],"class_list":["post-14270","post","type-post","status-publish","format-standard","has-post-thumbnail","hentry","category-experten-interviews","tag-berater","tag-freelancer","tag-interview"],"acf":[],"yasr_visitor_votes":{"stars_attributes":{"read_only":false,"span_bottom":false},"number_of_votes":0,"sum_votes":0},"yoast_head":"<!-- This site is optimized with the Yoast SEO plugin v26.8 - https:\/\/yoast.com\/product\/yoast-seo-wordpress\/ -->\n<title>Coach f\u00fcr F\u00fchrungskr\u00e4ftetraining: ein freelance.de Experte erz\u00e4hlt<\/title>\n<meta name=\"description\" content=\"Was macht eigentlich ein Trainingsdesigner? Unser freelance.de Experte gew\u00e4hrt uns Einblicke in das Coaching von F\u00fchrungskr\u00e4ften.\" \/>\n<meta name=\"robots\" content=\"index, follow, max-snippet:-1, max-image-preview:large, max-video-preview:-1\" \/>\n<link rel=\"canonical\" href=\"https:\/\/www.freelance.de\/blog\/interview-fuehrungskraeftetraining\/\" \/>\n<meta property=\"og:locale\" content=\"de_DE\" \/>\n<meta property=\"og:type\" content=\"article\" \/>\n<meta property=\"og:title\" content=\"Coach f\u00fcr F\u00fchrungskr\u00e4ftetraining: ein freelance.de Experte erz\u00e4hlt\" \/>\n<meta property=\"og:description\" content=\"Was macht eigentlich ein Trainingsdesigner? Unser freelance.de Experte gew\u00e4hrt uns Einblicke in das Coaching von F\u00fchrungskr\u00e4ften.\" \/>\n<meta property=\"og:url\" content=\"https:\/\/www.freelance.de\/blog\/interview-fuehrungskraeftetraining\/\" \/>\n<meta property=\"og:site_name\" content=\"freelance.de Blog\" \/>\n<meta property=\"article:publisher\" content=\"http:\/\/www.facebook.com\/Freelance.de\" \/>\n<meta property=\"article:published_time\" content=\"2019-08-08T08:00:02+00:00\" \/>\n<meta property=\"article:modified_time\" content=\"2023-08-01T09:56:55+00:00\" \/>\n<meta property=\"og:image\" content=\"https:\/\/www.freelance.de\/blog\/wp-content\/uploads\/2020\/02\/top_skills_interview.jpg\" \/>\n\t<meta property=\"og:image:width\" content=\"1024\" \/>\n\t<meta property=\"og:image:height\" content=\"402\" \/>\n\t<meta property=\"og:image:type\" content=\"image\/jpeg\" \/>\n<meta name=\"author\" content=\"freelance.de Redaktion\" \/>\n<meta name=\"twitter:card\" content=\"summary_large_image\" \/>\n<meta name=\"twitter:creator\" content=\"@freelanceDE\" \/>\n<meta name=\"twitter:site\" content=\"@freelanceDE\" \/>\n<meta name=\"twitter:label1\" content=\"Verfasst von\" \/>\n\t<meta name=\"twitter:data1\" content=\"freelance.de Redaktion\" \/>\n\t<meta name=\"twitter:label2\" content=\"Gesch\u00e4tzte Lesezeit\" \/>\n\t<meta name=\"twitter:data2\" content=\"4\u00a0Minuten\" \/>\n<script type=\"application\/ld+json\" class=\"yoast-schema-graph\">{\"@context\":\"https:\/\/schema.org\",\"@graph\":[{\"@type\":\"Article\",\"@id\":\"https:\/\/www.freelance.de\/blog\/interview-fuehrungskraeftetraining\/#article\",\"isPartOf\":{\"@id\":\"https:\/\/www.freelance.de\/blog\/interview-fuehrungskraeftetraining\/\"},\"author\":{\"name\":\"freelance.de Redaktion\",\"@id\":\"https:\/\/www.freelance.de\/blog\/#\/schema\/person\/10ac6084b3aa712e4d50188709639844\"},\"headline\":\"Coach f\u00fcr F\u00fchrungskr\u00e4ftetrainings: ein freelance.de Experte erz\u00e4hlt\",\"datePublished\":\"2019-08-08T08:00:02+00:00\",\"dateModified\":\"2023-08-01T09:56:55+00:00\",\"mainEntityOfPage\":{\"@id\":\"https:\/\/www.freelance.de\/blog\/interview-fuehrungskraeftetraining\/\"},\"wordCount\":668,\"commentCount\":0,\"publisher\":{\"@id\":\"https:\/\/www.freelance.de\/blog\/#organization\"},\"image\":{\"@id\":\"https:\/\/www.freelance.de\/blog\/interview-fuehrungskraeftetraining\/#primaryimage\"},\"thumbnailUrl\":\"https:\/\/www.freelance.de\/blog\/wp-content\/uploads\/2020\/02\/top_skills_interview.jpg\",\"keywords\":[\"Berater\",\"Freelancer\",\"Interview\"],\"articleSection\":[\"Experten Interviews\"],\"inLanguage\":\"de\",\"potentialAction\":[{\"@type\":\"CommentAction\",\"name\":\"Comment\",\"target\":[\"https:\/\/www.freelance.de\/blog\/interview-fuehrungskraeftetraining\/#respond\"]}]},{\"@type\":\"WebPage\",\"@id\":\"https:\/\/www.freelance.de\/blog\/interview-fuehrungskraeftetraining\/\",\"url\":\"https:\/\/www.freelance.de\/blog\/interview-fuehrungskraeftetraining\/\",\"name\":\"Coach f\u00fcr F\u00fchrungskr\u00e4ftetraining: ein freelance.de Experte erz\u00e4hlt\",\"isPartOf\":{\"@id\":\"https:\/\/www.freelance.de\/blog\/#website\"},\"primaryImageOfPage\":{\"@id\":\"https:\/\/www.freelance.de\/blog\/interview-fuehrungskraeftetraining\/#primaryimage\"},\"image\":{\"@id\":\"https:\/\/www.freelance.de\/blog\/interview-fuehrungskraeftetraining\/#primaryimage\"},\"thumbnailUrl\":\"https:\/\/www.freelance.de\/blog\/wp-content\/uploads\/2020\/02\/top_skills_interview.jpg\",\"datePublished\":\"2019-08-08T08:00:02+00:00\",\"dateModified\":\"2023-08-01T09:56:55+00:00\",\"description\":\"Was macht eigentlich ein Trainingsdesigner? Unser freelance.de Experte gew\u00e4hrt uns Einblicke in das Coaching von F\u00fchrungskr\u00e4ften.\",\"breadcrumb\":{\"@id\":\"https:\/\/www.freelance.de\/blog\/interview-fuehrungskraeftetraining\/#breadcrumb\"},\"inLanguage\":\"de\",\"potentialAction\":[{\"@type\":\"ReadAction\",\"target\":[\"https:\/\/www.freelance.de\/blog\/interview-fuehrungskraeftetraining\/\"]}]},{\"@type\":\"ImageObject\",\"inLanguage\":\"de\",\"@id\":\"https:\/\/www.freelance.de\/blog\/interview-fuehrungskraeftetraining\/#primaryimage\",\"url\":\"https:\/\/www.freelance.de\/blog\/wp-content\/uploads\/2020\/02\/top_skills_interview.jpg\",\"contentUrl\":\"https:\/\/www.freelance.de\/blog\/wp-content\/uploads\/2020\/02\/top_skills_interview.jpg\",\"width\":1024,\"height\":402,\"caption\":\"Interview Reihe\"},{\"@type\":\"BreadcrumbList\",\"@id\":\"https:\/\/www.freelance.de\/blog\/interview-fuehrungskraeftetraining\/#breadcrumb\",\"itemListElement\":[{\"@type\":\"ListItem\",\"position\":1,\"name\":\"Home\",\"item\":\"https:\/\/www.freelance.de\/blog\/\"},{\"@type\":\"ListItem\",\"position\":2,\"name\":\"Coach f\u00fcr F\u00fchrungskr\u00e4ftetrainings: ein freelance.de Experte erz\u00e4hlt\"}]},{\"@type\":\"WebSite\",\"@id\":\"https:\/\/www.freelance.de\/blog\/#website\",\"url\":\"https:\/\/www.freelance.de\/blog\/\",\"name\":\"freelance.de Blog\",\"description\":\"Alles zum Thema Freelancing\",\"publisher\":{\"@id\":\"https:\/\/www.freelance.de\/blog\/#organization\"},\"potentialAction\":[{\"@type\":\"SearchAction\",\"target\":{\"@type\":\"EntryPoint\",\"urlTemplate\":\"https:\/\/www.freelance.de\/blog\/?s={search_term_string}\"},\"query-input\":{\"@type\":\"PropertyValueSpecification\",\"valueRequired\":true,\"valueName\":\"search_term_string\"}}],\"inLanguage\":\"de\"},{\"@type\":\"Organization\",\"@id\":\"https:\/\/www.freelance.de\/blog\/#organization\",\"name\":\"freelance.de\",\"alternateName\":\"freelance.de\",\"url\":\"https:\/\/www.freelance.de\/blog\/\",\"logo\":{\"@type\":\"ImageObject\",\"inLanguage\":\"de\",\"@id\":\"https:\/\/www.freelance.de\/blog\/#\/schema\/logo\/image\/\",\"url\":\"https:\/\/www.freelance.de\/blog\/wp-content\/uploads\/2023\/03\/230315_freelance-de_BLOGLOGO.png\",\"contentUrl\":\"https:\/\/www.freelance.de\/blog\/wp-content\/uploads\/2023\/03\/230315_freelance-de_BLOGLOGO.png\",\"width\":1746,\"height\":411,\"caption\":\"freelance.de\"},\"image\":{\"@id\":\"https:\/\/www.freelance.de\/blog\/#\/schema\/logo\/image\/\"},\"sameAs\":[\"http:\/\/www.facebook.com\/Freelance.de\",\"https:\/\/x.com\/freelanceDE\"]},{\"@type\":\"Person\",\"@id\":\"https:\/\/www.freelance.de\/blog\/#\/schema\/person\/10ac6084b3aa712e4d50188709639844\",\"name\":\"freelance.de Redaktion\",\"image\":{\"@type\":\"ImageObject\",\"inLanguage\":\"de\",\"@id\":\"https:\/\/www.freelance.de\/blog\/#\/schema\/person\/image\/\",\"url\":\"https:\/\/www.freelance.de\/blog\/wp-content\/uploads\/2023\/03\/redaktionsteam-fl.png\",\"contentUrl\":\"https:\/\/www.freelance.de\/blog\/wp-content\/uploads\/2023\/03\/redaktionsteam-fl.png\",\"caption\":\"freelance.de Redaktion\"},\"description\":\"Unser Online-Redaktionsteam besteht aus aktuellen und ehemaligen Mitarbeiterinnen und Mitarbeitern von freelance.de sowie aus externen Expertinnen und Experten. Sie beherrschen nicht nur die Kunst mit Buchstaben und Worten zu jonglieren, sondern gehen stets die Extrameile, um relevante und aktuelle Themen f\u00fcr Freelancer aufzudecken und wertvolle Erfahrungen weiterzugeben.\",\"url\":\"https:\/\/www.freelance.de\/blog\/author\/freelanceteam\/\"},false]}<\/script>\n<!-- \/ Yoast SEO plugin. -->","yoast_head_json":{"title":"Coach f\u00fcr F\u00fchrungskr\u00e4ftetraining: ein freelance.de Experte erz\u00e4hlt","description":"Was macht eigentlich ein Trainingsdesigner? Unser freelance.de Experte gew\u00e4hrt uns Einblicke in das Coaching von F\u00fchrungskr\u00e4ften.","robots":{"index":"index","follow":"follow","max-snippet":"max-snippet:-1","max-image-preview":"max-image-preview:large","max-video-preview":"max-video-preview:-1"},"canonical":"https:\/\/www.freelance.de\/blog\/interview-fuehrungskraeftetraining\/","og_locale":"de_DE","og_type":"article","og_title":"Coach f\u00fcr F\u00fchrungskr\u00e4ftetraining: ein freelance.de Experte erz\u00e4hlt","og_description":"Was macht eigentlich ein Trainingsdesigner? Unser freelance.de Experte gew\u00e4hrt uns Einblicke in das Coaching von F\u00fchrungskr\u00e4ften.","og_url":"https:\/\/www.freelance.de\/blog\/interview-fuehrungskraeftetraining\/","og_site_name":"freelance.de Blog","article_publisher":"http:\/\/www.facebook.com\/Freelance.de","article_published_time":"2019-08-08T08:00:02+00:00","article_modified_time":"2023-08-01T09:56:55+00:00","og_image":[{"width":1024,"height":402,"url":"https:\/\/www.freelance.de\/blog\/wp-content\/uploads\/2020\/02\/top_skills_interview.jpg","type":"image\/jpeg"}],"author":"freelance.de Redaktion","twitter_card":"summary_large_image","twitter_creator":"@freelanceDE","twitter_site":"@freelanceDE","twitter_misc":{"Verfasst von":"freelance.de Redaktion","Gesch\u00e4tzte Lesezeit":"4\u00a0Minuten"},"schema":{"@context":"https:\/\/schema.org","@graph":[{"@type":"Article","@id":"https:\/\/www.freelance.de\/blog\/interview-fuehrungskraeftetraining\/#article","isPartOf":{"@id":"https:\/\/www.freelance.de\/blog\/interview-fuehrungskraeftetraining\/"},"author":{"name":"freelance.de Redaktion","@id":"https:\/\/www.freelance.de\/blog\/#\/schema\/person\/10ac6084b3aa712e4d50188709639844"},"headline":"Coach f\u00fcr F\u00fchrungskr\u00e4ftetrainings: ein freelance.de Experte erz\u00e4hlt","datePublished":"2019-08-08T08:00:02+00:00","dateModified":"2023-08-01T09:56:55+00:00","mainEntityOfPage":{"@id":"https:\/\/www.freelance.de\/blog\/interview-fuehrungskraeftetraining\/"},"wordCount":668,"commentCount":0,"publisher":{"@id":"https:\/\/www.freelance.de\/blog\/#organization"},"image":{"@id":"https:\/\/www.freelance.de\/blog\/interview-fuehrungskraeftetraining\/#primaryimage"},"thumbnailUrl":"https:\/\/www.freelance.de\/blog\/wp-content\/uploads\/2020\/02\/top_skills_interview.jpg","keywords":["Berater","Freelancer","Interview"],"articleSection":["Experten Interviews"],"inLanguage":"de","potentialAction":[{"@type":"CommentAction","name":"Comment","target":["https:\/\/www.freelance.de\/blog\/interview-fuehrungskraeftetraining\/#respond"]}]},{"@type":"WebPage","@id":"https:\/\/www.freelance.de\/blog\/interview-fuehrungskraeftetraining\/","url":"https:\/\/www.freelance.de\/blog\/interview-fuehrungskraeftetraining\/","name":"Coach f\u00fcr F\u00fchrungskr\u00e4ftetraining: ein freelance.de Experte erz\u00e4hlt","isPartOf":{"@id":"https:\/\/www.freelance.de\/blog\/#website"},"primaryImageOfPage":{"@id":"https:\/\/www.freelance.de\/blog\/interview-fuehrungskraeftetraining\/#primaryimage"},"image":{"@id":"https:\/\/www.freelance.de\/blog\/interview-fuehrungskraeftetraining\/#primaryimage"},"thumbnailUrl":"https:\/\/www.freelance.de\/blog\/wp-content\/uploads\/2020\/02\/top_skills_interview.jpg","datePublished":"2019-08-08T08:00:02+00:00","dateModified":"2023-08-01T09:56:55+00:00","description":"Was macht eigentlich ein Trainingsdesigner? Unser freelance.de Experte gew\u00e4hrt uns Einblicke in das Coaching von F\u00fchrungskr\u00e4ften.","breadcrumb":{"@id":"https:\/\/www.freelance.de\/blog\/interview-fuehrungskraeftetraining\/#breadcrumb"},"inLanguage":"de","potentialAction":[{"@type":"ReadAction","target":["https:\/\/www.freelance.de\/blog\/interview-fuehrungskraeftetraining\/"]}]},{"@type":"ImageObject","inLanguage":"de","@id":"https:\/\/www.freelance.de\/blog\/interview-fuehrungskraeftetraining\/#primaryimage","url":"https:\/\/www.freelance.de\/blog\/wp-content\/uploads\/2020\/02\/top_skills_interview.jpg","contentUrl":"https:\/\/www.freelance.de\/blog\/wp-content\/uploads\/2020\/02\/top_skills_interview.jpg","width":1024,"height":402,"caption":"Interview Reihe"},{"@type":"BreadcrumbList","@id":"https:\/\/www.freelance.de\/blog\/interview-fuehrungskraeftetraining\/#breadcrumb","itemListElement":[{"@type":"ListItem","position":1,"name":"Home","item":"https:\/\/www.freelance.de\/blog\/"},{"@type":"ListItem","position":2,"name":"Coach f\u00fcr F\u00fchrungskr\u00e4ftetrainings: ein freelance.de Experte erz\u00e4hlt"}]},{"@type":"WebSite","@id":"https:\/\/www.freelance.de\/blog\/#website","url":"https:\/\/www.freelance.de\/blog\/","name":"freelance.de Blog","description":"Alles zum Thema Freelancing","publisher":{"@id":"https:\/\/www.freelance.de\/blog\/#organization"},"potentialAction":[{"@type":"SearchAction","target":{"@type":"EntryPoint","urlTemplate":"https:\/\/www.freelance.de\/blog\/?s={search_term_string}"},"query-input":{"@type":"PropertyValueSpecification","valueRequired":true,"valueName":"search_term_string"}}],"inLanguage":"de"},{"@type":"Organization","@id":"https:\/\/www.freelance.de\/blog\/#organization","name":"freelance.de","alternateName":"freelance.de","url":"https:\/\/www.freelance.de\/blog\/","logo":{"@type":"ImageObject","inLanguage":"de","@id":"https:\/\/www.freelance.de\/blog\/#\/schema\/logo\/image\/","url":"https:\/\/www.freelance.de\/blog\/wp-content\/uploads\/2023\/03\/230315_freelance-de_BLOGLOGO.png","contentUrl":"https:\/\/www.freelance.de\/blog\/wp-content\/uploads\/2023\/03\/230315_freelance-de_BLOGLOGO.png","width":1746,"height":411,"caption":"freelance.de"},"image":{"@id":"https:\/\/www.freelance.de\/blog\/#\/schema\/logo\/image\/"},"sameAs":["http:\/\/www.facebook.com\/Freelance.de","https:\/\/x.com\/freelanceDE"]},{"@type":"Person","@id":"https:\/\/www.freelance.de\/blog\/#\/schema\/person\/10ac6084b3aa712e4d50188709639844","name":"freelance.de Redaktion","image":{"@type":"ImageObject","inLanguage":"de","@id":"https:\/\/www.freelance.de\/blog\/#\/schema\/person\/image\/","url":"https:\/\/www.freelance.de\/blog\/wp-content\/uploads\/2023\/03\/redaktionsteam-fl.png","contentUrl":"https:\/\/www.freelance.de\/blog\/wp-content\/uploads\/2023\/03\/redaktionsteam-fl.png","caption":"freelance.de Redaktion"},"description":"Unser Online-Redaktionsteam besteht aus aktuellen und ehemaligen Mitarbeiterinnen und Mitarbeitern von freelance.de sowie aus externen Expertinnen und Experten. Sie beherrschen nicht nur die Kunst mit Buchstaben und Worten zu jonglieren, sondern gehen stets die Extrameile, um relevante und aktuelle Themen f\u00fcr Freelancer aufzudecken und wertvolle Erfahrungen weiterzugeben.","url":"https:\/\/www.freelance.de\/blog\/author\/freelanceteam\/"},false]}},"_links":{"self":[{"href":"https:\/\/www.freelance.de\/blog\/wp-json\/wp\/v2\/posts\/14270","targetHints":{"allow":["GET"]}}],"collection":[{"href":"https:\/\/www.freelance.de\/blog\/wp-json\/wp\/v2\/posts"}],"about":[{"href":"https:\/\/www.freelance.de\/blog\/wp-json\/wp\/v2\/types\/post"}],"author":[{"embeddable":true,"href":"https:\/\/www.freelance.de\/blog\/wp-json\/wp\/v2\/users\/39"}],"replies":[{"embeddable":true,"href":"https:\/\/www.freelance.de\/blog\/wp-json\/wp\/v2\/comments?post=14270"}],"version-history":[{"count":23,"href":"https:\/\/www.freelance.de\/blog\/wp-json\/wp\/v2\/posts\/14270\/revisions"}],"predecessor-version":[{"id":29469,"href":"https:\/\/www.freelance.de\/blog\/wp-json\/wp\/v2\/posts\/14270\/revisions\/29469"}],"wp:featuredmedia":[{"embeddable":true,"href":"https:\/\/www.freelance.de\/blog\/wp-json\/wp\/v2\/media\/20384"}],"wp:attachment":[{"href":"https:\/\/www.freelance.de\/blog\/wp-json\/wp\/v2\/media?parent=14270"}],"wp:term":[{"taxonomy":"category","embeddable":true,"href":"https:\/\/www.freelance.de\/blog\/wp-json\/wp\/v2\/categories?post=14270"},{"taxonomy":"post_tag","embeddable":true,"href":"https:\/\/www.freelance.de\/blog\/wp-json\/wp\/v2\/tags?post=14270"}],"curies":[{"name":"wp","href":"https:\/\/api.w.org\/{rel}","templated":true}]}}