{"id":19862,"date":"2020-06-04T11:00:00","date_gmt":"2020-06-04T09:00:00","guid":{"rendered":"https:\/\/www.freelance.de\/blog\/?p=19862"},"modified":"2023-08-01T11:54:52","modified_gmt":"2023-08-01T09:54:52","slug":"interview-react-js-ein-experte-erzaehlt","status":"publish","type":"post","link":"https:\/\/www.freelance.de\/blog\/interview-react-js-ein-experte-erzaehlt\/","title":{"rendered":"React JS: ein freelance.de Experte erz\u00e4hlt"},"content":{"rendered":"\n<p>React JS z\u00e4hlt seit Monaten zu den Top 10 der gesuchten Skills auf freelance.de. Wir sind diesem Trend nachgegangen und haben das Gespr\u00e4ch mit einem React Experten gesucht. Unser Experte hat mehr als 20 Jahre Erfahrung in der Realisierung von Webprojekten und Datenbank-Programmierung. <\/p>\n\n\n\n<figure class=\"wp-block-image size-large is-resized\"><img loading=\"lazy\" decoding=\"async\" src=\"https:\/\/www.freelance.de\/blog\/wp-content\/uploads\/2020\/02\/top_skills_interview.jpg\" alt=\"Interview Reihe\" class=\"wp-image-20384\" width=\"621\" height=\"243\" srcset=\"https:\/\/www.freelance.de\/blog\/wp-content\/uploads\/2020\/02\/top_skills_interview.jpg 1024w, https:\/\/www.freelance.de\/blog\/wp-content\/uploads\/2020\/02\/top_skills_interview-300x118.jpg 300w, https:\/\/www.freelance.de\/blog\/wp-content\/uploads\/2020\/02\/top_skills_interview-768x302.jpg 768w, https:\/\/www.freelance.de\/blog\/wp-content\/uploads\/2020\/02\/top_skills_interview-150x59.jpg 150w\" sizes=\"auto, (max-width: 621px) 100vw, 621px\" \/><\/figure>\n\n\n\n<h4 class=\"wp-block-heading\"><strong>Herr Pruzina, Sie sind seit einigen Jahren selbst\u00e4ndig in diversen Projekten mit einem Schwerpunkt im React JS t\u00e4tig.&nbsp;Warum haben Sie sich f\u00fcr diesen Schwerpunkt entschieden?<\/strong><\/h4>\n\n\n\n<p><\/p>\n\n\n\n<p>Als mein erstes React-Projekt startete, war es eine Vorgabe des Kunden, da hier bereits allererste Erfahrungen gemacht wurden. F\u00fcr mich war es der Sprung von der serverbasierten Entwicklung mit aktiven Serverpages hin zu modernen clientbasierten Webanwendungen. Nach dem Besuch von Fachveranstaltungen, Studium von Internetseiten und Gespr\u00e4chen mit KollegInnen war auch mir klar, dass der Ansatz der hohen Widerverwendbarkeit uns allen helfen wird, sehr schnell zu L\u00f6sungen zukommen. Angular wurde damals vom Kunden als zu komplex und nicht modular genug eingesch\u00e4tzt, mir selbst fehlt hier der Erfahrungswert. Da die Anwendungen immer komplexer werden, ist eine Trennung von Frontend, Logik und Daten nahezu unumg\u00e4nglich, davon bin sogar ich als \u201ealter\u201c Serverprogrammierer \u00fcberzeugt. Durch verteilte Systeme k\u00f6nnen nun viele Entwicklergruppen an einem gro\u00dfen Projekt arbeiten.<\/p>\n\n\n\n<h4 class=\"wp-block-heading\">Was ist <strong>das Besondere an React JS ist und in welchen Bereichen wird diese Softwarebibliothek eingesetzt?<\/strong><\/h4>\n\n\n\n<p><\/p>\n\n\n\n<p>Das besondere an React ist aus meiner Sicht die M\u00f6glichkeit, ein Projekt in sehr kleine Komponenten zu zerlegen, die eigenst\u00e4ndig z.B. auf Daten\u00e4nderung reagieren und sich neu rendern, ohne dabei den Rest der SPA zu beeinflussen. Man schafft sozusagen die Rahmenbedingungen und wenn ge\u00e4nderte Daten ankommen, reagiert React. Das macht die Seiten wirklich schnell. Die Mischung von JavaScript, CSS und HTML in der react-eigenen Sprache JSX ist anfangs gew\u00f6hnungsbed\u00fcrftig, stellt aber sicher eine Innovation dar. Bei gr\u00f6\u00dferen Anwendungen muss man allerdings sehr genau auf eine vorher gut durchdachte Ordnerstruktur achten, um nicht irgendwann den \u00dcberblick \u00fcber die tausenden \u201eEinzelteile\u201c zu verlieren. Wenn man es geschickt anstellt, erschafft man immer mehr wiederverwendbare Komponenten und wird im Laufe des Projektes schneller. Aufgrund der Popularit\u00e4t von React gibt es unz\u00e4hlige Bibliotheken die man einbinden und verwenden kann.<\/p>\n\n\n\n<p>Ich verwende React f\u00fcr die Realisierung eines sehr gro\u00dfen internen Portals, welches nicht nur Informationen sondern auch sehr viele Betriebsapplikationen des Kunden unter einer einheitlichen Oberfl\u00e4che beheimaten soll. Die Kommunikation mit der Microsoft SQL-Datenbank erfolgt \u00fcber REST-API-Schnittstellen, die mit .NET-Core von Kollegen erstellt werden. Viele gemeinsame Daten werden im Redux-Store global zur Verf\u00fcgung gestellt. Andere Anwendungsgebiete sind eine Veranstaltungsverwaltung und ein Online-Shop.<\/p>\n\n\n\n\n\n<h4 class=\"wp-block-heading\"><strong>Wie sch\u00e4tzen Sie die Zukunft f\u00fcr den Skill React ein? Ist es zuk\u00fcnftig m\u00f6glichen Herausforderungen gewachsen?<\/strong><\/h4>\n\n\n\n<p><\/p>\n\n\n\n<p>F\u00fcr die Beantwortung dieser Frage w\u00fcrde ich jetzt eine Kristallkugel ben\u00f6tigen, um in die Zukunft blicken zu k\u00f6nnen. Fast schon im Jahrestakt erscheinen neue Ans\u00e4tze und L\u00f6sungen f\u00fcr die Erstellung von Single-Page-Applikationen. Ich bin schon davon \u00fcberzeugt, dass React gemeinsam mit Angular noch einige Jahre dominieren wird, zumal hier Facebook und Google sowie gro\u00dfe Unternehmen als Nutzer hinter der Entwicklung stehen. Auch f\u00fcr \u201eVue\u201c sehe ich gute Chancen. Mit Spannung erwarte ich aber auch neue Features in JavaScript, die hoffentlich so innovativ sein werden wie \u201eArrow Functions\u201c, \u201ePromises\u201c oder \u201eDestructing\u201c.<\/p>\n\n\n\n<h4 class=\"wp-block-heading\"><strong>Wir alle erleben gerade eine Ausnahmesituation, die zuvor noch nie so bestand und auch f\u00fcr Freelancer viele Ver\u00e4nderungen mit sich bringt.Wie kommen Sie aktuell mit dieser Situation zurecht, finden Sie entsprechende Auftr\u00e4ge? War Remote-Arbeit f\u00fcr Sie vorher schon so \u00fcblich?<\/strong><\/h4>\n\n\n\n<p><\/p>\n\n\n\n<p>Wenn ich im Februar 2020 gewusst h\u00e4tte, dass es zu Reiseverboten, \u201eLockdowns\u201c und massiven Einschr\u00e4nkungen auch in meiner Branche kommen w\u00fcrde, h\u00e4tte ich nicht bei einem Gro\u00dfkunden gek\u00fcndigt, um frei f\u00fcr neue interessante Projekte zu sein. Wahrlich der falsche Zeitpunkt. Denn viele tolle Projekte im Ausland blieben unerreichbar, in \u00d6sterreich werden wenig Freelancer gesucht. Meine Schulungst\u00e4tigkeit fiel zu 100% aus, da das Institut bis Ende August geschlossen wurde. <\/p>\n\n\n\n<p>Mit der Remote-Arbeit hatte ich absolut kein Problem, da dies 80% meiner bisherigen T\u00e4tigkeit ausmachte. Trotzdem fehlten mir die Fahrten nach Wien und der pers\u00f6nliche Umgang mit meinen Kunden und Schulungsteilnehmern. <\/p>\n\n\n\n<p>Ich nutzte speziell die Monate M\u00e4rz und April, um mit Videokursen von \u201eUdemy\u201c die Backend-Entwicklung mit Node JS \/ Express \/ MongoDB zu erlernen, um meinen Wert f\u00fcr die Bewerbungen zu steigern. N\u00e4chste Woche habe ich zwei Jobinterviews und ich bin hier guter Hoffnung, wieder \u2013 befristet auf ein Jahr \u2013 in ein herausforderndes Projekt integriert zu werden. <\/p>\n\n\n\n<p>F\u00fcr die IT-Branche an sich sehe ich pers\u00f6nlich keine schlechten Zukunftsaussichten, da die Pandemie sehr viel f\u00fcr die Digitalisierung getan hat. Jedenfalls zwingt mich Corona dazu, v\u00f6llig neue Dinge zu machen, und das ist auch gut so. Auch einer Mischung aus Freelancer-Arbeit und Festanstellung bin ich nun nicht mehr so abgeneigt. Finanziell gibt es nat\u00fcrlich einbu\u00dfen, aber zum Gl\u00fcck habe ich noch Wartungsarbeiten zu verrichten, die mein Auskommen sichern. Und man lernt auch sparen und dem\u00fctig sein.<\/p>\n\n\n<div class=\"wp-block-image\">\n<figure class=\"alignleft size-large is-resized\"><img loading=\"lazy\" decoding=\"async\" src=\"https:\/\/www.freelance.de\/blog\/wp-content\/uploads\/2020\/06\/71491569_10219995813149195_7507095219813220352_n.jpg\" alt=\"Interview React JS\" class=\"wp-image-19863\" width=\"272\" height=\"272\" srcset=\"https:\/\/www.freelance.de\/blog\/wp-content\/uploads\/2020\/06\/71491569_10219995813149195_7507095219813220352_n.jpg 960w, https:\/\/www.freelance.de\/blog\/wp-content\/uploads\/2020\/06\/71491569_10219995813149195_7507095219813220352_n-300x300.jpg 300w, https:\/\/www.freelance.de\/blog\/wp-content\/uploads\/2020\/06\/71491569_10219995813149195_7507095219813220352_n-768x768.jpg 768w, https:\/\/www.freelance.de\/blog\/wp-content\/uploads\/2020\/06\/71491569_10219995813149195_7507095219813220352_n-150x150.jpg 150w, https:\/\/www.freelance.de\/blog\/wp-content\/uploads\/2020\/06\/71491569_10219995813149195_7507095219813220352_n-120x120.jpg 120w\" sizes=\"auto, (max-width: 272px) 100vw, 272px\" \/><\/figure>\n<\/div>\n\n\n<p><\/p>\n\n\n\n<p>Vielen Dank f\u00fcr Ihre ausf\u00fchrlichen  Antworten und den positiven Ausblick f\u00fcr die Branche, Herr Pruzina! Wir w\u00fcnschen Ihnen viel Erfolg bei Ihren Projekten und vor allem einen guten Start jetzt nach dem &#8216;Lockdown&#8217;.    <\/p>\n\n\n\n<p><strong>Hier geht es <a href=\"https:\/\/www.freelance.de\/Freiberufler\/182372\" target=\"_blank\" rel=\"noreferrer noopener\">zum Profil<\/a> des Experten Peter Pruzina.<\/strong><\/p>\n\n\n\n<p><\/p>\n<div style='text-align:center' class='yasr-auto-insert-visitor'><\/div>","protected":false},"excerpt":{"rendered":"<p>React JS z\u00e4hlt seit Monaten zu den Top 10 der gesuchten Skills auf freelance.de. Wir sind diesem Trend nachgegangen und haben das Gespr\u00e4ch mit&hellip;<\/p>\n","protected":false},"author":39,"featured_media":19990,"comment_status":"open","ping_status":"open","sticky":false,"template":"","format":"standard","meta":{"yasr_overall_rating":0,"yasr_post_is_review":"","yasr_auto_insert_disabled":"","yasr_review_type":"","footnotes":""},"categories":[852],"tags":[105,77,553,517],"class_list":["post-19862","post","type-post","status-publish","format-standard","has-post-thumbnail","hentry","category-experten-interviews","tag-freelancer","tag-freiberufler","tag-interview","tag-skills"],"acf":[],"yasr_visitor_votes":{"stars_attributes":{"read_only":false,"span_bottom":false},"number_of_votes":0,"sum_votes":0},"yoast_head":"<!-- This site is optimized with the Yoast SEO plugin v26.8 - https:\/\/yoast.com\/product\/yoast-seo-wordpress\/ -->\n<title>React JS: Interview mit einem Experte - freelance.de\/blog<\/title>\n<meta name=\"description\" content=\"Was ist das besondere an React JS? Ein freelance.de Experte und Freelancer gibt Ihnen Einblick was es kann und wof\u00fcr es eingesetzt wird.\" \/>\n<meta name=\"robots\" content=\"index, follow, max-snippet:-1, max-image-preview:large, max-video-preview:-1\" \/>\n<link rel=\"canonical\" href=\"https:\/\/www.freelance.de\/blog\/interview-react-js-ein-experte-erzaehlt\/\" \/>\n<meta property=\"og:locale\" content=\"de_DE\" \/>\n<meta property=\"og:type\" content=\"article\" \/>\n<meta property=\"og:title\" content=\"React JS: Interview mit einem Experte - freelance.de\/blog\" \/>\n<meta property=\"og:description\" content=\"Was ist das besondere an React JS? Ein freelance.de Experte und Freelancer gibt Ihnen Einblick was es kann und wof\u00fcr es eingesetzt wird.\" \/>\n<meta property=\"og:url\" content=\"https:\/\/www.freelance.de\/blog\/interview-react-js-ein-experte-erzaehlt\/\" \/>\n<meta property=\"og:site_name\" content=\"freelance.de Blog\" \/>\n<meta property=\"article:publisher\" content=\"http:\/\/www.facebook.com\/Freelance.de\" \/>\n<meta property=\"article:published_time\" content=\"2020-06-04T09:00:00+00:00\" \/>\n<meta property=\"article:modified_time\" content=\"2023-08-01T09:54:52+00:00\" \/>\n<meta property=\"og:image\" content=\"https:\/\/www.freelance.de\/blog\/wp-content\/uploads\/2020\/06\/interview-reihe-skills.jpg\" \/>\n\t<meta property=\"og:image:width\" content=\"700\" \/>\n\t<meta property=\"og:image:height\" content=\"466\" \/>\n\t<meta property=\"og:image:type\" content=\"image\/jpeg\" \/>\n<meta name=\"author\" content=\"freelance.de Redaktion\" \/>\n<meta name=\"twitter:card\" content=\"summary_large_image\" \/>\n<meta name=\"twitter:creator\" content=\"@freelanceDE\" \/>\n<meta name=\"twitter:site\" content=\"@freelanceDE\" \/>\n<meta name=\"twitter:label1\" content=\"Verfasst von\" \/>\n\t<meta name=\"twitter:data1\" content=\"freelance.de Redaktion\" \/>\n\t<meta name=\"twitter:label2\" content=\"Gesch\u00e4tzte Lesezeit\" \/>\n\t<meta name=\"twitter:data2\" content=\"5\u00a0Minuten\" \/>\n<script type=\"application\/ld+json\" class=\"yoast-schema-graph\">{\"@context\":\"https:\/\/schema.org\",\"@graph\":[{\"@type\":\"Article\",\"@id\":\"https:\/\/www.freelance.de\/blog\/interview-react-js-ein-experte-erzaehlt\/#article\",\"isPartOf\":{\"@id\":\"https:\/\/www.freelance.de\/blog\/interview-react-js-ein-experte-erzaehlt\/\"},\"author\":{\"name\":\"freelance.de Redaktion\",\"@id\":\"https:\/\/www.freelance.de\/blog\/#\/schema\/person\/10ac6084b3aa712e4d50188709639844\"},\"headline\":\"React JS: ein freelance.de Experte erz\u00e4hlt\",\"datePublished\":\"2020-06-04T09:00:00+00:00\",\"dateModified\":\"2023-08-01T09:54:52+00:00\",\"mainEntityOfPage\":{\"@id\":\"https:\/\/www.freelance.de\/blog\/interview-react-js-ein-experte-erzaehlt\/\"},\"wordCount\":895,\"commentCount\":0,\"publisher\":{\"@id\":\"https:\/\/www.freelance.de\/blog\/#organization\"},\"image\":{\"@id\":\"https:\/\/www.freelance.de\/blog\/interview-react-js-ein-experte-erzaehlt\/#primaryimage\"},\"thumbnailUrl\":\"https:\/\/www.freelance.de\/blog\/wp-content\/uploads\/2020\/06\/interview-reihe-skills.jpg\",\"keywords\":[\"Freelancer\",\"Freiberufler\",\"Interview\",\"Skills\"],\"articleSection\":[\"Experten Interviews\"],\"inLanguage\":\"de\",\"potentialAction\":[{\"@type\":\"CommentAction\",\"name\":\"Comment\",\"target\":[\"https:\/\/www.freelance.de\/blog\/interview-react-js-ein-experte-erzaehlt\/#respond\"]}]},{\"@type\":\"WebPage\",\"@id\":\"https:\/\/www.freelance.de\/blog\/interview-react-js-ein-experte-erzaehlt\/\",\"url\":\"https:\/\/www.freelance.de\/blog\/interview-react-js-ein-experte-erzaehlt\/\",\"name\":\"React JS: Interview mit einem Experte - freelance.de\/blog\",\"isPartOf\":{\"@id\":\"https:\/\/www.freelance.de\/blog\/#website\"},\"primaryImageOfPage\":{\"@id\":\"https:\/\/www.freelance.de\/blog\/interview-react-js-ein-experte-erzaehlt\/#primaryimage\"},\"image\":{\"@id\":\"https:\/\/www.freelance.de\/blog\/interview-react-js-ein-experte-erzaehlt\/#primaryimage\"},\"thumbnailUrl\":\"https:\/\/www.freelance.de\/blog\/wp-content\/uploads\/2020\/06\/interview-reihe-skills.jpg\",\"datePublished\":\"2020-06-04T09:00:00+00:00\",\"dateModified\":\"2023-08-01T09:54:52+00:00\",\"description\":\"Was ist das besondere an React JS? Ein freelance.de Experte und Freelancer gibt Ihnen Einblick was es kann und wof\u00fcr es eingesetzt wird.\",\"breadcrumb\":{\"@id\":\"https:\/\/www.freelance.de\/blog\/interview-react-js-ein-experte-erzaehlt\/#breadcrumb\"},\"inLanguage\":\"de\",\"potentialAction\":[{\"@type\":\"ReadAction\",\"target\":[\"https:\/\/www.freelance.de\/blog\/interview-react-js-ein-experte-erzaehlt\/\"]}]},{\"@type\":\"ImageObject\",\"inLanguage\":\"de\",\"@id\":\"https:\/\/www.freelance.de\/blog\/interview-react-js-ein-experte-erzaehlt\/#primaryimage\",\"url\":\"https:\/\/www.freelance.de\/blog\/wp-content\/uploads\/2020\/06\/interview-reihe-skills.jpg\",\"contentUrl\":\"https:\/\/www.freelance.de\/blog\/wp-content\/uploads\/2020\/06\/interview-reihe-skills.jpg\",\"width\":700,\"height\":466,\"caption\":\"Interview Reihe\"},{\"@type\":\"BreadcrumbList\",\"@id\":\"https:\/\/www.freelance.de\/blog\/interview-react-js-ein-experte-erzaehlt\/#breadcrumb\",\"itemListElement\":[{\"@type\":\"ListItem\",\"position\":1,\"name\":\"Home\",\"item\":\"https:\/\/www.freelance.de\/blog\/\"},{\"@type\":\"ListItem\",\"position\":2,\"name\":\"React JS: ein freelance.de Experte erz\u00e4hlt\"}]},{\"@type\":\"WebSite\",\"@id\":\"https:\/\/www.freelance.de\/blog\/#website\",\"url\":\"https:\/\/www.freelance.de\/blog\/\",\"name\":\"freelance.de Blog\",\"description\":\"Alles zum Thema Freelancing\",\"publisher\":{\"@id\":\"https:\/\/www.freelance.de\/blog\/#organization\"},\"potentialAction\":[{\"@type\":\"SearchAction\",\"target\":{\"@type\":\"EntryPoint\",\"urlTemplate\":\"https:\/\/www.freelance.de\/blog\/?s={search_term_string}\"},\"query-input\":{\"@type\":\"PropertyValueSpecification\",\"valueRequired\":true,\"valueName\":\"search_term_string\"}}],\"inLanguage\":\"de\"},{\"@type\":\"Organization\",\"@id\":\"https:\/\/www.freelance.de\/blog\/#organization\",\"name\":\"freelance.de\",\"alternateName\":\"freelance.de\",\"url\":\"https:\/\/www.freelance.de\/blog\/\",\"logo\":{\"@type\":\"ImageObject\",\"inLanguage\":\"de\",\"@id\":\"https:\/\/www.freelance.de\/blog\/#\/schema\/logo\/image\/\",\"url\":\"https:\/\/www.freelance.de\/blog\/wp-content\/uploads\/2023\/03\/230315_freelance-de_BLOGLOGO.png\",\"contentUrl\":\"https:\/\/www.freelance.de\/blog\/wp-content\/uploads\/2023\/03\/230315_freelance-de_BLOGLOGO.png\",\"width\":1746,\"height\":411,\"caption\":\"freelance.de\"},\"image\":{\"@id\":\"https:\/\/www.freelance.de\/blog\/#\/schema\/logo\/image\/\"},\"sameAs\":[\"http:\/\/www.facebook.com\/Freelance.de\",\"https:\/\/x.com\/freelanceDE\"]},{\"@type\":\"Person\",\"@id\":\"https:\/\/www.freelance.de\/blog\/#\/schema\/person\/10ac6084b3aa712e4d50188709639844\",\"name\":\"freelance.de Redaktion\",\"image\":{\"@type\":\"ImageObject\",\"inLanguage\":\"de\",\"@id\":\"https:\/\/www.freelance.de\/blog\/#\/schema\/person\/image\/\",\"url\":\"https:\/\/www.freelance.de\/blog\/wp-content\/uploads\/2023\/03\/redaktionsteam-fl.png\",\"contentUrl\":\"https:\/\/www.freelance.de\/blog\/wp-content\/uploads\/2023\/03\/redaktionsteam-fl.png\",\"caption\":\"freelance.de Redaktion\"},\"description\":\"Unser Online-Redaktionsteam besteht aus aktuellen und ehemaligen Mitarbeiterinnen und Mitarbeitern von freelance.de sowie aus externen Expertinnen und Experten. Sie beherrschen nicht nur die Kunst mit Buchstaben und Worten zu jonglieren, sondern gehen stets die Extrameile, um relevante und aktuelle Themen f\u00fcr Freelancer aufzudecken und wertvolle Erfahrungen weiterzugeben.\",\"url\":\"https:\/\/www.freelance.de\/blog\/author\/freelanceteam\/\"},false]}<\/script>\n<!-- \/ Yoast SEO plugin. -->","yoast_head_json":{"title":"React JS: Interview mit einem Experte - freelance.de\/blog","description":"Was ist das besondere an React JS? Ein freelance.de Experte und Freelancer gibt Ihnen Einblick was es kann und wof\u00fcr es eingesetzt wird.","robots":{"index":"index","follow":"follow","max-snippet":"max-snippet:-1","max-image-preview":"max-image-preview:large","max-video-preview":"max-video-preview:-1"},"canonical":"https:\/\/www.freelance.de\/blog\/interview-react-js-ein-experte-erzaehlt\/","og_locale":"de_DE","og_type":"article","og_title":"React JS: Interview mit einem Experte - freelance.de\/blog","og_description":"Was ist das besondere an React JS? Ein freelance.de Experte und Freelancer gibt Ihnen Einblick was es kann und wof\u00fcr es eingesetzt wird.","og_url":"https:\/\/www.freelance.de\/blog\/interview-react-js-ein-experte-erzaehlt\/","og_site_name":"freelance.de Blog","article_publisher":"http:\/\/www.facebook.com\/Freelance.de","article_published_time":"2020-06-04T09:00:00+00:00","article_modified_time":"2023-08-01T09:54:52+00:00","og_image":[{"width":700,"height":466,"url":"https:\/\/www.freelance.de\/blog\/wp-content\/uploads\/2020\/06\/interview-reihe-skills.jpg","type":"image\/jpeg"}],"author":"freelance.de Redaktion","twitter_card":"summary_large_image","twitter_creator":"@freelanceDE","twitter_site":"@freelanceDE","twitter_misc":{"Verfasst von":"freelance.de Redaktion","Gesch\u00e4tzte Lesezeit":"5\u00a0Minuten"},"schema":{"@context":"https:\/\/schema.org","@graph":[{"@type":"Article","@id":"https:\/\/www.freelance.de\/blog\/interview-react-js-ein-experte-erzaehlt\/#article","isPartOf":{"@id":"https:\/\/www.freelance.de\/blog\/interview-react-js-ein-experte-erzaehlt\/"},"author":{"name":"freelance.de Redaktion","@id":"https:\/\/www.freelance.de\/blog\/#\/schema\/person\/10ac6084b3aa712e4d50188709639844"},"headline":"React JS: ein freelance.de Experte erz\u00e4hlt","datePublished":"2020-06-04T09:00:00+00:00","dateModified":"2023-08-01T09:54:52+00:00","mainEntityOfPage":{"@id":"https:\/\/www.freelance.de\/blog\/interview-react-js-ein-experte-erzaehlt\/"},"wordCount":895,"commentCount":0,"publisher":{"@id":"https:\/\/www.freelance.de\/blog\/#organization"},"image":{"@id":"https:\/\/www.freelance.de\/blog\/interview-react-js-ein-experte-erzaehlt\/#primaryimage"},"thumbnailUrl":"https:\/\/www.freelance.de\/blog\/wp-content\/uploads\/2020\/06\/interview-reihe-skills.jpg","keywords":["Freelancer","Freiberufler","Interview","Skills"],"articleSection":["Experten Interviews"],"inLanguage":"de","potentialAction":[{"@type":"CommentAction","name":"Comment","target":["https:\/\/www.freelance.de\/blog\/interview-react-js-ein-experte-erzaehlt\/#respond"]}]},{"@type":"WebPage","@id":"https:\/\/www.freelance.de\/blog\/interview-react-js-ein-experte-erzaehlt\/","url":"https:\/\/www.freelance.de\/blog\/interview-react-js-ein-experte-erzaehlt\/","name":"React JS: Interview mit einem Experte - freelance.de\/blog","isPartOf":{"@id":"https:\/\/www.freelance.de\/blog\/#website"},"primaryImageOfPage":{"@id":"https:\/\/www.freelance.de\/blog\/interview-react-js-ein-experte-erzaehlt\/#primaryimage"},"image":{"@id":"https:\/\/www.freelance.de\/blog\/interview-react-js-ein-experte-erzaehlt\/#primaryimage"},"thumbnailUrl":"https:\/\/www.freelance.de\/blog\/wp-content\/uploads\/2020\/06\/interview-reihe-skills.jpg","datePublished":"2020-06-04T09:00:00+00:00","dateModified":"2023-08-01T09:54:52+00:00","description":"Was ist das besondere an React JS? Ein freelance.de Experte und Freelancer gibt Ihnen Einblick was es kann und wof\u00fcr es eingesetzt wird.","breadcrumb":{"@id":"https:\/\/www.freelance.de\/blog\/interview-react-js-ein-experte-erzaehlt\/#breadcrumb"},"inLanguage":"de","potentialAction":[{"@type":"ReadAction","target":["https:\/\/www.freelance.de\/blog\/interview-react-js-ein-experte-erzaehlt\/"]}]},{"@type":"ImageObject","inLanguage":"de","@id":"https:\/\/www.freelance.de\/blog\/interview-react-js-ein-experte-erzaehlt\/#primaryimage","url":"https:\/\/www.freelance.de\/blog\/wp-content\/uploads\/2020\/06\/interview-reihe-skills.jpg","contentUrl":"https:\/\/www.freelance.de\/blog\/wp-content\/uploads\/2020\/06\/interview-reihe-skills.jpg","width":700,"height":466,"caption":"Interview Reihe"},{"@type":"BreadcrumbList","@id":"https:\/\/www.freelance.de\/blog\/interview-react-js-ein-experte-erzaehlt\/#breadcrumb","itemListElement":[{"@type":"ListItem","position":1,"name":"Home","item":"https:\/\/www.freelance.de\/blog\/"},{"@type":"ListItem","position":2,"name":"React JS: ein freelance.de Experte erz\u00e4hlt"}]},{"@type":"WebSite","@id":"https:\/\/www.freelance.de\/blog\/#website","url":"https:\/\/www.freelance.de\/blog\/","name":"freelance.de Blog","description":"Alles zum Thema Freelancing","publisher":{"@id":"https:\/\/www.freelance.de\/blog\/#organization"},"potentialAction":[{"@type":"SearchAction","target":{"@type":"EntryPoint","urlTemplate":"https:\/\/www.freelance.de\/blog\/?s={search_term_string}"},"query-input":{"@type":"PropertyValueSpecification","valueRequired":true,"valueName":"search_term_string"}}],"inLanguage":"de"},{"@type":"Organization","@id":"https:\/\/www.freelance.de\/blog\/#organization","name":"freelance.de","alternateName":"freelance.de","url":"https:\/\/www.freelance.de\/blog\/","logo":{"@type":"ImageObject","inLanguage":"de","@id":"https:\/\/www.freelance.de\/blog\/#\/schema\/logo\/image\/","url":"https:\/\/www.freelance.de\/blog\/wp-content\/uploads\/2023\/03\/230315_freelance-de_BLOGLOGO.png","contentUrl":"https:\/\/www.freelance.de\/blog\/wp-content\/uploads\/2023\/03\/230315_freelance-de_BLOGLOGO.png","width":1746,"height":411,"caption":"freelance.de"},"image":{"@id":"https:\/\/www.freelance.de\/blog\/#\/schema\/logo\/image\/"},"sameAs":["http:\/\/www.facebook.com\/Freelance.de","https:\/\/x.com\/freelanceDE"]},{"@type":"Person","@id":"https:\/\/www.freelance.de\/blog\/#\/schema\/person\/10ac6084b3aa712e4d50188709639844","name":"freelance.de Redaktion","image":{"@type":"ImageObject","inLanguage":"de","@id":"https:\/\/www.freelance.de\/blog\/#\/schema\/person\/image\/","url":"https:\/\/www.freelance.de\/blog\/wp-content\/uploads\/2023\/03\/redaktionsteam-fl.png","contentUrl":"https:\/\/www.freelance.de\/blog\/wp-content\/uploads\/2023\/03\/redaktionsteam-fl.png","caption":"freelance.de Redaktion"},"description":"Unser Online-Redaktionsteam besteht aus aktuellen und ehemaligen Mitarbeiterinnen und Mitarbeitern von freelance.de sowie aus externen Expertinnen und Experten. Sie beherrschen nicht nur die Kunst mit Buchstaben und Worten zu jonglieren, sondern gehen stets die Extrameile, um relevante und aktuelle Themen f\u00fcr Freelancer aufzudecken und wertvolle Erfahrungen weiterzugeben.","url":"https:\/\/www.freelance.de\/blog\/author\/freelanceteam\/"},false]}},"_links":{"self":[{"href":"https:\/\/www.freelance.de\/blog\/wp-json\/wp\/v2\/posts\/19862","targetHints":{"allow":["GET"]}}],"collection":[{"href":"https:\/\/www.freelance.de\/blog\/wp-json\/wp\/v2\/posts"}],"about":[{"href":"https:\/\/www.freelance.de\/blog\/wp-json\/wp\/v2\/types\/post"}],"author":[{"embeddable":true,"href":"https:\/\/www.freelance.de\/blog\/wp-json\/wp\/v2\/users\/39"}],"replies":[{"embeddable":true,"href":"https:\/\/www.freelance.de\/blog\/wp-json\/wp\/v2\/comments?post=19862"}],"version-history":[{"count":10,"href":"https:\/\/www.freelance.de\/blog\/wp-json\/wp\/v2\/posts\/19862\/revisions"}],"predecessor-version":[{"id":29464,"href":"https:\/\/www.freelance.de\/blog\/wp-json\/wp\/v2\/posts\/19862\/revisions\/29464"}],"wp:featuredmedia":[{"embeddable":true,"href":"https:\/\/www.freelance.de\/blog\/wp-json\/wp\/v2\/media\/19990"}],"wp:attachment":[{"href":"https:\/\/www.freelance.de\/blog\/wp-json\/wp\/v2\/media?parent=19862"}],"wp:term":[{"taxonomy":"category","embeddable":true,"href":"https:\/\/www.freelance.de\/blog\/wp-json\/wp\/v2\/categories?post=19862"},{"taxonomy":"post_tag","embeddable":true,"href":"https:\/\/www.freelance.de\/blog\/wp-json\/wp\/v2\/tags?post=19862"}],"curies":[{"name":"wp","href":"https:\/\/api.w.org\/{rel}","templated":true}]}}