{"id":19978,"date":"2020-09-17T08:00:00","date_gmt":"2020-09-17T06:00:00","guid":{"rendered":"https:\/\/www.freelance.de\/blog\/?p=19978"},"modified":"2023-12-12T10:45:54","modified_gmt":"2023-12-12T09:45:54","slug":"fotografen-fuer-profilfoto","status":"publish","type":"post","link":"https:\/\/www.freelance.de\/blog\/fotografen-fuer-profilfoto\/","title":{"rendered":"Wie komme ich zu einem guten Profilfoto?"},"content":{"rendered":"\n<p>Im zweiten Teil dieser Serie geht es um die Frage, wie man einen geeigneten Fotografen f\u00fcr sein Profilfoto findet. Kleiner Tipp vorab, der eigene Hochzeitsfotograf wird es sehr wahrscheinlich nicht sein.<\/p>\n\n\n\n<p>In Folge 1 gab es bereits <a rel=\"noreferrer noopener\" href=\"https:\/\/www.freelance.de\/blog\/diese-tipps-verhelfen-ihnen-zu-einem-perfekten-profilfoto\/\" target=\"_blank\">Tipps<\/a>, die Ihnen zu einem perfekten Profilbild verhelfen. In Folge 3 stellen wir <a href=\"https:\/\/www.freelance.de\/blog\/own-brand-eine-eigene-bildsprache-entwickeln-individualitaet-des-profilbildes\/\">&#8220;Own Brand &#8211; eine eigene Bildsprache entwickeln&#8221;<\/a> vor. <\/p>\n\n\n\n<p>Die erste Frage, die man sich bei der Vorbereitung f\u00fcr die Suche nach einem Fotografen beantworten sollte ist: Was m\u00f6chte ich mit den Fotos machen? Nur f\u00fcr Social Media? Oder auch f\u00fcr eine Website und allgemeine Pressebilder, die auch ganzseitig in einem Magazin oder einer Fachpublikation gedruckt werden k\u00f6nnen? Wie bereits im ersten Beitrag zum Profilfoto erw\u00e4hnt, sind damit auch unterschiedliche Bildausschnitte und Gestaltungsfreiheiten verbunden. Funktioniert f\u00fcr den ganzseitigen Magazindruck ein cooles Ganzk\u00f6rperportrait mit stimmigen Hintergrund sehr gut, w\u00e4re das gleiche Bild f\u00fcr <a aria-label=\"undefined (opens in a new tab)\" href=\"https:\/\/www.freelance.de\/blog\/tipps-fuer-die-perfekte-bewerbung\/\" target=\"_blank\" rel=\"noreferrer noopener\">Ihr Freelancer Profil<\/a> g\u00e4nzlich ungeeignet. Das Gesicht und der Gesichtsausdruck werden aufgrund der wenigen Bild-Pixel nicht ausreichend scharf angezeigt.<\/p>\n\n\n\n<figure class=\"wp-block-image size-full\"><img loading=\"lazy\" decoding=\"async\" width=\"800\" height=\"400\" src=\"https:\/\/www.freelance.de\/blog\/wp-content\/uploads\/2023\/08\/Fotografen.png\" alt=\"Gutes Profilfoto mit gutem Fotografen\" class=\"wp-image-29803\"\/><\/figure>\n\n\n\n<p>Direkt mit dieser Frage verbunden sind auch die Nutzungsrechte, die man f\u00fcr die Portraits vereinbart.<\/p>\n\n\n\n<p>Hierzu ein paar Gedanken: Niemand braucht alle Nutzungsrechte! Das klingt zwar verlockend, aber wollen Sie mit ihrem Bild eine Buswerbefl\u00e4che in Sidney bespielen? Oder eine Werbeanzeige in einem Kanadischen Magazin schalten? Wahrscheinlich eher nicht, es sei denn Sie sind CEO eines internationalen Konzerns. Ansonsten l\u00e4sst sich f\u00fcr Sie die Nutzung doch relativ klar definieren: Nutzung auf der Website, auf Social Media Plattformen, Ihr <a aria-label=\"undefined (opens in a new tab)\" href=\"https:\/\/www.freelance.de\/profile_freelancer\/edit.php\" target=\"_blank\" rel=\"noreferrer noopener\">Freelancer Profil <\/a>oder f\u00fcr PR-Zwecke. Bliebe noch die Nutzungsdauer. Obgleich es Personen gibt, die Ihr Portrait 10 Jahre lang nutzen, stellt sich die Frage, ob das im Sinne von \u201eSelf-Branding\u201c sinnvoll ist. Alle 2-3 Jahre sein Profilbild zu aktualisieren, sprich neu fotografieren zu lassen, macht aus vielerlei Gr\u00fcnden Sinn. Das Lebensalter ist nur einer davon.<\/p>\n\n\n\n<p>Somit d\u00fcrfte man also auch mit 5-j\u00e4hrigen Nutzungsrechten gut klar kommen und kann auf \u201ezeitlich uneingeschr\u00e4nkt\u201c verzichten. Es sei denn man m\u00f6chte auf diesen mehr oder weniger sinnfreien Marketinggag hereinfallen.<\/p>\n\n\n\n<h2 class=\"wp-block-heading\">Kleiner Exkurs: Pers\u00f6nlichkeitsrechte vs. Urheberrechte<\/h2>\n\n\n\n<p>An einem Portraitfoto wirken immer zwei Rechte mit: Das Urheberrecht, das dem Fotograf geh\u00f6rt und sich \u00fcbrigens auch nicht abkaufen l\u00e4\u00dft, und das Pers\u00f6nlichkeitsrecht, das Ihnen als Portraitierten geh\u00f6rt. Somit ist auch klar, warum weder Fotograf, noch Portraitierter ohne die Zustimmung des jeweils anderen etwas mit den Fotos machen darf. Da man sich aber in der Regel vor dem Shooting \u00fcber diesen Punkt einigt, gibt es im Nachgang auch keinerlei Probleme.<\/p>\n\n\n\n<p>Eine Bildbearbeitung, ohne Zustimmung des Urhebers (sprich des Fotografen) stellt \u00fcbrigens (rein rechtlich gesehen) eine Urheberrechtsverletzung dar. Wenn Sie also \u00c4nderungsw\u00fcnsche (im Sinne von mehr oder weniger Retusche o.\u00e4.) haben, sprechen Sie dar\u00fcber mit Ihrem Fotograf und legen Sie auf keinen Fall selbst Hand hat, selbst wenn Sie eine Photoshop-Lizenz und entsprechendes KnowHow besitzen!<\/p>\n\n\n\n\n\n<h2 class=\"wp-block-heading\">Wo und wie finde ich einen Fotograf?<\/h2>\n\n\n\n<p>Mein Tipp: Wenn Sie einen Fotograf in Ihrer r\u00e4umlichen N\u00e4he gefunden haben, schauen Sie sich die Portraits in dessen Portfolio an. Finden Sie sich wieder?<\/p>\n\n\n\n<p>Stellen Sie sich vor, Sie sind Unternehmensberater und finden auf der Website nur Beautyshots von jugendlichen Models: dann vielleicht doch noch etwas weitersuchen! Nicht, dass dieser Fotograf keine guten Businessportraits fotografieren kann, aber Sie h\u00e4tten m\u00f6glicherweise ein unsicheres Gef\u00fchl.<\/p>\n\n\n\n<p>Haben Sie einen Fotograf gefunden, bei dem Sie sich gut vorstellen k\u00f6nnen, dass er Sie f\u00fcr Ihre Zwecke portraitieren kann, schauen Sie vor der Kontaktaufnahme auch das Profilbild des Fotografen an! Ist Ihnen der oder diejenige sympathisch? K\u00f6nnen Sie sich eine Zusammenarbeit vorstellen?<\/p>\n\n\n\n<p>Prima, dann nehmen Sie Kontakt auf. Sprechen Sie dar\u00fcber, f\u00fcr welche Zwecke Sie die Bilder nutzen m\u00f6chten. Vielleicht haben Sie bereits auf der Website des Fotografen Bilder entdeckt, die Ihnen gut gefallen und wie Sie auch gerne fotografiert werden w\u00fcrden. Das hilft auch dem Fotografen bei der Vorbereitung enorm weiter.<\/p>\n\n\n\n<p>Lassen Sie ihm auch ein aktuelles Bild von sich selbst zukommen, so dass er sich im Vorfeld auch ein Bild von Ihnen machen kann.<\/p>\n\n\n\n<p>Sprechen Sie \u00fcber die Shooting-Location, sollte es nicht ausschlie\u00dflich um gute Headshots vor neutralem Studiohintergrund gehen. Mit Locationshots steigt zwar der Aufwand erheblich, bei einer Nutzungsdauer von 2-3 Jahren und umfassender Nutzung, kann ich das aber nur empfehlen.<\/p>\n\n\n\n<p>Ein weiterer Punkt sind Haare und Make-Up. Wie geht der Fotograf an dieser Stelle vor? Ist eine Visagistin mit dabei? Wenn ja, welche Kosten entstehen? Mein Tipp: Das Geld ist gut investiert. Sie f\u00fchlen sich einfach besser, wenn jemand dabei ist, der sich um Glanzstellen, Frisur u.\u00e4. k\u00fcmmert. Die Ergebnisse werden deutlich besser!<\/p>\n\n\n\n<p>Behalten Sie all diese Kriterien bei der Auswahl Ihres Fotografen im Hinterkopf. So werden Sie sicher die f\u00fcr Sie passende Wahl treffen.<\/p>\n\n\n\n<h2 class=\"wp-block-heading\"><strong>Das Wichtigste f\u00fcr Sie zusammengefasst:<\/strong>\u00a0<\/h2>\n\n\n\n<ul class=\"wp-block-list\">\n<li>Vor der Fotografensuche: Nutzungszweck und -rechte kl\u00e4ren.<\/li>\n\n\n\n<li>Rechte am Portraitfoto beachten: Urheber- und Pers\u00f6nlichkeitsrecht.<\/li>\n\n\n\n<li>Fotograf finden: Portfolio pr\u00fcfen, Sympathie, Details kl\u00e4ren.<\/li>\n<\/ul>\n\n\n\n<hr class=\"wp-block-separator has-alpha-channel-opacity\"\/>\n\n\n\n<p class=\"has-background\" style=\"background-color:#e6e6e6\">Welche Profildetails sind f\u00fcr Sie, neben dem Profilfoto, noch wichtig zu beachten? Lassen Sie es uns in den Kommentaren wissen!<\/p>\n<div style='text-align:center' class='yasr-auto-insert-visitor'><\/div>","protected":false},"excerpt":{"rendered":"<p>Im zweiten Teil dieser Serie geht es um die Frage, wie man einen geeigneten Fotografen f\u00fcr sein Profilfoto findet. Kleiner Tipp vorab, der eigene&hellip;<\/p>\n","protected":false},"author":43,"featured_media":29803,"comment_status":"open","ping_status":"open","sticky":false,"template":"","format":"standard","meta":{"yasr_overall_rating":0,"yasr_post_is_review":"","yasr_auto_insert_disabled":"","yasr_review_type":"","footnotes":""},"categories":[892],"tags":[105,283,717],"class_list":["post-19978","post","type-post","status-publish","format-standard","has-post-thumbnail","hentry","category-selbstmarketing-freelancer","tag-freelancer","tag-freelancer-profil","tag-profilbild"],"acf":[],"yasr_visitor_votes":{"stars_attributes":{"read_only":false,"span_bottom":false},"number_of_votes":0,"sum_votes":0},"yoast_head":"<!-- This site is optimized with the Yoast SEO plugin v26.8 - https:\/\/yoast.com\/product\/yoast-seo-wordpress\/ -->\n<title>Wie komme ich zu einem guten Fotografen f\u00fcr mein Profilfoto?<\/title>\n<meta name=\"description\" content=\"Wie kommt man denn jetzt zu einem passenden Fotografen f\u00fcr sein Profilfoto? Die Antwort dazu finden Sie im 2. Artikel der Serie &quot;Profilfoto&quot;.\" \/>\n<meta name=\"robots\" content=\"index, follow, max-snippet:-1, max-image-preview:large, max-video-preview:-1\" \/>\n<link rel=\"canonical\" href=\"https:\/\/www.freelance.de\/blog\/fotografen-fuer-profilfoto\/\" \/>\n<meta property=\"og:locale\" content=\"de_DE\" \/>\n<meta property=\"og:type\" content=\"article\" \/>\n<meta property=\"og:title\" content=\"Wie komme ich zu einem guten Fotografen f\u00fcr mein Profilfoto?\" \/>\n<meta property=\"og:description\" content=\"Wie kommt man denn jetzt zu einem passenden Fotografen f\u00fcr sein Profilfoto? Die Antwort dazu finden Sie im 2. Artikel der Serie &quot;Profilfoto&quot;.\" \/>\n<meta property=\"og:url\" content=\"https:\/\/www.freelance.de\/blog\/fotografen-fuer-profilfoto\/\" \/>\n<meta property=\"og:site_name\" content=\"freelance.de Blog\" \/>\n<meta property=\"article:publisher\" content=\"http:\/\/www.facebook.com\/Freelance.de\" \/>\n<meta property=\"article:published_time\" content=\"2020-09-17T06:00:00+00:00\" \/>\n<meta property=\"article:modified_time\" content=\"2023-12-12T09:45:54+00:00\" \/>\n<meta property=\"og:image\" content=\"https:\/\/www.freelance.de\/blog\/wp-content\/uploads\/2023\/08\/Fotografen.png\" \/>\n\t<meta property=\"og:image:width\" content=\"800\" \/>\n\t<meta property=\"og:image:height\" content=\"400\" \/>\n\t<meta property=\"og:image:type\" content=\"image\/png\" \/>\n<meta name=\"author\" content=\"Thorsten Jochim\" \/>\n<meta name=\"twitter:card\" content=\"summary_large_image\" \/>\n<meta name=\"twitter:creator\" content=\"@freelanceDE\" \/>\n<meta name=\"twitter:site\" content=\"@freelanceDE\" \/>\n<meta name=\"twitter:label1\" content=\"Verfasst von\" \/>\n\t<meta name=\"twitter:data1\" content=\"Thorsten Jochim\" \/>\n\t<meta name=\"twitter:label2\" content=\"Gesch\u00e4tzte Lesezeit\" \/>\n\t<meta name=\"twitter:data2\" content=\"5\u00a0Minuten\" \/>\n<script type=\"application\/ld+json\" class=\"yoast-schema-graph\">{\"@context\":\"https:\/\/schema.org\",\"@graph\":[{\"@type\":\"Article\",\"@id\":\"https:\/\/www.freelance.de\/blog\/fotografen-fuer-profilfoto\/#article\",\"isPartOf\":{\"@id\":\"https:\/\/www.freelance.de\/blog\/fotografen-fuer-profilfoto\/\"},\"author\":{\"name\":\"Thorsten Jochim\",\"@id\":\"https:\/\/www.freelance.de\/blog\/#\/schema\/person\/3926a95b5816731ced32ef47e666ae91\"},\"headline\":\"Wie komme ich zu einem guten Profilfoto?\",\"datePublished\":\"2020-09-17T06:00:00+00:00\",\"dateModified\":\"2023-12-12T09:45:54+00:00\",\"mainEntityOfPage\":{\"@id\":\"https:\/\/www.freelance.de\/blog\/fotografen-fuer-profilfoto\/\"},\"wordCount\":855,\"commentCount\":2,\"publisher\":{\"@id\":\"https:\/\/www.freelance.de\/blog\/#organization\"},\"image\":{\"@id\":\"https:\/\/www.freelance.de\/blog\/fotografen-fuer-profilfoto\/#primaryimage\"},\"thumbnailUrl\":\"https:\/\/www.freelance.de\/blog\/wp-content\/uploads\/2023\/08\/Fotografen.png\",\"keywords\":[\"Freelancer\",\"Freelancer Profil\",\"Profilbild\"],\"articleSection\":[\"Selbstmarketing f\u00fcr Freelancer\"],\"inLanguage\":\"de\",\"potentialAction\":[{\"@type\":\"CommentAction\",\"name\":\"Comment\",\"target\":[\"https:\/\/www.freelance.de\/blog\/fotografen-fuer-profilfoto\/#respond\"]}]},{\"@type\":\"WebPage\",\"@id\":\"https:\/\/www.freelance.de\/blog\/fotografen-fuer-profilfoto\/\",\"url\":\"https:\/\/www.freelance.de\/blog\/fotografen-fuer-profilfoto\/\",\"name\":\"Wie komme ich zu einem guten Fotografen f\u00fcr mein Profilfoto?\",\"isPartOf\":{\"@id\":\"https:\/\/www.freelance.de\/blog\/#website\"},\"primaryImageOfPage\":{\"@id\":\"https:\/\/www.freelance.de\/blog\/fotografen-fuer-profilfoto\/#primaryimage\"},\"image\":{\"@id\":\"https:\/\/www.freelance.de\/blog\/fotografen-fuer-profilfoto\/#primaryimage\"},\"thumbnailUrl\":\"https:\/\/www.freelance.de\/blog\/wp-content\/uploads\/2023\/08\/Fotografen.png\",\"datePublished\":\"2020-09-17T06:00:00+00:00\",\"dateModified\":\"2023-12-12T09:45:54+00:00\",\"description\":\"Wie kommt man denn jetzt zu einem passenden Fotografen f\u00fcr sein Profilfoto? Die Antwort dazu finden Sie im 2. Artikel der Serie \\\"Profilfoto\\\".\",\"breadcrumb\":{\"@id\":\"https:\/\/www.freelance.de\/blog\/fotografen-fuer-profilfoto\/#breadcrumb\"},\"inLanguage\":\"de\",\"potentialAction\":[{\"@type\":\"ReadAction\",\"target\":[\"https:\/\/www.freelance.de\/blog\/fotografen-fuer-profilfoto\/\"]}]},{\"@type\":\"ImageObject\",\"inLanguage\":\"de\",\"@id\":\"https:\/\/www.freelance.de\/blog\/fotografen-fuer-profilfoto\/#primaryimage\",\"url\":\"https:\/\/www.freelance.de\/blog\/wp-content\/uploads\/2023\/08\/Fotografen.png\",\"contentUrl\":\"https:\/\/www.freelance.de\/blog\/wp-content\/uploads\/2023\/08\/Fotografen.png\",\"width\":800,\"height\":400},{\"@type\":\"BreadcrumbList\",\"@id\":\"https:\/\/www.freelance.de\/blog\/fotografen-fuer-profilfoto\/#breadcrumb\",\"itemListElement\":[{\"@type\":\"ListItem\",\"position\":1,\"name\":\"Home\",\"item\":\"https:\/\/www.freelance.de\/blog\/\"},{\"@type\":\"ListItem\",\"position\":2,\"name\":\"Wie komme ich zu einem guten Profilfoto?\"}]},{\"@type\":\"WebSite\",\"@id\":\"https:\/\/www.freelance.de\/blog\/#website\",\"url\":\"https:\/\/www.freelance.de\/blog\/\",\"name\":\"freelance.de Blog\",\"description\":\"Alles zum Thema Freelancing\",\"publisher\":{\"@id\":\"https:\/\/www.freelance.de\/blog\/#organization\"},\"potentialAction\":[{\"@type\":\"SearchAction\",\"target\":{\"@type\":\"EntryPoint\",\"urlTemplate\":\"https:\/\/www.freelance.de\/blog\/?s={search_term_string}\"},\"query-input\":{\"@type\":\"PropertyValueSpecification\",\"valueRequired\":true,\"valueName\":\"search_term_string\"}}],\"inLanguage\":\"de\"},{\"@type\":\"Organization\",\"@id\":\"https:\/\/www.freelance.de\/blog\/#organization\",\"name\":\"freelance.de\",\"alternateName\":\"freelance.de\",\"url\":\"https:\/\/www.freelance.de\/blog\/\",\"logo\":{\"@type\":\"ImageObject\",\"inLanguage\":\"de\",\"@id\":\"https:\/\/www.freelance.de\/blog\/#\/schema\/logo\/image\/\",\"url\":\"https:\/\/www.freelance.de\/blog\/wp-content\/uploads\/2023\/03\/230315_freelance-de_BLOGLOGO.png\",\"contentUrl\":\"https:\/\/www.freelance.de\/blog\/wp-content\/uploads\/2023\/03\/230315_freelance-de_BLOGLOGO.png\",\"width\":1746,\"height\":411,\"caption\":\"freelance.de\"},\"image\":{\"@id\":\"https:\/\/www.freelance.de\/blog\/#\/schema\/logo\/image\/\"},\"sameAs\":[\"http:\/\/www.facebook.com\/Freelance.de\",\"https:\/\/x.com\/freelanceDE\"]},{\"@type\":\"Person\",\"@id\":\"https:\/\/www.freelance.de\/blog\/#\/schema\/person\/3926a95b5816731ced32ef47e666ae91\",\"name\":\"Thorsten Jochim\",\"image\":{\"@type\":\"ImageObject\",\"inLanguage\":\"de\",\"@id\":\"https:\/\/www.freelance.de\/blog\/#\/schema\/person\/image\/\",\"url\":\"https:\/\/www.freelance.de\/blog\/wp-content\/uploads\/2020\/07\/thorsten-jochim.1024x1024-120x120.jpg\",\"contentUrl\":\"https:\/\/www.freelance.de\/blog\/wp-content\/uploads\/2020\/07\/thorsten-jochim.1024x1024-120x120.jpg\",\"caption\":\"Thorsten Jochim\"},\"description\":\"Ich bin seit 2002 Fotograf f\u00fcr Corporate, Portrait und Reportage und arbeite national und international f\u00fcr Firmen, Agenturen und Redaktionen. Besuchen Sie gerne meine Website unter www.thorstenjochim.com\",\"sameAs\":[\"http:\/\/www.thorstenjochim.com\"],\"url\":\"https:\/\/www.freelance.de\/blog\/author\/thorstenjoachim\/\"},false]}<\/script>\n<!-- \/ Yoast SEO plugin. -->","yoast_head_json":{"title":"Wie komme ich zu einem guten Fotografen f\u00fcr mein Profilfoto?","description":"Wie kommt man denn jetzt zu einem passenden Fotografen f\u00fcr sein Profilfoto? Die Antwort dazu finden Sie im 2. Artikel der Serie \"Profilfoto\".","robots":{"index":"index","follow":"follow","max-snippet":"max-snippet:-1","max-image-preview":"max-image-preview:large","max-video-preview":"max-video-preview:-1"},"canonical":"https:\/\/www.freelance.de\/blog\/fotografen-fuer-profilfoto\/","og_locale":"de_DE","og_type":"article","og_title":"Wie komme ich zu einem guten Fotografen f\u00fcr mein Profilfoto?","og_description":"Wie kommt man denn jetzt zu einem passenden Fotografen f\u00fcr sein Profilfoto? Die Antwort dazu finden Sie im 2. Artikel der Serie \"Profilfoto\".","og_url":"https:\/\/www.freelance.de\/blog\/fotografen-fuer-profilfoto\/","og_site_name":"freelance.de Blog","article_publisher":"http:\/\/www.facebook.com\/Freelance.de","article_published_time":"2020-09-17T06:00:00+00:00","article_modified_time":"2023-12-12T09:45:54+00:00","og_image":[{"width":800,"height":400,"url":"https:\/\/www.freelance.de\/blog\/wp-content\/uploads\/2023\/08\/Fotografen.png","type":"image\/png"}],"author":"Thorsten Jochim","twitter_card":"summary_large_image","twitter_creator":"@freelanceDE","twitter_site":"@freelanceDE","twitter_misc":{"Verfasst von":"Thorsten Jochim","Gesch\u00e4tzte Lesezeit":"5\u00a0Minuten"},"schema":{"@context":"https:\/\/schema.org","@graph":[{"@type":"Article","@id":"https:\/\/www.freelance.de\/blog\/fotografen-fuer-profilfoto\/#article","isPartOf":{"@id":"https:\/\/www.freelance.de\/blog\/fotografen-fuer-profilfoto\/"},"author":{"name":"Thorsten Jochim","@id":"https:\/\/www.freelance.de\/blog\/#\/schema\/person\/3926a95b5816731ced32ef47e666ae91"},"headline":"Wie komme ich zu einem guten Profilfoto?","datePublished":"2020-09-17T06:00:00+00:00","dateModified":"2023-12-12T09:45:54+00:00","mainEntityOfPage":{"@id":"https:\/\/www.freelance.de\/blog\/fotografen-fuer-profilfoto\/"},"wordCount":855,"commentCount":2,"publisher":{"@id":"https:\/\/www.freelance.de\/blog\/#organization"},"image":{"@id":"https:\/\/www.freelance.de\/blog\/fotografen-fuer-profilfoto\/#primaryimage"},"thumbnailUrl":"https:\/\/www.freelance.de\/blog\/wp-content\/uploads\/2023\/08\/Fotografen.png","keywords":["Freelancer","Freelancer Profil","Profilbild"],"articleSection":["Selbstmarketing f\u00fcr Freelancer"],"inLanguage":"de","potentialAction":[{"@type":"CommentAction","name":"Comment","target":["https:\/\/www.freelance.de\/blog\/fotografen-fuer-profilfoto\/#respond"]}]},{"@type":"WebPage","@id":"https:\/\/www.freelance.de\/blog\/fotografen-fuer-profilfoto\/","url":"https:\/\/www.freelance.de\/blog\/fotografen-fuer-profilfoto\/","name":"Wie komme ich zu einem guten Fotografen f\u00fcr mein Profilfoto?","isPartOf":{"@id":"https:\/\/www.freelance.de\/blog\/#website"},"primaryImageOfPage":{"@id":"https:\/\/www.freelance.de\/blog\/fotografen-fuer-profilfoto\/#primaryimage"},"image":{"@id":"https:\/\/www.freelance.de\/blog\/fotografen-fuer-profilfoto\/#primaryimage"},"thumbnailUrl":"https:\/\/www.freelance.de\/blog\/wp-content\/uploads\/2023\/08\/Fotografen.png","datePublished":"2020-09-17T06:00:00+00:00","dateModified":"2023-12-12T09:45:54+00:00","description":"Wie kommt man denn jetzt zu einem passenden Fotografen f\u00fcr sein Profilfoto? Die Antwort dazu finden Sie im 2. Artikel der Serie \"Profilfoto\".","breadcrumb":{"@id":"https:\/\/www.freelance.de\/blog\/fotografen-fuer-profilfoto\/#breadcrumb"},"inLanguage":"de","potentialAction":[{"@type":"ReadAction","target":["https:\/\/www.freelance.de\/blog\/fotografen-fuer-profilfoto\/"]}]},{"@type":"ImageObject","inLanguage":"de","@id":"https:\/\/www.freelance.de\/blog\/fotografen-fuer-profilfoto\/#primaryimage","url":"https:\/\/www.freelance.de\/blog\/wp-content\/uploads\/2023\/08\/Fotografen.png","contentUrl":"https:\/\/www.freelance.de\/blog\/wp-content\/uploads\/2023\/08\/Fotografen.png","width":800,"height":400},{"@type":"BreadcrumbList","@id":"https:\/\/www.freelance.de\/blog\/fotografen-fuer-profilfoto\/#breadcrumb","itemListElement":[{"@type":"ListItem","position":1,"name":"Home","item":"https:\/\/www.freelance.de\/blog\/"},{"@type":"ListItem","position":2,"name":"Wie komme ich zu einem guten Profilfoto?"}]},{"@type":"WebSite","@id":"https:\/\/www.freelance.de\/blog\/#website","url":"https:\/\/www.freelance.de\/blog\/","name":"freelance.de Blog","description":"Alles zum Thema Freelancing","publisher":{"@id":"https:\/\/www.freelance.de\/blog\/#organization"},"potentialAction":[{"@type":"SearchAction","target":{"@type":"EntryPoint","urlTemplate":"https:\/\/www.freelance.de\/blog\/?s={search_term_string}"},"query-input":{"@type":"PropertyValueSpecification","valueRequired":true,"valueName":"search_term_string"}}],"inLanguage":"de"},{"@type":"Organization","@id":"https:\/\/www.freelance.de\/blog\/#organization","name":"freelance.de","alternateName":"freelance.de","url":"https:\/\/www.freelance.de\/blog\/","logo":{"@type":"ImageObject","inLanguage":"de","@id":"https:\/\/www.freelance.de\/blog\/#\/schema\/logo\/image\/","url":"https:\/\/www.freelance.de\/blog\/wp-content\/uploads\/2023\/03\/230315_freelance-de_BLOGLOGO.png","contentUrl":"https:\/\/www.freelance.de\/blog\/wp-content\/uploads\/2023\/03\/230315_freelance-de_BLOGLOGO.png","width":1746,"height":411,"caption":"freelance.de"},"image":{"@id":"https:\/\/www.freelance.de\/blog\/#\/schema\/logo\/image\/"},"sameAs":["http:\/\/www.facebook.com\/Freelance.de","https:\/\/x.com\/freelanceDE"]},{"@type":"Person","@id":"https:\/\/www.freelance.de\/blog\/#\/schema\/person\/3926a95b5816731ced32ef47e666ae91","name":"Thorsten Jochim","image":{"@type":"ImageObject","inLanguage":"de","@id":"https:\/\/www.freelance.de\/blog\/#\/schema\/person\/image\/","url":"https:\/\/www.freelance.de\/blog\/wp-content\/uploads\/2020\/07\/thorsten-jochim.1024x1024-120x120.jpg","contentUrl":"https:\/\/www.freelance.de\/blog\/wp-content\/uploads\/2020\/07\/thorsten-jochim.1024x1024-120x120.jpg","caption":"Thorsten Jochim"},"description":"Ich bin seit 2002 Fotograf f\u00fcr Corporate, Portrait und Reportage und arbeite national und international f\u00fcr Firmen, Agenturen und Redaktionen. Besuchen Sie gerne meine Website unter www.thorstenjochim.com","sameAs":["http:\/\/www.thorstenjochim.com"],"url":"https:\/\/www.freelance.de\/blog\/author\/thorstenjoachim\/"},false]}},"_links":{"self":[{"href":"https:\/\/www.freelance.de\/blog\/wp-json\/wp\/v2\/posts\/19978","targetHints":{"allow":["GET"]}}],"collection":[{"href":"https:\/\/www.freelance.de\/blog\/wp-json\/wp\/v2\/posts"}],"about":[{"href":"https:\/\/www.freelance.de\/blog\/wp-json\/wp\/v2\/types\/post"}],"author":[{"embeddable":true,"href":"https:\/\/www.freelance.de\/blog\/wp-json\/wp\/v2\/users\/43"}],"replies":[{"embeddable":true,"href":"https:\/\/www.freelance.de\/blog\/wp-json\/wp\/v2\/comments?post=19978"}],"version-history":[{"count":24,"href":"https:\/\/www.freelance.de\/blog\/wp-json\/wp\/v2\/posts\/19978\/revisions"}],"predecessor-version":[{"id":30968,"href":"https:\/\/www.freelance.de\/blog\/wp-json\/wp\/v2\/posts\/19978\/revisions\/30968"}],"wp:featuredmedia":[{"embeddable":true,"href":"https:\/\/www.freelance.de\/blog\/wp-json\/wp\/v2\/media\/29803"}],"wp:attachment":[{"href":"https:\/\/www.freelance.de\/blog\/wp-json\/wp\/v2\/media?parent=19978"}],"wp:term":[{"taxonomy":"category","embeddable":true,"href":"https:\/\/www.freelance.de\/blog\/wp-json\/wp\/v2\/categories?post=19978"},{"taxonomy":"post_tag","embeddable":true,"href":"https:\/\/www.freelance.de\/blog\/wp-json\/wp\/v2\/tags?post=19978"}],"curies":[{"name":"wp","href":"https:\/\/api.w.org\/{rel}","templated":true}]}}