{"id":22412,"date":"2021-03-15T15:40:07","date_gmt":"2021-03-15T14:40:07","guid":{"rendered":"https:\/\/www.freelance.de\/blog\/?p=22412"},"modified":"2023-12-12T10:14:58","modified_gmt":"2023-12-12T09:14:58","slug":"interview-perl-ein-experte-erzaehlt","status":"publish","type":"post","link":"https:\/\/www.freelance.de\/blog\/interview-perl-ein-experte-erzaehlt\/","title":{"rendered":"Programmiersprache Perl: ein freelance.de Experte erz\u00e4hlt"},"content":{"rendered":"\n<p>Perl ist eine plattformunabh\u00e4ngige Programmiersprache, welche erstmals 1978 erschien. Sie wird h\u00e4ufig bei Webanwendungen zur Hilfe gezogen.  Doch was macht die Programmiersprache so besonders? Wie kann Ihr Unternehmen von ihr profitieren? Diese und weitere Fragen haben wir einem unserer Freelancer, Herrn Ralf Eitelj\u00f6rge, gestellt und eine ausf\u00fchrliche Antwort dazu erhalten:<\/p>\n\n\n\n<figure class=\"wp-block-image size-large\"><img loading=\"lazy\" decoding=\"async\" width=\"1024\" height=\"402\" src=\"https:\/\/www.freelance.de\/blog\/wp-content\/uploads\/2020\/02\/top_skills_interview.jpg\" alt=\"Interview Reihe\" class=\"wp-image-20384\" srcset=\"https:\/\/www.freelance.de\/blog\/wp-content\/uploads\/2020\/02\/top_skills_interview.jpg 1024w, https:\/\/www.freelance.de\/blog\/wp-content\/uploads\/2020\/02\/top_skills_interview-300x118.jpg 300w, https:\/\/www.freelance.de\/blog\/wp-content\/uploads\/2020\/02\/top_skills_interview-768x302.jpg 768w, https:\/\/www.freelance.de\/blog\/wp-content\/uploads\/2020\/02\/top_skills_interview-150x59.jpg 150w\" sizes=\"auto, (max-width: 1024px) 100vw, 1024px\" \/><\/figure>\n\n\n\n<p>                   <\/p>\n\n\n\n<h4 class=\"wp-block-heading\">Herr Eitelj\u00f6rge, <strong>Sie sind seit einigen Jahren schon mit der Programmiersprache Perl vertraut. Wie kamen Sie dazu bzw. warum haben Sie sich daf\u00fcr entschieden?<\/strong><\/h4>\n\n\n\n<p><\/p>\n\n\n\n<p>1997 war ich im Bereich Support von AIX-Server t\u00e4tig. Wir mussten immer wieder Daten patchen. Die angesagten Tools waren damals Kornshell, sed und awk. Wir haben festgestellt, dass auf allen unserer Server \u201ePerl\u201c installiert war. Hiermit war diese Aufgabe deutlich einfacher zu l\u00f6sen. Innerhalb einer halben Stunde wurde ein Perl-Skript geschrieben, kurz getestet und dann wurde der Patch ausgef\u00fchrt.<\/p>\n\n\n\n<p>Danach habe ich \u201ePerl\u201c f\u00fcr Monitoring, WatchDog, Migration, Wartung, Import\/Export und CGI entdeckt und benutzt.<\/p>\n\n\n\n<p>Im Laufe meines Berufsleben habe ich diverse Gro\u00dfprojekte mit dieser Programmiersprache realisiert. Man w\u00fcrde sie heute wahrscheinlich als \u201eMiddleware\u201c bezeichnen. Die Themen waren Anbindungen an Banken, Schufa, E-Mail, Dienstleister, Adresskorrektursysteme, Dubletten, Datenkonsistenz und Monitoring. Ein paar CGI-Skripte f\u00fcr die optische Analyse des Status im Web des Intranets waren meistens auch dabei.<\/p>\n\n\n\n<div class=\"wp-block-media-text alignwide is-stacked-on-mobile has-background\" style=\"background-color:#27b4c4\"><figure class=\"wp-block-media-text__media\"><img loading=\"lazy\" decoding=\"async\" width=\"1733\" height=\"1155\" src=\"https:\/\/www.freelance.de\/blog\/wp-content\/uploads\/2023\/03\/AdobeStock_243765587_web_hell.jpg\" alt=\"\" class=\"wp-image-27400 size-full\" \/><\/figure><div class=\"wp-block-media-text__content\">\n<p class=\"rb-text\">Anspruchsvolle Projekte finden und\u00a0erfolgreich\u00a0selbstst\u00e4ndig arbeiten.<\/p>\n\n\n\n<div class=\"wp-block-buttons is-layout-flex wp-block-buttons-is-layout-flex\">\n<div class=\"wp-block-button btn-primary\"><a class=\"wp-block-button__link wp-element-button\" href=\"https:\/\/www.freelance.de\/Projekte\" target=\"_blank\" rel=\"noreferrer noopener\">Projekte finden<\/a><\/div>\n<\/div>\n<\/div><\/div>\n\n\n\n<h4 class=\"wp-block-heading\"><strong>Was ist das Besondere an der Programmiersprache Perl?<\/strong><\/h4>\n\n\n\n<p><\/p>\n\n\n\n<p>Die St\u00e4rke ist auch gleichzeitig die Schw\u00e4che. Der Pragmatismus.<\/p>\n\n\n\n<p>Perl erlaubt Programmierstile, die wenig strukturiert und die, wie ich finde, unprofessionell sind. Ich habe im Laufe meines Lebens diverse Programmiersprachen kennengelernt. Keiner dieser Sprachen war so gutm\u00fctig wie Perl. In keiner dieser Sprachen konnte man die Probleme so schnell l\u00f6sen wie in Perl. Ich habe auch in keiner anderen Sprache so viele schwer interpretierbaren Quellcode gefunden wie in Perl.<\/p>\n\n\n\n<p>Einer meiner ehemaligen Projektleiter sagte einmal im Scherz \u201ePerl-Skripte sind wie Medikamente, sie haben Nebenwirkungen\u201c. Gott sei dank gibt es die Schalter \u201estrict\u201c und \u201ewarning\u201c und man kann auch gut strukturierte und lesbare Programme schreiben.<\/p>\n\n\n\n<p>Ich hab im Laufe der Zeit aber auch viele gute und sehr stabile Perl-Projekte gesehen. Es fordert von dem Programmierer viel Disziplin. Nicht umsonst war das Buch \u201ePerl Best Practices\u201c bei einigen Programmierern beliebt.<\/p>\n\n\n\n<p><strong>Die St\u00e4rke von Perl ist&#8230;<\/strong><\/p>\n\n\n\n<ul class=\"wp-block-list\">\n<li>die hohe Integration in der Linux- und Unix-Welt (Standardbibliotheken decken eigentlich die meisten Themen ab).<\/li>\n\n\n\n<li>die gute Erweiterbarkeit (CPAN liefert kostenlos f\u00fcr fast alle Themen eine gute L\u00f6sung)<\/li>\n\n\n\n<li>eine gute C-Schnittstelle<\/li>\n\n\n\n<li>die hohe Performance<\/li>\n\n\n\n<li>die schnelle Realisierbarkeit von Projekten<\/li>\n<\/ul>\n\n\n\n<h4 class=\"wp-block-heading\"><strong>Wie sch\u00e4tzen Sie die Zukunft f\u00fcr Perl ein? Ist die Programmiersprache den aktuellen Herausforderungen gewachsen?<\/strong><\/h4>\n\n\n\n<p><\/p>\n\n\n\n<p>Dies ist meine pers\u00f6nliche Einsch\u00e4tzung. Ich glaube, dass mittelfristig Perl von Phyton3 abgel\u00f6st wird.<\/p>\n\n\n\n<p>Sie wird wahrscheinlich ein \u00e4hnliches Schicksal wie <a href=\"https:\/\/www.computerwoche.de\/a\/was-ist-cobol,3550663\" target=\"_blank\" rel=\"noreferrer noopener\">Cobol<\/a> ereilen. Perl ist in der Serverwelt noch sehr stark vertreten und die Projekte funktionieren richtig gut. Diese Projekte m\u00fcssen gewartet, erg\u00e4nzt und angepasst werden. Die wirklich erfahrenen Perl-Programmierer werden immer weniger (ich bin jetzt auch schon 63 Jahre alt). Aber der Bedarf an guten Perl-Programmierern wird noch einige Jahre bestehen bleiben. Dazu kommt, dass man inzwischen mit Bash 4.0 einige typische Perl-Aufgaben l\u00f6sen kann.<\/p>\n\n\n\n<div class=\"wp-block-group alignwide\"><div class=\"wp-block-group__inner-container is-layout-flow wp-block-group-is-layout-flow\">\n<div class=\"wp-block-media-text alignwide is-stacked-on-mobile\" style=\"grid-template-columns:23% auto\"><figure class=\"wp-block-media-text__media\"><img loading=\"lazy\" decoding=\"async\" width=\"401\" height=\"513\" src=\"https:\/\/www.freelance.de\/blog\/wp-content\/uploads\/2021\/03\/Protrait_Ralf.jpg\" alt=\"Bild eines Perl Freelancer\" class=\"wp-image-22413 size-full\" srcset=\"https:\/\/www.freelance.de\/blog\/wp-content\/uploads\/2021\/03\/Protrait_Ralf.jpg 401w, https:\/\/www.freelance.de\/blog\/wp-content\/uploads\/2021\/03\/Protrait_Ralf-235x300.jpg 235w, https:\/\/www.freelance.de\/blog\/wp-content\/uploads\/2021\/03\/Protrait_Ralf-117x150.jpg 117w\" sizes=\"auto, (max-width: 401px) 100vw, 401px\" \/><\/figure><div class=\"wp-block-media-text__content\">\n<p>Die Frage, ob die Programmiersprache den aktuellen und zuk\u00fcnftigen Herausforderungen gewachsen ist, w\u00fcrde ich mit \u201eJa\u201c beantworten. Abgesehen von den \u201eregul\u00e4re Ausdr\u00fccke\u201c macht Phyton3 inzwischen einen \u00e4hnlich guten und teilweise sogar besseren Job. Python fordert vom Programmierer Disziplin und das ist auch gut so.<\/p>\n\n\n\n<p>F\u00fcr mich war Perl unter den Programmiersprachen die erste Wahl. Ich konnte mit Perl im Serverumfeld schnell und effektiv komplexe Aufgaben erledigen.<\/p>\n<\/div><\/div>\n<\/div><\/div>\n\n\n\n<p><\/p>\n\n\n\n<p><strong>Vielen Dank f\u00fcr Ihre interessanten Antworten und die tolle Einsch\u00e4tzung Herr Eitelj\u00f6rge! Wir w\u00fcnschen Ihnen weiterhin viel Erfolg bei Ihren Projekten.<\/strong><\/p>\n\n\n\n<p>Sie m\u00f6chten mehr erfahren &#8211; hier geht es <a href=\"https:\/\/www.freelance.de\/Freiberufler\/120919-Softwaretest-Perl-Programmierer-Datenbank\/\" target=\"_blank\" rel=\"noreferrer noopener\">zum Profil<\/a> von Experte Ralf Eitelj\u00f6rge.<\/p>\n<div style='text-align:center' class='yasr-auto-insert-visitor'><\/div>","protected":false},"excerpt":{"rendered":"<p>Perl erlaubt Programmierstile, die wenig strukturiert und die, wie ich finde, unprofessionell sind. Ich habe im Laufe meines Lebens diverse Programmiersprachen kennengelernt. Keiner dieser Sprachen war so gutm\u00fctig wie Perl. In keiner dieser Sprachen konnte man die Probleme so schnell l\u00f6sen wie in Perl&#8230;<\/p>\n","protected":false},"author":39,"featured_media":20384,"comment_status":"open","ping_status":"open","sticky":false,"template":"","format":"standard","meta":{"yasr_overall_rating":0,"yasr_post_is_review":"","yasr_auto_insert_disabled":"","yasr_review_type":"","footnotes":""},"categories":[852],"tags":[105,77,553,517],"class_list":["post-22412","post","type-post","status-publish","format-standard","has-post-thumbnail","hentry","category-experten-interviews","tag-freelancer","tag-freiberufler","tag-interview","tag-skills"],"acf":[],"yasr_visitor_votes":{"stars_attributes":{"read_only":false,"span_bottom":false},"number_of_votes":1,"sum_votes":5},"yoast_head":"<!-- This site is optimized with the Yoast SEO plugin v26.8 - https:\/\/yoast.com\/product\/yoast-seo-wordpress\/ -->\n<title>Perl: Interview mit einem Experten - freelance.de\/blog<\/title>\n<meta name=\"description\" content=\"Perl erlaubt Programmierstile, die wenig strukturiert und die, wie ich finde, unprofessionell sind. Ich habe im Laufe meines Lebens...\" \/>\n<meta name=\"robots\" content=\"index, follow, max-snippet:-1, max-image-preview:large, max-video-preview:-1\" \/>\n<link rel=\"canonical\" href=\"https:\/\/www.freelance.de\/blog\/interview-perl-ein-experte-erzaehlt\/\" \/>\n<meta property=\"og:locale\" content=\"de_DE\" \/>\n<meta property=\"og:type\" content=\"article\" \/>\n<meta property=\"og:title\" content=\"Perl: Interview mit einem Experten - freelance.de\/blog\" \/>\n<meta property=\"og:description\" content=\"Perl erlaubt Programmierstile, die wenig strukturiert und die, wie ich finde, unprofessionell sind. Ich habe im Laufe meines Lebens...\" \/>\n<meta property=\"og:url\" content=\"https:\/\/www.freelance.de\/blog\/interview-perl-ein-experte-erzaehlt\/\" \/>\n<meta property=\"og:site_name\" content=\"freelance.de Blog\" \/>\n<meta property=\"article:publisher\" content=\"http:\/\/www.facebook.com\/Freelance.de\" \/>\n<meta property=\"article:published_time\" content=\"2021-03-15T14:40:07+00:00\" \/>\n<meta property=\"article:modified_time\" content=\"2023-12-12T09:14:58+00:00\" \/>\n<meta property=\"og:image\" content=\"https:\/\/www.freelance.de\/blog\/wp-content\/uploads\/2020\/02\/top_skills_interview.jpg\" \/>\n\t<meta property=\"og:image:width\" content=\"1024\" \/>\n\t<meta property=\"og:image:height\" content=\"402\" \/>\n\t<meta property=\"og:image:type\" content=\"image\/jpeg\" \/>\n<meta name=\"author\" content=\"freelance.de Redaktion\" \/>\n<meta name=\"twitter:card\" content=\"summary_large_image\" \/>\n<meta name=\"twitter:creator\" content=\"@freelanceDE\" \/>\n<meta name=\"twitter:site\" content=\"@freelanceDE\" \/>\n<meta name=\"twitter:label1\" content=\"Verfasst von\" \/>\n\t<meta name=\"twitter:data1\" content=\"freelance.de Redaktion\" \/>\n\t<meta name=\"twitter:label2\" content=\"Gesch\u00e4tzte Lesezeit\" \/>\n\t<meta name=\"twitter:data2\" content=\"4\u00a0Minuten\" \/>\n<script type=\"application\/ld+json\" class=\"yoast-schema-graph\">{\"@context\":\"https:\/\/schema.org\",\"@graph\":[{\"@type\":\"Article\",\"@id\":\"https:\/\/www.freelance.de\/blog\/interview-perl-ein-experte-erzaehlt\/#article\",\"isPartOf\":{\"@id\":\"https:\/\/www.freelance.de\/blog\/interview-perl-ein-experte-erzaehlt\/\"},\"author\":{\"name\":\"freelance.de Redaktion\",\"@id\":\"https:\/\/www.freelance.de\/blog\/#\/schema\/person\/10ac6084b3aa712e4d50188709639844\"},\"headline\":\"Programmiersprache Perl: ein freelance.de Experte erz\u00e4hlt\",\"datePublished\":\"2021-03-15T14:40:07+00:00\",\"dateModified\":\"2023-12-12T09:14:58+00:00\",\"mainEntityOfPage\":{\"@id\":\"https:\/\/www.freelance.de\/blog\/interview-perl-ein-experte-erzaehlt\/\"},\"wordCount\":635,\"commentCount\":0,\"publisher\":{\"@id\":\"https:\/\/www.freelance.de\/blog\/#organization\"},\"image\":{\"@id\":\"https:\/\/www.freelance.de\/blog\/interview-perl-ein-experte-erzaehlt\/#primaryimage\"},\"thumbnailUrl\":\"https:\/\/www.freelance.de\/blog\/wp-content\/uploads\/2020\/02\/top_skills_interview.jpg\",\"keywords\":[\"Freelancer\",\"Freiberufler\",\"Interview\",\"Skills\"],\"articleSection\":[\"Experten Interviews\"],\"inLanguage\":\"de\",\"potentialAction\":[{\"@type\":\"CommentAction\",\"name\":\"Comment\",\"target\":[\"https:\/\/www.freelance.de\/blog\/interview-perl-ein-experte-erzaehlt\/#respond\"]}]},{\"@type\":\"WebPage\",\"@id\":\"https:\/\/www.freelance.de\/blog\/interview-perl-ein-experte-erzaehlt\/\",\"url\":\"https:\/\/www.freelance.de\/blog\/interview-perl-ein-experte-erzaehlt\/\",\"name\":\"Perl: Interview mit einem Experten - freelance.de\/blog\",\"isPartOf\":{\"@id\":\"https:\/\/www.freelance.de\/blog\/#website\"},\"primaryImageOfPage\":{\"@id\":\"https:\/\/www.freelance.de\/blog\/interview-perl-ein-experte-erzaehlt\/#primaryimage\"},\"image\":{\"@id\":\"https:\/\/www.freelance.de\/blog\/interview-perl-ein-experte-erzaehlt\/#primaryimage\"},\"thumbnailUrl\":\"https:\/\/www.freelance.de\/blog\/wp-content\/uploads\/2020\/02\/top_skills_interview.jpg\",\"datePublished\":\"2021-03-15T14:40:07+00:00\",\"dateModified\":\"2023-12-12T09:14:58+00:00\",\"description\":\"Perl erlaubt Programmierstile, die wenig strukturiert und die, wie ich finde, unprofessionell sind. Ich habe im Laufe meines Lebens...\",\"breadcrumb\":{\"@id\":\"https:\/\/www.freelance.de\/blog\/interview-perl-ein-experte-erzaehlt\/#breadcrumb\"},\"inLanguage\":\"de\",\"potentialAction\":[{\"@type\":\"ReadAction\",\"target\":[\"https:\/\/www.freelance.de\/blog\/interview-perl-ein-experte-erzaehlt\/\"]}]},{\"@type\":\"ImageObject\",\"inLanguage\":\"de\",\"@id\":\"https:\/\/www.freelance.de\/blog\/interview-perl-ein-experte-erzaehlt\/#primaryimage\",\"url\":\"https:\/\/www.freelance.de\/blog\/wp-content\/uploads\/2020\/02\/top_skills_interview.jpg\",\"contentUrl\":\"https:\/\/www.freelance.de\/blog\/wp-content\/uploads\/2020\/02\/top_skills_interview.jpg\",\"width\":1024,\"height\":402,\"caption\":\"Interview Reihe\"},{\"@type\":\"BreadcrumbList\",\"@id\":\"https:\/\/www.freelance.de\/blog\/interview-perl-ein-experte-erzaehlt\/#breadcrumb\",\"itemListElement\":[{\"@type\":\"ListItem\",\"position\":1,\"name\":\"Home\",\"item\":\"https:\/\/www.freelance.de\/blog\/\"},{\"@type\":\"ListItem\",\"position\":2,\"name\":\"Programmiersprache Perl: ein freelance.de Experte erz\u00e4hlt\"}]},{\"@type\":\"WebSite\",\"@id\":\"https:\/\/www.freelance.de\/blog\/#website\",\"url\":\"https:\/\/www.freelance.de\/blog\/\",\"name\":\"freelance.de Blog\",\"description\":\"Alles zum Thema Freelancing\",\"publisher\":{\"@id\":\"https:\/\/www.freelance.de\/blog\/#organization\"},\"potentialAction\":[{\"@type\":\"SearchAction\",\"target\":{\"@type\":\"EntryPoint\",\"urlTemplate\":\"https:\/\/www.freelance.de\/blog\/?s={search_term_string}\"},\"query-input\":{\"@type\":\"PropertyValueSpecification\",\"valueRequired\":true,\"valueName\":\"search_term_string\"}}],\"inLanguage\":\"de\"},{\"@type\":\"Organization\",\"@id\":\"https:\/\/www.freelance.de\/blog\/#organization\",\"name\":\"freelance.de\",\"alternateName\":\"freelance.de\",\"url\":\"https:\/\/www.freelance.de\/blog\/\",\"logo\":{\"@type\":\"ImageObject\",\"inLanguage\":\"de\",\"@id\":\"https:\/\/www.freelance.de\/blog\/#\/schema\/logo\/image\/\",\"url\":\"https:\/\/www.freelance.de\/blog\/wp-content\/uploads\/2023\/03\/230315_freelance-de_BLOGLOGO.png\",\"contentUrl\":\"https:\/\/www.freelance.de\/blog\/wp-content\/uploads\/2023\/03\/230315_freelance-de_BLOGLOGO.png\",\"width\":1746,\"height\":411,\"caption\":\"freelance.de\"},\"image\":{\"@id\":\"https:\/\/www.freelance.de\/blog\/#\/schema\/logo\/image\/\"},\"sameAs\":[\"http:\/\/www.facebook.com\/Freelance.de\",\"https:\/\/x.com\/freelanceDE\"]},{\"@type\":\"Person\",\"@id\":\"https:\/\/www.freelance.de\/blog\/#\/schema\/person\/10ac6084b3aa712e4d50188709639844\",\"name\":\"freelance.de Redaktion\",\"image\":{\"@type\":\"ImageObject\",\"inLanguage\":\"de\",\"@id\":\"https:\/\/www.freelance.de\/blog\/#\/schema\/person\/image\/\",\"url\":\"https:\/\/www.freelance.de\/blog\/wp-content\/uploads\/2023\/03\/redaktionsteam-fl.png\",\"contentUrl\":\"https:\/\/www.freelance.de\/blog\/wp-content\/uploads\/2023\/03\/redaktionsteam-fl.png\",\"caption\":\"freelance.de Redaktion\"},\"description\":\"Unser Online-Redaktionsteam besteht aus aktuellen und ehemaligen Mitarbeiterinnen und Mitarbeitern von freelance.de sowie aus externen Expertinnen und Experten. Sie beherrschen nicht nur die Kunst mit Buchstaben und Worten zu jonglieren, sondern gehen stets die Extrameile, um relevante und aktuelle Themen f\u00fcr Freelancer aufzudecken und wertvolle Erfahrungen weiterzugeben.\",\"url\":\"https:\/\/www.freelance.de\/blog\/author\/freelanceteam\/\"},false]}<\/script>\n<!-- \/ Yoast SEO plugin. -->","yoast_head_json":{"title":"Perl: Interview mit einem Experten - freelance.de\/blog","description":"Perl erlaubt Programmierstile, die wenig strukturiert und die, wie ich finde, unprofessionell sind. Ich habe im Laufe meines Lebens...","robots":{"index":"index","follow":"follow","max-snippet":"max-snippet:-1","max-image-preview":"max-image-preview:large","max-video-preview":"max-video-preview:-1"},"canonical":"https:\/\/www.freelance.de\/blog\/interview-perl-ein-experte-erzaehlt\/","og_locale":"de_DE","og_type":"article","og_title":"Perl: Interview mit einem Experten - freelance.de\/blog","og_description":"Perl erlaubt Programmierstile, die wenig strukturiert und die, wie ich finde, unprofessionell sind. Ich habe im Laufe meines Lebens...","og_url":"https:\/\/www.freelance.de\/blog\/interview-perl-ein-experte-erzaehlt\/","og_site_name":"freelance.de Blog","article_publisher":"http:\/\/www.facebook.com\/Freelance.de","article_published_time":"2021-03-15T14:40:07+00:00","article_modified_time":"2023-12-12T09:14:58+00:00","og_image":[{"width":1024,"height":402,"url":"https:\/\/www.freelance.de\/blog\/wp-content\/uploads\/2020\/02\/top_skills_interview.jpg","type":"image\/jpeg"}],"author":"freelance.de Redaktion","twitter_card":"summary_large_image","twitter_creator":"@freelanceDE","twitter_site":"@freelanceDE","twitter_misc":{"Verfasst von":"freelance.de Redaktion","Gesch\u00e4tzte Lesezeit":"4\u00a0Minuten"},"schema":{"@context":"https:\/\/schema.org","@graph":[{"@type":"Article","@id":"https:\/\/www.freelance.de\/blog\/interview-perl-ein-experte-erzaehlt\/#article","isPartOf":{"@id":"https:\/\/www.freelance.de\/blog\/interview-perl-ein-experte-erzaehlt\/"},"author":{"name":"freelance.de Redaktion","@id":"https:\/\/www.freelance.de\/blog\/#\/schema\/person\/10ac6084b3aa712e4d50188709639844"},"headline":"Programmiersprache Perl: ein freelance.de Experte erz\u00e4hlt","datePublished":"2021-03-15T14:40:07+00:00","dateModified":"2023-12-12T09:14:58+00:00","mainEntityOfPage":{"@id":"https:\/\/www.freelance.de\/blog\/interview-perl-ein-experte-erzaehlt\/"},"wordCount":635,"commentCount":0,"publisher":{"@id":"https:\/\/www.freelance.de\/blog\/#organization"},"image":{"@id":"https:\/\/www.freelance.de\/blog\/interview-perl-ein-experte-erzaehlt\/#primaryimage"},"thumbnailUrl":"https:\/\/www.freelance.de\/blog\/wp-content\/uploads\/2020\/02\/top_skills_interview.jpg","keywords":["Freelancer","Freiberufler","Interview","Skills"],"articleSection":["Experten Interviews"],"inLanguage":"de","potentialAction":[{"@type":"CommentAction","name":"Comment","target":["https:\/\/www.freelance.de\/blog\/interview-perl-ein-experte-erzaehlt\/#respond"]}]},{"@type":"WebPage","@id":"https:\/\/www.freelance.de\/blog\/interview-perl-ein-experte-erzaehlt\/","url":"https:\/\/www.freelance.de\/blog\/interview-perl-ein-experte-erzaehlt\/","name":"Perl: Interview mit einem Experten - freelance.de\/blog","isPartOf":{"@id":"https:\/\/www.freelance.de\/blog\/#website"},"primaryImageOfPage":{"@id":"https:\/\/www.freelance.de\/blog\/interview-perl-ein-experte-erzaehlt\/#primaryimage"},"image":{"@id":"https:\/\/www.freelance.de\/blog\/interview-perl-ein-experte-erzaehlt\/#primaryimage"},"thumbnailUrl":"https:\/\/www.freelance.de\/blog\/wp-content\/uploads\/2020\/02\/top_skills_interview.jpg","datePublished":"2021-03-15T14:40:07+00:00","dateModified":"2023-12-12T09:14:58+00:00","description":"Perl erlaubt Programmierstile, die wenig strukturiert und die, wie ich finde, unprofessionell sind. Ich habe im Laufe meines Lebens...","breadcrumb":{"@id":"https:\/\/www.freelance.de\/blog\/interview-perl-ein-experte-erzaehlt\/#breadcrumb"},"inLanguage":"de","potentialAction":[{"@type":"ReadAction","target":["https:\/\/www.freelance.de\/blog\/interview-perl-ein-experte-erzaehlt\/"]}]},{"@type":"ImageObject","inLanguage":"de","@id":"https:\/\/www.freelance.de\/blog\/interview-perl-ein-experte-erzaehlt\/#primaryimage","url":"https:\/\/www.freelance.de\/blog\/wp-content\/uploads\/2020\/02\/top_skills_interview.jpg","contentUrl":"https:\/\/www.freelance.de\/blog\/wp-content\/uploads\/2020\/02\/top_skills_interview.jpg","width":1024,"height":402,"caption":"Interview Reihe"},{"@type":"BreadcrumbList","@id":"https:\/\/www.freelance.de\/blog\/interview-perl-ein-experte-erzaehlt\/#breadcrumb","itemListElement":[{"@type":"ListItem","position":1,"name":"Home","item":"https:\/\/www.freelance.de\/blog\/"},{"@type":"ListItem","position":2,"name":"Programmiersprache Perl: ein freelance.de Experte erz\u00e4hlt"}]},{"@type":"WebSite","@id":"https:\/\/www.freelance.de\/blog\/#website","url":"https:\/\/www.freelance.de\/blog\/","name":"freelance.de Blog","description":"Alles zum Thema Freelancing","publisher":{"@id":"https:\/\/www.freelance.de\/blog\/#organization"},"potentialAction":[{"@type":"SearchAction","target":{"@type":"EntryPoint","urlTemplate":"https:\/\/www.freelance.de\/blog\/?s={search_term_string}"},"query-input":{"@type":"PropertyValueSpecification","valueRequired":true,"valueName":"search_term_string"}}],"inLanguage":"de"},{"@type":"Organization","@id":"https:\/\/www.freelance.de\/blog\/#organization","name":"freelance.de","alternateName":"freelance.de","url":"https:\/\/www.freelance.de\/blog\/","logo":{"@type":"ImageObject","inLanguage":"de","@id":"https:\/\/www.freelance.de\/blog\/#\/schema\/logo\/image\/","url":"https:\/\/www.freelance.de\/blog\/wp-content\/uploads\/2023\/03\/230315_freelance-de_BLOGLOGO.png","contentUrl":"https:\/\/www.freelance.de\/blog\/wp-content\/uploads\/2023\/03\/230315_freelance-de_BLOGLOGO.png","width":1746,"height":411,"caption":"freelance.de"},"image":{"@id":"https:\/\/www.freelance.de\/blog\/#\/schema\/logo\/image\/"},"sameAs":["http:\/\/www.facebook.com\/Freelance.de","https:\/\/x.com\/freelanceDE"]},{"@type":"Person","@id":"https:\/\/www.freelance.de\/blog\/#\/schema\/person\/10ac6084b3aa712e4d50188709639844","name":"freelance.de Redaktion","image":{"@type":"ImageObject","inLanguage":"de","@id":"https:\/\/www.freelance.de\/blog\/#\/schema\/person\/image\/","url":"https:\/\/www.freelance.de\/blog\/wp-content\/uploads\/2023\/03\/redaktionsteam-fl.png","contentUrl":"https:\/\/www.freelance.de\/blog\/wp-content\/uploads\/2023\/03\/redaktionsteam-fl.png","caption":"freelance.de Redaktion"},"description":"Unser Online-Redaktionsteam besteht aus aktuellen und ehemaligen Mitarbeiterinnen und Mitarbeitern von freelance.de sowie aus externen Expertinnen und Experten. Sie beherrschen nicht nur die Kunst mit Buchstaben und Worten zu jonglieren, sondern gehen stets die Extrameile, um relevante und aktuelle Themen f\u00fcr Freelancer aufzudecken und wertvolle Erfahrungen weiterzugeben.","url":"https:\/\/www.freelance.de\/blog\/author\/freelanceteam\/"},false]}},"_links":{"self":[{"href":"https:\/\/www.freelance.de\/blog\/wp-json\/wp\/v2\/posts\/22412","targetHints":{"allow":["GET"]}}],"collection":[{"href":"https:\/\/www.freelance.de\/blog\/wp-json\/wp\/v2\/posts"}],"about":[{"href":"https:\/\/www.freelance.de\/blog\/wp-json\/wp\/v2\/types\/post"}],"author":[{"embeddable":true,"href":"https:\/\/www.freelance.de\/blog\/wp-json\/wp\/v2\/users\/39"}],"replies":[{"embeddable":true,"href":"https:\/\/www.freelance.de\/blog\/wp-json\/wp\/v2\/comments?post=22412"}],"version-history":[{"count":17,"href":"https:\/\/www.freelance.de\/blog\/wp-json\/wp\/v2\/posts\/22412\/revisions"}],"predecessor-version":[{"id":30739,"href":"https:\/\/www.freelance.de\/blog\/wp-json\/wp\/v2\/posts\/22412\/revisions\/30739"}],"wp:featuredmedia":[{"embeddable":true,"href":"https:\/\/www.freelance.de\/blog\/wp-json\/wp\/v2\/media\/20384"}],"wp:attachment":[{"href":"https:\/\/www.freelance.de\/blog\/wp-json\/wp\/v2\/media?parent=22412"}],"wp:term":[{"taxonomy":"category","embeddable":true,"href":"https:\/\/www.freelance.de\/blog\/wp-json\/wp\/v2\/categories?post=22412"},{"taxonomy":"post_tag","embeddable":true,"href":"https:\/\/www.freelance.de\/blog\/wp-json\/wp\/v2\/tags?post=22412"}],"curies":[{"name":"wp","href":"https:\/\/api.w.org\/{rel}","templated":true}]}}