{"id":24453,"date":"2022-01-18T14:58:58","date_gmt":"2022-01-18T13:58:58","guid":{"rendered":"https:\/\/www.freelance.de\/blog\/?p=24453"},"modified":"2023-12-13T15:18:23","modified_gmt":"2023-12-13T14:18:23","slug":"gesundheit-in-der-modernen-arbeitswelt-von-aktiver-foerderung-und-vor-und-nachteilen-des-digitalen","status":"publish","type":"post","link":"https:\/\/www.freelance.de\/blog\/gesundheit-in-der-modernen-arbeitswelt-von-aktiver-foerderung-und-vor-und-nachteilen-des-digitalen\/","title":{"rendered":"Gesundheit in der modernen Arbeitswelt &#8211; Von aktiver F\u00f6rderung und Vor- und Nachteilen des Digitalen"},"content":{"rendered":"\n<p><em>Lesedauer: ca. 6 Minuten<\/em><\/p>\n\n\n\n<p>Bereits 2018 arbeitete einer Studie des Marktforschungsunternehmens Bitkom zufolge jeder zweite Besch\u00e4ftigte am Computer. Da ein Gro\u00dfteil der als Freelancer T\u00e4tigen in der IT arbeitet oder Remote Work etwa als Designer, Redakteur, Werber, \u00dcbersetzer oder \u00c4hnliches aus\u00fcbt, d\u00fcrfte der Anteil der \u201edigital Arbeitenden\u201c hier noch deutlich h\u00f6her sein. Die Arbeit im digitalen Raum und mit moderner Technologie erleichtert viele Arbeitsprozesse, sie bringt aber auch neue Probleme mit sich. Manche Probleme darunter sind gesundheitlicher Natur. Gerade Freelancer, die meist keine betriebliche Gesundheitsf\u00f6rderung genie\u00dfen, m\u00fcssen selbst daf\u00fcr sorgen, dass ihre Arbeit sie k\u00f6rperlich wie psychisch nicht zu stark belastet.<\/p>\n\n\n\n<figure class=\"wp-block-image size-full\"><img loading=\"lazy\" decoding=\"async\" width=\"800\" height=\"400\" src=\"https:\/\/www.freelance.de\/blog\/wp-content\/uploads\/2023\/05\/vor_und_nachteile_des_digitalen.png\" alt=\"Gesundheit in der modernen Arbeitswelt - Von aktiver F\u00f6rderung und Vor- und Nachteilen des Digitalen\" class=\"wp-image-28818\"\/><\/figure>\n\n\n\n<h2 class=\"wp-block-heading\"><strong>Neue Beanspruchungen im digitalen Zeitalter<\/strong><\/h2>\n\n\n\n<p>Arbeiten ohne moderne Technik und vor allem ohne den Computer \u2013 das ist heute kaum noch vorstellbar. Auch abseits der beruflichen T\u00e4tigkeiten allerdings l\u00e4uft vieles digital. Kommuniziert wird mit dem Smartphone per Messenger-Dienst, die Nachrichten werden auf dem Tablet abgerufen und selbst Organisatorisches regelt sich meist am schnellsten und unkompliziertesten digital. Kommt zum Entspannen schlie\u00dflich noch Streaming oder Gaming hinzu, findet fast das gesamte Leben im digitalen Raum statt.<\/p>\n\n\n\n<p>Wo zumindest in der Freizeit noch freiwillig mit etwas Disziplin wieder vermehrt zu Buch und Brettspiel gegriffen oder zum Spa\u00df haben vor die T\u00fcr gegangen werden kann, ist die Arbeit ohne das Digitale eigentlich nicht mehr m\u00f6glich. Gerade auch die meisten Freelancer sind an ihren Computer in der Regel fest gebunden. Es gilt also, die Bedingungen des digitalen Arbeitens zu optimieren, um nicht \u00fcberbeansprucht zu werden durch Technologie und moderne Herausforderungen an K\u00f6rper und Geist.<\/p>\n\n\n\n<p>Zun\u00e4chst muss gesagt werden, dass eine konsequente Trennung von Beruflichem und Privaten eine gute Grundlage ist. In Hinsicht auf das digitale Arbeiten bedeutet das vor allem, dass Smartphone, Tablet oder auch Laptop abseits der Arbeitszeit rein f\u00fcr Privates zu nutzen sind. Getrennte Ger\u00e4te f\u00fcr Beruf und Privatleben sind nat\u00fcrlich immer die beste L\u00f6sung.<\/p>\n\n\n\n<h2 class=\"wp-block-heading\"><strong>E-Health: Die Zukunft der Gesundheit?<\/strong><\/h2>\n\n\n\n<p>Es mag absurd klingen, aber E-Health, also Gesundheit, die im digitalen gemanagt und verwaltet werden kann, tr\u00e4gt massiv zur Verbesserung der allgemeinen Gesundheit bei. Sicher, sie sorgt auch daf\u00fcr, dass noch mehr Zeit im digitalen Raum verbracht wird. Allerdings \u00fcberwiegen hier doch die Vorteile des Digitalen und tragen ma\u00dfgeblich zur Gesundheit bei.<\/p>\n\n\n\n<p>Das f\u00e4ngt schon bei der Krankenversicherung an. Es gibt heute voll digitale, private Krankenversicherungen f\u00fcr Selbstst\u00e4ndige, mit denen sich im Vergleich zur gesetzlichen Krankenversicherung mitunter sogar Geld sparen l\u00e4sst. Denn die Beitr\u00e4ge sind bei einigen Anbietern nicht vom Einkommen abh\u00e4ngig. Besonders sinnvoll ist zudem das Verwalten der Daten in einer eigenen App, was diverse praktische Funktionen erm\u00f6glicht. In der <a href=\"https:\/\/www.ottonova.de\/v\/private-krankenversicherung\/selbststaendige\" target=\"_blank\" rel=\"noreferrer noopener\">digitalen PKV von ottonova<\/a> beispielsweise k\u00f6nnen sich Freelancer und Unternehmer \u00fcber die App nicht nur Arzttermine buchen lassen, sondern sogar den Praxisbesuch durch einen Video-Chat ersetzen, um Rezepte und Diagnosen zu erhalten.<\/p>\n\n\n<div class=\"wp-block-image\">\n<figure class=\"alignright size-large is-resized\"><img loading=\"lazy\" decoding=\"async\" src=\"https:\/\/www.freelance.de\/blog\/wp-content\/uploads\/2022\/01\/Bild_nummer_2-1024x683.jpg\" alt=\"Herausforderungen der digitalen Arbeitswelt\" class=\"wp-image-24455\" width=\"219\" height=\"146\" srcset=\"https:\/\/www.freelance.de\/blog\/wp-content\/uploads\/2022\/01\/Bild_nummer_2-1024x683.jpg 1024w, https:\/\/www.freelance.de\/blog\/wp-content\/uploads\/2022\/01\/Bild_nummer_2-300x200.jpg 300w, https:\/\/www.freelance.de\/blog\/wp-content\/uploads\/2022\/01\/Bild_nummer_2-768x512.jpg 768w, https:\/\/www.freelance.de\/blog\/wp-content\/uploads\/2022\/01\/Bild_nummer_2-1536x1024.jpg 1536w, https:\/\/www.freelance.de\/blog\/wp-content\/uploads\/2022\/01\/Bild_nummer_2-150x100.jpg 150w, https:\/\/www.freelance.de\/blog\/wp-content\/uploads\/2022\/01\/Bild_nummer_2-1120x747.jpg 1120w, https:\/\/www.freelance.de\/blog\/wp-content\/uploads\/2022\/01\/Bild_nummer_2.jpg 1620w\" sizes=\"auto, (max-width: 219px) 100vw, 219px\" \/><figcaption class=\"wp-element-caption\">Quelle Foto: stock.adobe.com \u00a9 Monkey Business (DATEI-NR.: 87894671)<\/figcaption><\/figure>\n<\/div>\n\n\n<p>Doch digitale PKVs sind nur ein kleiner, praktischer Teil, bereits heute gelebter und umgesetzter digitaler Gesundheit. Die sogenannte E-Health befindet sich n\u00e4mlich, gerade im internationalen Vergleich, in Deutschland noch in den Kinderschuhen. In einem <a href=\"https:\/\/www.bertelsmann-stiftung.de\/de\/unsere-projekte\/der-digitale-patient\/projektthemen\/smarthealthsystems\/stand-der-digital-health-entwicklung\" target=\"_blank\" rel=\"noreferrer noopener\">Bericht der Bertelsmann Stiftung<\/a> konnte aufgezeigt werden, dass Deutschland im Vergleich mit 16 anderen L\u00e4ndern weltweit den vorletzten Platz belegt, wenn es um den digitalen Wandel in der Gesundheit geht.<\/p>\n\n\n\n<p>Das E-Health aber das Leben vieler Menschen vereinfacht, machen L\u00e4nder wie Estland oder auch Kanada bereits vor. Hier k\u00f6nnen Patienten digitale Rezepte bereits \u00fcberall einl\u00f6sen und auch \u00fcberregional nutzen. Immerhin ist das E-Rezept in Deutschland nun auch <a href=\"https:\/\/www.bundesgesundheitsministerium.de\/e-rezept.html\" target=\"_blank\" rel=\"noreferrer noopener\">seit dem 1. Januar 2022 nutzbar<\/a>. Auch die elektronische Patientenakte, eine Patientenkurzakte mit einem Basisdatensatz f\u00fcr Notf\u00e4lle sowie eine elektronische Medikationsliste gibt es schon.<\/p>\n\n\n\n<p>Allerdings sind die wenigsten digitalen Anwendungen bereits national umgesetzt. Mit einem irgendwann zu erwartenden, umfassenden Fahrplan f\u00fcr den Ausbau von E-Health auch hierzulande wird sich zeigen, welches Potenzial eigentlich in der digitalen Gesundheit steckt und wie Vielarbeitende, die h\u00e4ufiger mit Krankheiten zu k\u00e4mpfen haben, durch organisatorische Vereinfachungen von ihr profitieren k\u00f6nnen.<\/p>\n\n\n\n\n\n<h2 class=\"wp-block-heading\"><strong>Krankheiten vorbeugen, die das digitale Arbeiten f\u00f6rdert<\/strong><\/h2>\n\n\n\n<p>Manch ein Freelancer arbeitet sicherlich sein Leben lang mehrere Stunden am Tag vor dem Computer und tr\u00e4gt keinerlei gesundheitliche Sch\u00e4den davon. Doch in den meisten F\u00e4llen beansprucht das digitale Arbeiten K\u00f6rper und Geist in einer Weise, die fr\u00fcher oder sp\u00e4ter zu Krankheitssymptomen f\u00fchrt. Das k\u00f6nnen Symptome sein, die mit Hilfe kleiner Anpassungen der Arbeit wieder in den Griff zu bekommen sind. Andere allerdings k\u00f6nnen chronisch werden oder sollten von Anfang an vermieden werden, um nicht nachhaltig zu schwer reparablen Problemen zu f\u00fchren.<\/p>\n\n\n\n<ul class=\"wp-block-list\">\n<li><strong>Ergonomische Belastungen<\/strong>, etwa durch permanentes Sitzen oder schlechte Haltungen w\u00e4hrend der Arbeit, z\u00e4hlen zu den h\u00e4ufigsten Krankheiten des digitalen Arbeitens. R\u00fcckenprobleme, das RSI-Syndrom sowie das Karpaltunnelsyndrom oder auch Kopfschmerzen entstehen h\u00e4ufig durch falsche oder einseitige Haltungen w\u00e4hrend der Arbeit am Computer. Dagegen vorbeugen l\u00e4sst sich durch einen ergonomischen Schreibtisch (bestenfalls h\u00f6henverstellbar, um zeitweise im Stehen zu arbeiten) sowie einen ergonomischen Stuhl. Au\u00dferdem sollte stets auf eine gerade Haltung sowie ausreichend Abstand zum Bildschirm geachtet werden. Der Bildschirm ist bestenfalls ebenfalls h\u00f6henverstellbar und augenfreundlich.<\/li>\n<\/ul>\n\n\n\n<ul class=\"wp-block-list\">\n<li>Auch <strong>Bewegungsmangel<\/strong> ist eine nicht zu untersch\u00e4tzende Gefahr digitalen Arbeitens. Ihm kann zum einen mit regelm\u00e4\u00dfigem Aufstehen und <a href=\"https:\/\/www.freelance.de\/blog\/4-tipps-fuer-mehr-bewegung-am-arbeitsplatz\/\" target=\"_blank\" rel=\"noreferrer noopener\">Bewegen w\u00e4hrend der Arbeitszeit<\/a> entgegengewirkt werden. Das f\u00f6rdert auch die Verdauung, wodurch sich entsprechenden Problemen durch zu langes Sitzen ebenfalls vorbeugen l\u00e4sst. Zum anderen ist es ratsam, sich bei mehreren Stunden digitalen Arbeitens im Sitzen pro Tag, einen mehrmals w\u00f6chentlich stattfinden Ausgleich in Form einer sportlichen Bet\u00e4tigung zu suchen. Zumindest ausgiebige Spazierg\u00e4nge nach Feierabend sollten hin und wieder in den Tagesablauf integriert werden.<\/li>\n<\/ul>\n\n\n\n<ul class=\"wp-block-list\">\n<li>Letztlich bilden <strong>psychische Belastungen<\/strong> eine weitere Gruppe an Gefahren bei vermehrter digitaler Arbeit. Gerade Freelancer haben nicht selten mit Isolationsgef\u00fchlen oder auch Fremdbestimmtheit zu tun. Fehlt beispielsweise die Interaktion mit Kollegen, sollte zumindest im Privaten bewusst f\u00fcr menschlichen Austausch und die Pflege sozialer Kontakte gesorgt werden. Letztes ist dabei nicht auch wieder in den digitalen Raum zu verschieben. Eine Sonderstellung innerhalb der psychischen Belastungen nimmt sicherlich auch noch einmal der \u201eDigitale Stress\u201c ein. Wir wollen ihm den letzten Abschnitt widmen, da er in besonderer Weise wiederum starke k\u00f6rperliche Krankheiten nach sich ziehen kann.<\/li>\n<\/ul>\n\n\n\n<h2 class=\"wp-block-heading\"><strong>Weniger digitaler Stress<\/strong><\/h2>\n\n\n\n<p>Noch nie waren so viele Menschen vom Burnout-Syndrom betroffen wie heute. Jeder zweite Bundesb\u00fcrger <a href=\"https:\/\/www.aerzteblatt.de\/nachrichten\/92312\/Jeder-Zweite-fuehlt-sich-von-Burnout-bedroht\" target=\"_blank\" rel=\"noreferrer noopener\">f\u00fchlt sich von Burnout nachweislich bedroht<\/a>. Die Erkrankung scheint also eine moderne Ursache zu haben. Viele \u00c4rzte gehen davon aus, dass die digitale Arbeit eine ganz besondere Form intensiven und oft nicht abrei\u00dfendes Stresses produziert, der zum Burnout f\u00fchren kann.<\/p>\n\n\n\n<p>Die Ursachen dieses Stresses innerhalb der digitalen Arbeit sind vielf\u00e4ltig. Doch grunds\u00e4tzlich steht fest, dass die technologische Entwicklung heute die Arbeitswelt immer schneller taktet. Der Leistungs- und Anpassungsdruck ist gro\u00df. Viele Menschen haben Angst, nicht mehr hinterher- oder mitzukommen oder sich gegen andere Arbeitnehmer nicht mehr behaupten zu k\u00f6nnen.<\/p>\n\n\n<div class=\"wp-block-image\">\n<figure class=\"alignright size-large is-resized\"><img loading=\"lazy\" decoding=\"async\" src=\"https:\/\/www.freelance.de\/blog\/wp-content\/uploads\/2022\/01\/Bild_nummer_3-1024x683.jpg\" alt=\"Herausforderungen der digitalen Arbeitswelt\" class=\"wp-image-24456\" width=\"283\" height=\"189\" srcset=\"https:\/\/www.freelance.de\/blog\/wp-content\/uploads\/2022\/01\/Bild_nummer_3-1024x683.jpg 1024w, https:\/\/www.freelance.de\/blog\/wp-content\/uploads\/2022\/01\/Bild_nummer_3-300x200.jpg 300w, https:\/\/www.freelance.de\/blog\/wp-content\/uploads\/2022\/01\/Bild_nummer_3-768x512.jpg 768w, https:\/\/www.freelance.de\/blog\/wp-content\/uploads\/2022\/01\/Bild_nummer_3-1536x1024.jpg 1536w, https:\/\/www.freelance.de\/blog\/wp-content\/uploads\/2022\/01\/Bild_nummer_3-150x100.jpg 150w, https:\/\/www.freelance.de\/blog\/wp-content\/uploads\/2022\/01\/Bild_nummer_3-1120x747.jpg 1120w, https:\/\/www.freelance.de\/blog\/wp-content\/uploads\/2022\/01\/Bild_nummer_3.jpg 1620w\" sizes=\"auto, (max-width: 283px) 100vw, 283px\" \/><figcaption class=\"wp-element-caption\">Quelle Foto: stock.adobe.com \u00a9 djile (DATEI-NR.: 389604961)<\/figcaption><\/figure>\n<\/div>\n\n\n<p>Schon Jugendliche haben <a href=\"https:\/\/de.statista.com\/statistik\/daten\/studie\/176971\/umfrage\/angst-vor-arbeitsplatzverlust-vergeblicher-ausbildungsplatzsuche\/\" target=\"_blank\" rel=\"noreferrer noopener\">zu fast 70 Prozent<\/a> Angst, ihre Arbeit zu verlieren oder keinen Ausbildungsplatz zu finden. Diese Zahlen sind erschrecken wie nachvollziehbar gleicherma\u00dfen. Denn die digitalen Medien bewirken zweierlei: Sie erleichtern Bewerbungsprozesse und bieten die M\u00f6glichkeit, sich rundum zu informieren. Sie wirken aber eben gleicherma\u00dfen auch ununterbrochen auf einen ein und die Flut an Informationen ist gar endlos. Es fehlt oft Orientierung oder Eindeutigkeit, was schnell zu \u00dcberforderung und \u00dcberlastung f\u00fchren kann.<\/p>\n\n\n\n<p>Im Arbeitsleben schlie\u00dflich kann die t\u00e4gliche Menge an E-Mails, die zu den privaten Nachrichten dazukommt und das permanente Aufgaben-Abarbeiten-M\u00fcssen zu chronischem Stress f\u00fchren. Auch die oft doch recht einsame Besch\u00e4ftigung gerade auch von Freelancern vor den digitalen Ger\u00e4ten und mit wenig Sozialkontakt bei gleichzeitig permanenter Erreichbarkeit kann zu Stress f\u00fchren.<\/p>\n\n\n\n<p>Es ist daher empfehlenswert, als Ausgleich zur schnellen Taktung des Arbeitsalltags gezielt f\u00fcr Entschleunigung zu sorgen. Denn Stress kann verschiedene k\u00f6rperliche Folgen, wie Herz-Kreislauf-Erkrankungen, Diabetes, Magen-Darm-Erkrankungen oder gar erh\u00f6hte Leberwerte beg\u00fcnstigen. So weit sollte es erst gar nicht kommen.<\/p>\n\n\n\n<h4 class=\"wp-block-heading\"><strong>Was also tun?<\/strong><\/h4>\n\n\n\n<ul class=\"wp-block-list\">\n<li>Entschleunigung k\u00f6nnen Spazierg\u00e4nge bringen, bei denen auch mal in die Ferne geschaut wird, statt auf ein technisches Ger\u00e4t vom Gesicht. So k\u00f6nnen auch die Augen entspannen. Wer das Handy zuhause l\u00e4sst, vermeidet, sich von eventuellen Anrufen oder Nachrichten wieder stressen zu lassen.<\/li>\n<\/ul>\n\n\n\n<ul class=\"wp-block-list\">\n<li>Schon w\u00e4hrend Mittagspausen l\u00e4sst sich Abstand von allem Technischen nehmen. Wer sich nicht f\u00fcr Bewegung motivieren kann, nimmt vielleicht einfach einmal wieder ein Buch zur Hand oder legt sich zum Meditieren mit geschlossenen Augen auf die Couch. Es gilt, den Geist immer wieder zur Ruhe zu bringen.<\/li>\n<\/ul>\n\n\n\n<ul class=\"wp-block-list\">\n<li>In vielen F\u00e4llen k\u00f6nnen gerade <a href=\"https:\/\/www.freelance.de\/Angebot-Abo-Freelancer\" target=\"_blank\" rel=\"noreferrer noopener\">Freelancer<\/a>, zumindest zeitweise, weniger arbeiten. Dieser Umstand sollte, wenn sich Anzeichen starken Stresses bemerkbar machen, ausgenutzt werden. Denn die Quantit\u00e4t und vor allem die Qualit\u00e4t der Arbeit wird durch chronischen Stress stetig sinken. Zeitweise weniger zu machen und gezielt f\u00fcr Erholung zu sorgen ist also keine Gefahr f\u00fcr die Arbeit. Im Gegenteil: Die Pause f\u00fchrt nicht selten dazu, dass Freelancer das Arbeiten danach als deutlich effektiver und erf\u00fcllender empfinden und mit mehr Inspiration wieder an diverse Aufgaben gehen.<\/li>\n<\/ul>\n<div style='text-align:center' class='yasr-auto-insert-visitor'><\/div>","protected":false},"excerpt":{"rendered":"<p>Lesedauer: ca. 6 Minuten Bereits 2018 arbeitete einer Studie des Marktforschungsunternehmens Bitkom zufolge jeder zweite Besch\u00e4ftigte am Computer. Da ein Gro\u00dfteil der als Freelancer&hellip;<\/p>\n","protected":false},"author":39,"featured_media":28818,"comment_status":"open","ping_status":"open","sticky":false,"template":"","format":"standard","meta":{"yasr_overall_rating":0,"yasr_post_is_review":"","yasr_auto_insert_disabled":"","yasr_review_type":"","footnotes":""},"categories":[851],"tags":[231,791,105,123],"class_list":["post-24453","post","type-post","status-publish","format-standard","has-post-thumbnail","hentry","category-tipps-freelancer","tag-arbeitswelt","tag-digital","tag-freelancer","tag-gesundheit"],"acf":[],"yasr_visitor_votes":{"stars_attributes":{"read_only":false,"span_bottom":false},"number_of_votes":0,"sum_votes":0},"yoast_head":"<!-- This site is optimized with the Yoast SEO plugin v26.8 - https:\/\/yoast.com\/product\/yoast-seo-wordpress\/ -->\n<title>Gesundheit in der digitalen Arbeitswelt - Vor und Nachteile<\/title>\n<meta name=\"description\" content=\"Die Arbeit im digitalen Raum und mit moderner Technologie erleichtert viele Arbeitsprozesse, sie bringt aber auch neue Probleme mit sich.\" \/>\n<meta name=\"robots\" content=\"index, follow, max-snippet:-1, max-image-preview:large, max-video-preview:-1\" \/>\n<link rel=\"canonical\" href=\"https:\/\/www.freelance.de\/blog\/gesundheit-in-der-modernen-arbeitswelt-von-aktiver-foerderung-und-vor-und-nachteilen-des-digitalen\/\" \/>\n<meta property=\"og:locale\" content=\"de_DE\" \/>\n<meta property=\"og:type\" content=\"article\" \/>\n<meta property=\"og:title\" content=\"Gesundheit in der digitalen Arbeitswelt - Vor und Nachteile\" \/>\n<meta property=\"og:description\" content=\"Die Arbeit im digitalen Raum und mit moderner Technologie erleichtert viele Arbeitsprozesse, sie bringt aber auch neue Probleme mit sich.\" \/>\n<meta property=\"og:url\" content=\"https:\/\/www.freelance.de\/blog\/gesundheit-in-der-modernen-arbeitswelt-von-aktiver-foerderung-und-vor-und-nachteilen-des-digitalen\/\" \/>\n<meta property=\"og:site_name\" content=\"freelance.de Blog\" \/>\n<meta property=\"article:publisher\" content=\"http:\/\/www.facebook.com\/Freelance.de\" \/>\n<meta property=\"article:published_time\" content=\"2022-01-18T13:58:58+00:00\" \/>\n<meta property=\"article:modified_time\" content=\"2023-12-13T14:18:23+00:00\" \/>\n<meta property=\"og:image\" content=\"https:\/\/www.freelance.de\/blog\/wp-content\/uploads\/2023\/05\/vor_und_nachteile_des_digitalen.png\" \/>\n\t<meta property=\"og:image:width\" content=\"800\" \/>\n\t<meta property=\"og:image:height\" content=\"400\" \/>\n\t<meta property=\"og:image:type\" content=\"image\/png\" \/>\n<meta name=\"author\" content=\"freelance.de Redaktion\" \/>\n<meta name=\"twitter:card\" content=\"summary_large_image\" \/>\n<meta name=\"twitter:creator\" content=\"@freelanceDE\" \/>\n<meta name=\"twitter:site\" content=\"@freelanceDE\" \/>\n<meta name=\"twitter:label1\" content=\"Verfasst von\" \/>\n\t<meta name=\"twitter:data1\" content=\"freelance.de Redaktion\" \/>\n\t<meta name=\"twitter:label2\" content=\"Gesch\u00e4tzte Lesezeit\" \/>\n\t<meta name=\"twitter:data2\" content=\"9\u00a0Minuten\" \/>\n<script type=\"application\/ld+json\" class=\"yoast-schema-graph\">{\"@context\":\"https:\/\/schema.org\",\"@graph\":[{\"@type\":\"Article\",\"@id\":\"https:\/\/www.freelance.de\/blog\/gesundheit-in-der-modernen-arbeitswelt-von-aktiver-foerderung-und-vor-und-nachteilen-des-digitalen\/#article\",\"isPartOf\":{\"@id\":\"https:\/\/www.freelance.de\/blog\/gesundheit-in-der-modernen-arbeitswelt-von-aktiver-foerderung-und-vor-und-nachteilen-des-digitalen\/\"},\"author\":{\"name\":\"freelance.de Redaktion\",\"@id\":\"https:\/\/www.freelance.de\/blog\/#\/schema\/person\/10ac6084b3aa712e4d50188709639844\"},\"headline\":\"Gesundheit in der modernen Arbeitswelt &#8211; Von aktiver F\u00f6rderung und Vor- und Nachteilen des Digitalen\",\"datePublished\":\"2022-01-18T13:58:58+00:00\",\"dateModified\":\"2023-12-13T14:18:23+00:00\",\"mainEntityOfPage\":{\"@id\":\"https:\/\/www.freelance.de\/blog\/gesundheit-in-der-modernen-arbeitswelt-von-aktiver-foerderung-und-vor-und-nachteilen-des-digitalen\/\"},\"wordCount\":1555,\"commentCount\":0,\"publisher\":{\"@id\":\"https:\/\/www.freelance.de\/blog\/#organization\"},\"image\":{\"@id\":\"https:\/\/www.freelance.de\/blog\/gesundheit-in-der-modernen-arbeitswelt-von-aktiver-foerderung-und-vor-und-nachteilen-des-digitalen\/#primaryimage\"},\"thumbnailUrl\":\"https:\/\/www.freelance.de\/blog\/wp-content\/uploads\/2023\/05\/vor_und_nachteile_des_digitalen.png\",\"keywords\":[\"Arbeitswelt\",\"Digital\",\"Freelancer\",\"Gesundheit\"],\"articleSection\":[\"Tipps f\u00fcr Freelancer\"],\"inLanguage\":\"de\",\"potentialAction\":[{\"@type\":\"CommentAction\",\"name\":\"Comment\",\"target\":[\"https:\/\/www.freelance.de\/blog\/gesundheit-in-der-modernen-arbeitswelt-von-aktiver-foerderung-und-vor-und-nachteilen-des-digitalen\/#respond\"]}]},{\"@type\":\"WebPage\",\"@id\":\"https:\/\/www.freelance.de\/blog\/gesundheit-in-der-modernen-arbeitswelt-von-aktiver-foerderung-und-vor-und-nachteilen-des-digitalen\/\",\"url\":\"https:\/\/www.freelance.de\/blog\/gesundheit-in-der-modernen-arbeitswelt-von-aktiver-foerderung-und-vor-und-nachteilen-des-digitalen\/\",\"name\":\"Gesundheit in der digitalen Arbeitswelt - Vor und Nachteile\",\"isPartOf\":{\"@id\":\"https:\/\/www.freelance.de\/blog\/#website\"},\"primaryImageOfPage\":{\"@id\":\"https:\/\/www.freelance.de\/blog\/gesundheit-in-der-modernen-arbeitswelt-von-aktiver-foerderung-und-vor-und-nachteilen-des-digitalen\/#primaryimage\"},\"image\":{\"@id\":\"https:\/\/www.freelance.de\/blog\/gesundheit-in-der-modernen-arbeitswelt-von-aktiver-foerderung-und-vor-und-nachteilen-des-digitalen\/#primaryimage\"},\"thumbnailUrl\":\"https:\/\/www.freelance.de\/blog\/wp-content\/uploads\/2023\/05\/vor_und_nachteile_des_digitalen.png\",\"datePublished\":\"2022-01-18T13:58:58+00:00\",\"dateModified\":\"2023-12-13T14:18:23+00:00\",\"description\":\"Die Arbeit im digitalen Raum und mit moderner Technologie erleichtert viele Arbeitsprozesse, sie bringt aber auch neue Probleme mit sich.\",\"breadcrumb\":{\"@id\":\"https:\/\/www.freelance.de\/blog\/gesundheit-in-der-modernen-arbeitswelt-von-aktiver-foerderung-und-vor-und-nachteilen-des-digitalen\/#breadcrumb\"},\"inLanguage\":\"de\",\"potentialAction\":[{\"@type\":\"ReadAction\",\"target\":[\"https:\/\/www.freelance.de\/blog\/gesundheit-in-der-modernen-arbeitswelt-von-aktiver-foerderung-und-vor-und-nachteilen-des-digitalen\/\"]}]},{\"@type\":\"ImageObject\",\"inLanguage\":\"de\",\"@id\":\"https:\/\/www.freelance.de\/blog\/gesundheit-in-der-modernen-arbeitswelt-von-aktiver-foerderung-und-vor-und-nachteilen-des-digitalen\/#primaryimage\",\"url\":\"https:\/\/www.freelance.de\/blog\/wp-content\/uploads\/2023\/05\/vor_und_nachteile_des_digitalen.png\",\"contentUrl\":\"https:\/\/www.freelance.de\/blog\/wp-content\/uploads\/2023\/05\/vor_und_nachteile_des_digitalen.png\",\"width\":800,\"height\":400},{\"@type\":\"BreadcrumbList\",\"@id\":\"https:\/\/www.freelance.de\/blog\/gesundheit-in-der-modernen-arbeitswelt-von-aktiver-foerderung-und-vor-und-nachteilen-des-digitalen\/#breadcrumb\",\"itemListElement\":[{\"@type\":\"ListItem\",\"position\":1,\"name\":\"Home\",\"item\":\"https:\/\/www.freelance.de\/blog\/\"},{\"@type\":\"ListItem\",\"position\":2,\"name\":\"Gesundheit in der modernen Arbeitswelt &#8211; Von aktiver F\u00f6rderung und Vor- und Nachteilen des Digitalen\"}]},{\"@type\":\"WebSite\",\"@id\":\"https:\/\/www.freelance.de\/blog\/#website\",\"url\":\"https:\/\/www.freelance.de\/blog\/\",\"name\":\"freelance.de Blog\",\"description\":\"Alles zum Thema Freelancing\",\"publisher\":{\"@id\":\"https:\/\/www.freelance.de\/blog\/#organization\"},\"potentialAction\":[{\"@type\":\"SearchAction\",\"target\":{\"@type\":\"EntryPoint\",\"urlTemplate\":\"https:\/\/www.freelance.de\/blog\/?s={search_term_string}\"},\"query-input\":{\"@type\":\"PropertyValueSpecification\",\"valueRequired\":true,\"valueName\":\"search_term_string\"}}],\"inLanguage\":\"de\"},{\"@type\":\"Organization\",\"@id\":\"https:\/\/www.freelance.de\/blog\/#organization\",\"name\":\"freelance.de\",\"alternateName\":\"freelance.de\",\"url\":\"https:\/\/www.freelance.de\/blog\/\",\"logo\":{\"@type\":\"ImageObject\",\"inLanguage\":\"de\",\"@id\":\"https:\/\/www.freelance.de\/blog\/#\/schema\/logo\/image\/\",\"url\":\"https:\/\/www.freelance.de\/blog\/wp-content\/uploads\/2023\/03\/230315_freelance-de_BLOGLOGO.png\",\"contentUrl\":\"https:\/\/www.freelance.de\/blog\/wp-content\/uploads\/2023\/03\/230315_freelance-de_BLOGLOGO.png\",\"width\":1746,\"height\":411,\"caption\":\"freelance.de\"},\"image\":{\"@id\":\"https:\/\/www.freelance.de\/blog\/#\/schema\/logo\/image\/\"},\"sameAs\":[\"http:\/\/www.facebook.com\/Freelance.de\",\"https:\/\/x.com\/freelanceDE\"]},{\"@type\":\"Person\",\"@id\":\"https:\/\/www.freelance.de\/blog\/#\/schema\/person\/10ac6084b3aa712e4d50188709639844\",\"name\":\"freelance.de Redaktion\",\"image\":{\"@type\":\"ImageObject\",\"inLanguage\":\"de\",\"@id\":\"https:\/\/www.freelance.de\/blog\/#\/schema\/person\/image\/\",\"url\":\"https:\/\/www.freelance.de\/blog\/wp-content\/uploads\/2023\/03\/redaktionsteam-fl.png\",\"contentUrl\":\"https:\/\/www.freelance.de\/blog\/wp-content\/uploads\/2023\/03\/redaktionsteam-fl.png\",\"caption\":\"freelance.de Redaktion\"},\"description\":\"Unser Online-Redaktionsteam besteht aus aktuellen und ehemaligen Mitarbeiterinnen und Mitarbeitern von freelance.de sowie aus externen Expertinnen und Experten. Sie beherrschen nicht nur die Kunst mit Buchstaben und Worten zu jonglieren, sondern gehen stets die Extrameile, um relevante und aktuelle Themen f\u00fcr Freelancer aufzudecken und wertvolle Erfahrungen weiterzugeben.\",\"url\":\"https:\/\/www.freelance.de\/blog\/author\/freelanceteam\/\"},false]}<\/script>\n<!-- \/ Yoast SEO plugin. -->","yoast_head_json":{"title":"Gesundheit in der digitalen Arbeitswelt - Vor und Nachteile","description":"Die Arbeit im digitalen Raum und mit moderner Technologie erleichtert viele Arbeitsprozesse, sie bringt aber auch neue Probleme mit sich.","robots":{"index":"index","follow":"follow","max-snippet":"max-snippet:-1","max-image-preview":"max-image-preview:large","max-video-preview":"max-video-preview:-1"},"canonical":"https:\/\/www.freelance.de\/blog\/gesundheit-in-der-modernen-arbeitswelt-von-aktiver-foerderung-und-vor-und-nachteilen-des-digitalen\/","og_locale":"de_DE","og_type":"article","og_title":"Gesundheit in der digitalen Arbeitswelt - Vor und Nachteile","og_description":"Die Arbeit im digitalen Raum und mit moderner Technologie erleichtert viele Arbeitsprozesse, sie bringt aber auch neue Probleme mit sich.","og_url":"https:\/\/www.freelance.de\/blog\/gesundheit-in-der-modernen-arbeitswelt-von-aktiver-foerderung-und-vor-und-nachteilen-des-digitalen\/","og_site_name":"freelance.de Blog","article_publisher":"http:\/\/www.facebook.com\/Freelance.de","article_published_time":"2022-01-18T13:58:58+00:00","article_modified_time":"2023-12-13T14:18:23+00:00","og_image":[{"width":800,"height":400,"url":"https:\/\/www.freelance.de\/blog\/wp-content\/uploads\/2023\/05\/vor_und_nachteile_des_digitalen.png","type":"image\/png"}],"author":"freelance.de Redaktion","twitter_card":"summary_large_image","twitter_creator":"@freelanceDE","twitter_site":"@freelanceDE","twitter_misc":{"Verfasst von":"freelance.de Redaktion","Gesch\u00e4tzte Lesezeit":"9\u00a0Minuten"},"schema":{"@context":"https:\/\/schema.org","@graph":[{"@type":"Article","@id":"https:\/\/www.freelance.de\/blog\/gesundheit-in-der-modernen-arbeitswelt-von-aktiver-foerderung-und-vor-und-nachteilen-des-digitalen\/#article","isPartOf":{"@id":"https:\/\/www.freelance.de\/blog\/gesundheit-in-der-modernen-arbeitswelt-von-aktiver-foerderung-und-vor-und-nachteilen-des-digitalen\/"},"author":{"name":"freelance.de Redaktion","@id":"https:\/\/www.freelance.de\/blog\/#\/schema\/person\/10ac6084b3aa712e4d50188709639844"},"headline":"Gesundheit in der modernen Arbeitswelt &#8211; Von aktiver F\u00f6rderung und Vor- und Nachteilen des Digitalen","datePublished":"2022-01-18T13:58:58+00:00","dateModified":"2023-12-13T14:18:23+00:00","mainEntityOfPage":{"@id":"https:\/\/www.freelance.de\/blog\/gesundheit-in-der-modernen-arbeitswelt-von-aktiver-foerderung-und-vor-und-nachteilen-des-digitalen\/"},"wordCount":1555,"commentCount":0,"publisher":{"@id":"https:\/\/www.freelance.de\/blog\/#organization"},"image":{"@id":"https:\/\/www.freelance.de\/blog\/gesundheit-in-der-modernen-arbeitswelt-von-aktiver-foerderung-und-vor-und-nachteilen-des-digitalen\/#primaryimage"},"thumbnailUrl":"https:\/\/www.freelance.de\/blog\/wp-content\/uploads\/2023\/05\/vor_und_nachteile_des_digitalen.png","keywords":["Arbeitswelt","Digital","Freelancer","Gesundheit"],"articleSection":["Tipps f\u00fcr Freelancer"],"inLanguage":"de","potentialAction":[{"@type":"CommentAction","name":"Comment","target":["https:\/\/www.freelance.de\/blog\/gesundheit-in-der-modernen-arbeitswelt-von-aktiver-foerderung-und-vor-und-nachteilen-des-digitalen\/#respond"]}]},{"@type":"WebPage","@id":"https:\/\/www.freelance.de\/blog\/gesundheit-in-der-modernen-arbeitswelt-von-aktiver-foerderung-und-vor-und-nachteilen-des-digitalen\/","url":"https:\/\/www.freelance.de\/blog\/gesundheit-in-der-modernen-arbeitswelt-von-aktiver-foerderung-und-vor-und-nachteilen-des-digitalen\/","name":"Gesundheit in der digitalen Arbeitswelt - Vor und Nachteile","isPartOf":{"@id":"https:\/\/www.freelance.de\/blog\/#website"},"primaryImageOfPage":{"@id":"https:\/\/www.freelance.de\/blog\/gesundheit-in-der-modernen-arbeitswelt-von-aktiver-foerderung-und-vor-und-nachteilen-des-digitalen\/#primaryimage"},"image":{"@id":"https:\/\/www.freelance.de\/blog\/gesundheit-in-der-modernen-arbeitswelt-von-aktiver-foerderung-und-vor-und-nachteilen-des-digitalen\/#primaryimage"},"thumbnailUrl":"https:\/\/www.freelance.de\/blog\/wp-content\/uploads\/2023\/05\/vor_und_nachteile_des_digitalen.png","datePublished":"2022-01-18T13:58:58+00:00","dateModified":"2023-12-13T14:18:23+00:00","description":"Die Arbeit im digitalen Raum und mit moderner Technologie erleichtert viele Arbeitsprozesse, sie bringt aber auch neue Probleme mit sich.","breadcrumb":{"@id":"https:\/\/www.freelance.de\/blog\/gesundheit-in-der-modernen-arbeitswelt-von-aktiver-foerderung-und-vor-und-nachteilen-des-digitalen\/#breadcrumb"},"inLanguage":"de","potentialAction":[{"@type":"ReadAction","target":["https:\/\/www.freelance.de\/blog\/gesundheit-in-der-modernen-arbeitswelt-von-aktiver-foerderung-und-vor-und-nachteilen-des-digitalen\/"]}]},{"@type":"ImageObject","inLanguage":"de","@id":"https:\/\/www.freelance.de\/blog\/gesundheit-in-der-modernen-arbeitswelt-von-aktiver-foerderung-und-vor-und-nachteilen-des-digitalen\/#primaryimage","url":"https:\/\/www.freelance.de\/blog\/wp-content\/uploads\/2023\/05\/vor_und_nachteile_des_digitalen.png","contentUrl":"https:\/\/www.freelance.de\/blog\/wp-content\/uploads\/2023\/05\/vor_und_nachteile_des_digitalen.png","width":800,"height":400},{"@type":"BreadcrumbList","@id":"https:\/\/www.freelance.de\/blog\/gesundheit-in-der-modernen-arbeitswelt-von-aktiver-foerderung-und-vor-und-nachteilen-des-digitalen\/#breadcrumb","itemListElement":[{"@type":"ListItem","position":1,"name":"Home","item":"https:\/\/www.freelance.de\/blog\/"},{"@type":"ListItem","position":2,"name":"Gesundheit in der modernen Arbeitswelt &#8211; Von aktiver F\u00f6rderung und Vor- und Nachteilen des Digitalen"}]},{"@type":"WebSite","@id":"https:\/\/www.freelance.de\/blog\/#website","url":"https:\/\/www.freelance.de\/blog\/","name":"freelance.de Blog","description":"Alles zum Thema Freelancing","publisher":{"@id":"https:\/\/www.freelance.de\/blog\/#organization"},"potentialAction":[{"@type":"SearchAction","target":{"@type":"EntryPoint","urlTemplate":"https:\/\/www.freelance.de\/blog\/?s={search_term_string}"},"query-input":{"@type":"PropertyValueSpecification","valueRequired":true,"valueName":"search_term_string"}}],"inLanguage":"de"},{"@type":"Organization","@id":"https:\/\/www.freelance.de\/blog\/#organization","name":"freelance.de","alternateName":"freelance.de","url":"https:\/\/www.freelance.de\/blog\/","logo":{"@type":"ImageObject","inLanguage":"de","@id":"https:\/\/www.freelance.de\/blog\/#\/schema\/logo\/image\/","url":"https:\/\/www.freelance.de\/blog\/wp-content\/uploads\/2023\/03\/230315_freelance-de_BLOGLOGO.png","contentUrl":"https:\/\/www.freelance.de\/blog\/wp-content\/uploads\/2023\/03\/230315_freelance-de_BLOGLOGO.png","width":1746,"height":411,"caption":"freelance.de"},"image":{"@id":"https:\/\/www.freelance.de\/blog\/#\/schema\/logo\/image\/"},"sameAs":["http:\/\/www.facebook.com\/Freelance.de","https:\/\/x.com\/freelanceDE"]},{"@type":"Person","@id":"https:\/\/www.freelance.de\/blog\/#\/schema\/person\/10ac6084b3aa712e4d50188709639844","name":"freelance.de Redaktion","image":{"@type":"ImageObject","inLanguage":"de","@id":"https:\/\/www.freelance.de\/blog\/#\/schema\/person\/image\/","url":"https:\/\/www.freelance.de\/blog\/wp-content\/uploads\/2023\/03\/redaktionsteam-fl.png","contentUrl":"https:\/\/www.freelance.de\/blog\/wp-content\/uploads\/2023\/03\/redaktionsteam-fl.png","caption":"freelance.de Redaktion"},"description":"Unser Online-Redaktionsteam besteht aus aktuellen und ehemaligen Mitarbeiterinnen und Mitarbeitern von freelance.de sowie aus externen Expertinnen und Experten. Sie beherrschen nicht nur die Kunst mit Buchstaben und Worten zu jonglieren, sondern gehen stets die Extrameile, um relevante und aktuelle Themen f\u00fcr Freelancer aufzudecken und wertvolle Erfahrungen weiterzugeben.","url":"https:\/\/www.freelance.de\/blog\/author\/freelanceteam\/"},false]}},"_links":{"self":[{"href":"https:\/\/www.freelance.de\/blog\/wp-json\/wp\/v2\/posts\/24453","targetHints":{"allow":["GET"]}}],"collection":[{"href":"https:\/\/www.freelance.de\/blog\/wp-json\/wp\/v2\/posts"}],"about":[{"href":"https:\/\/www.freelance.de\/blog\/wp-json\/wp\/v2\/types\/post"}],"author":[{"embeddable":true,"href":"https:\/\/www.freelance.de\/blog\/wp-json\/wp\/v2\/users\/39"}],"replies":[{"embeddable":true,"href":"https:\/\/www.freelance.de\/blog\/wp-json\/wp\/v2\/comments?post=24453"}],"version-history":[{"count":10,"href":"https:\/\/www.freelance.de\/blog\/wp-json\/wp\/v2\/posts\/24453\/revisions"}],"predecessor-version":[{"id":29523,"href":"https:\/\/www.freelance.de\/blog\/wp-json\/wp\/v2\/posts\/24453\/revisions\/29523"}],"wp:featuredmedia":[{"embeddable":true,"href":"https:\/\/www.freelance.de\/blog\/wp-json\/wp\/v2\/media\/28818"}],"wp:attachment":[{"href":"https:\/\/www.freelance.de\/blog\/wp-json\/wp\/v2\/media?parent=24453"}],"wp:term":[{"taxonomy":"category","embeddable":true,"href":"https:\/\/www.freelance.de\/blog\/wp-json\/wp\/v2\/categories?post=24453"},{"taxonomy":"post_tag","embeddable":true,"href":"https:\/\/www.freelance.de\/blog\/wp-json\/wp\/v2\/tags?post=24453"}],"curies":[{"name":"wp","href":"https:\/\/api.w.org\/{rel}","templated":true}]}}