{"id":25582,"date":"2022-07-12T08:00:00","date_gmt":"2022-07-12T06:00:00","guid":{"rendered":"https:\/\/www.freelance.de\/blog\/?p=25582"},"modified":"2023-11-20T10:20:09","modified_gmt":"2023-11-20T09:20:09","slug":"hinter-den-kulissen-interview-mit-unserem-cto","status":"publish","type":"post","link":"https:\/\/www.freelance.de\/blog\/hinter-den-kulissen-interview-mit-unserem-cto\/","title":{"rendered":"Ned im Fokus: Das macht unser CTO"},"content":{"rendered":"\n<p><em>Lesedauer: ca. 2 Minuten<\/em><\/p>\n\n\n\n<p>Ned war von Anfang an als Softwareentwickler bei freelance.de dabei! Inzwischen ist er CTO bei freelance.de und damit verantwortlich f\u00fcr die technische (Weiter-)Entwicklung der Plattform und unserer Services. Nach 15 Jahren Betriebszugeh\u00f6rigkeit hat Ned eine ganze Menge zu erz\u00e4hlen.<\/p>\n\n\n\n<figure class=\"wp-block-image size-full\"><img loading=\"lazy\" decoding=\"async\" width=\"800\" height=\"400\" src=\"https:\/\/www.freelance.de\/blog\/wp-content\/uploads\/2022\/06\/Beitragsbild-Ned.png\" alt=\"Unser Kollege Ned\" class=\"wp-image-25773\" srcset=\"https:\/\/www.freelance.de\/blog\/wp-content\/uploads\/2022\/06\/Beitragsbild-Ned.png 800w, https:\/\/www.freelance.de\/blog\/wp-content\/uploads\/2022\/06\/Beitragsbild-Ned-300x150.png 300w, https:\/\/www.freelance.de\/blog\/wp-content\/uploads\/2022\/06\/Beitragsbild-Ned-768x384.png 768w, https:\/\/www.freelance.de\/blog\/wp-content\/uploads\/2022\/06\/Beitragsbild-Ned-150x75.png 150w\" sizes=\"auto, (max-width: 800px) 100vw, 800px\" \/><\/figure>\n\n\n\n<h2 class=\"wp-block-heading\"><strong>Lernen Sie Ned kennen in einer schnelle Warm-Up-Runde: <\/strong>Entweder\/Oder, Ned?<\/h2>\n\n\n\n<p><strong>B\u00fcro oder im Homeoffice?<\/strong><br>\u2192 B\u00fcro<\/p>\n\n\n\n<p><strong>Sport oder Faulenzen?<\/strong><br>\u2192 Sport<\/p>\n\n\n\n<p><strong>Aufzug oder Treppe?<\/strong><br>\u2192 Treppe <sub><img loading=\"lazy\" decoding=\"async\" width=\"31\" height=\"31\" class=\"wp-image-25606\" style=\"width: 23px\" src=\"https:\/\/www.freelance.de\/blog\/wp-content\/uploads\/2022\/05\/image.png\" alt=\"\"><\/sub><\/p>\n\n\n\n<p><strong>Kaffee oder Tee?<\/strong><br>\u2192 Kaffee<\/p>\n\n\n\n<p><strong>Fahrrad oder Auto?<\/strong><br>\u2192 Je nachdem, aber eher Auto<\/p>\n\n\n\n<p><strong>Basketball oder Eishockey?<\/strong><br>\u2192 Basketball<\/p>\n\n\n\n<p><strong>Die oder das Nutella?<\/strong><br>\u2192 Der ;-) (der Aufstrich)<\/p>\n\n\n\n<p><strong>Hund oder Katze?<\/strong><br>\u2192 Katze<\/p>\n\n\n\n<p><strong>Berge oder Meer?<\/strong><br>\u2192 Meer <\/p>\n\n\n\n<h2 class=\"wp-block-heading\"><strong>Ned, seit wann arbeitest du bei freelance.de und wie bist du hier gelandet?<\/strong><\/h2>\n\n\n\n<p><em><em>Hui, ich bin nun schon 15 Jahre bei freelance.de \u2013 genau genommen seit November 2006, also von Anfang an. Das war eine aufregende Zeit und ich habe wirklich alle Phasen der Firmenentwicklung miterlebt.<\/em><\/em><\/p>\n\n\n\n<h2 class=\"wp-block-heading\"><strong>Was sind deine Aufgaben als CTO bei freelance.de?<\/strong><\/h2>\n\n\n\n<p><em>Meine Aufgaben als CTO sind unterschiedlicher Natur und immer sehr spannend. Einerseits arbeite ich eng mit der Produktentwicklung zusammen, um unsere Plattform weiterzuentwickeln und f\u00fcr unsere User zu optimieren. Andererseits arbeite ich eng mit der Gesch\u00e4ftsf\u00fchrung zusammen &#8211; dabei steht die langfristige technische Ausrichtung und Skalierbarkeit der Plattform im Fokus.<br>Nat\u00fcrlich \u00fcbernehme ich auch immer wieder operative Aufgaben im Team, wie z.B. die Entwicklung f\u00fcr eine nachhaltige Softwarearchitektur, Fehleranalysen oder die Programmierung neuer Features.<\/em><\/p>\n\n\n\n<p><em> \u00a0<\/em><\/p>\n\n\n\n<div class=\"wp-block-media-text alignwide is-stacked-on-mobile has-black-color has-text-color has-background\" style=\"background-color:#27b4c4\"><figure class=\"wp-block-media-text__media\"><img loading=\"lazy\" decoding=\"async\" width=\"1733\" height=\"1155\" src=\"https:\/\/www.freelance.de\/blog\/wp-content\/uploads\/2023\/07\/Stocksy_1114585_web_hell.jpg\" alt=\"\" class=\"wp-image-29237 size-full\"\/><\/figure><div class=\"wp-block-media-text__content\">\n<p class=\"rb-text\">Neugierig auf die Ergebnisse der Freelancer-Studie 2023?<\/p>\n\n\n\n<div class=\"wp-block-buttons btn-primary is-layout-flex wp-block-buttons-is-layout-flex\">\n<div class=\"wp-block-button btn-primary\"><a class=\"wp-block-button__link wp-element-button\" href=\"https:\/\/www.freelance.de\/marktstudien.html\" target=\"_blank\" rel=\"noreferrer noopener\">Zum Download<\/a><\/div>\n<\/div>\n<\/div><\/div>\n\n\n\n<h2 class=\"wp-block-heading\"><strong>Was macht dir an deinem Job am meisten Spa\u00df? <\/strong><\/h2>\n\n\n\n<p><em><em>Am meisten macht es mir Spa\u00df kreativ zu sein! Das kann man n\u00e4mlich auch als Informatiker sein. <\/em><\/em><sub><img loading=\"lazy\" decoding=\"async\" width=\"31\" height=\"31\" class=\"wp-image-25606\" style=\"width: 23px\" src=\"https:\/\/www.freelance.de\/blog\/wp-content\/uploads\/2022\/05\/image.png\" alt=\"\"><\/sub><br><em><em>Meine Kreativit\u00e4t kann ich besonders gut einsetzen, um komplexe Prozesse zu verstehen, diese zu digitalisieren, zu automatisieren und nachhaltig zu vereinfachen.<\/em><\/em><\/p>\n\n\n\n<h2 class=\"wp-block-heading\"><strong>Was war dein bisheriges Highlight bei freelance.de?<\/strong><\/h2>\n\n\n\n<p><em><em>Da ich schon lange dabei bin, habe ich nat\u00fcrlich viele Highlights erlebt. Das macht es ja so spannend bei freelance.de. Ein ganz bestimmtes Highlight hervorzuheben f\u00e4llt mir schwer. F\u00fcr mich ist das gr\u00f6\u00dfte Highlight in dieser Firma, dass wir im Team und auch mit der Gesch\u00e4ftsf\u00fchrung immer einen wertvollen Austausch haben und es dazu inspirierende Workshops und regelm\u00e4\u00dfige Teamevents gibt.<\/em><\/em><\/p>\n\n\n\n<h2 class=\"wp-block-heading\"><strong>Was macht freelance.de f\u00fcr dich besonders?<\/strong><\/h2>\n\n\n\n<p><em><em>Die Mischung aus der deutschen Firmenkultur mit einem hohen Qualit\u00e4tsanspruch und der familienorientierten Firmenpolitik mit einem nordamerikanischen F\u00fchrungsstil. Das macht freelance.de f\u00fcr mich besonders und einzigartig.<\/em> <em>Dar\u00fcber hinaus gibt es eine besondere Firmendynamik: flache Hierarchien und schnelle Entscheidungen<\/em>.<\/em><\/p>\n\n\n\n<h2 class=\"wp-block-heading\"><strong>Wieso w\u00fcrdest du freelance.de als Arbeitgeber weiterempfehlen?<\/strong><\/h2>\n\n\n\n<p><em><em>Bei freelance.de arbeiten wir mit motivierten und nach Innovation strebenden Kolleginnen und Kollegen zusammen. Wir arbeiten an einer Plattform, die sich st\u00e4ndig weiterentwickelt und dadurch entwickeln wir uns auch weiter \u2013 als Spezialisten und als Team. Nicht zu vergessen sind die gute Bezahlung, die Urlaubstage, ein flexibles Arbeitsmodell und vieles mehr.<\/em><\/em><\/p>\n\n\n\n<h2 class=\"wp-block-heading\"><strong>Wie verbringst du deinen perfekten Feierabend?<\/strong><\/h2>\n\n\n\n<p><em><em>Nach einem erfolgreichen und anspruchsvollen Arbeitstag, an dem ich meine Ziele erreichen konnte, <\/em><\/em>verbringe ich am liebsten<em><em> Zeit mit meiner Familie und lasse den Tag gemeinsam ausklingen.<\/em><\/em><\/p>\n\n\n\n<h2 class=\"wp-block-heading\"><strong>Beschreibe die Arbeit bei freelance.de mit einem<\/strong> Wort. <\/h2>\n\n\n\n<p><em>Spannend!<\/em><\/p>\n\n\n\n<p class=\"has-text-color\" style=\"color:#007d8c\"><strong>Danke Ned, dass du dir die Zeit f\u00fcr das Interview genommen hast. Sch\u00f6n, dass du schon so lange ein Teil unseres freelance.de Teams bist. &nbsp;<\/strong><\/p>\n\n\n\n<p><\/p>\n\n\n\n<p class=\"has-background\" style=\"background-color:#d6e8ea\"><strong>Sie m\u00f6chten auch Teil des freelance.de Teams werden?<\/strong><br><a href=\"https:\/\/www.freelance.de\/karriere.html\" target=\"_blank\" rel=\"noreferrer noopener\">Hier finden Sie alle verf\u00fcgbare Positionen \u00bb<\/a><\/p>\n<div style='text-align:center' class='yasr-auto-insert-visitor'><\/div>","protected":false},"excerpt":{"rendered":"<p>Lesedauer: ca. 2 Minuten Ned war von Anfang an als Softwareentwickler bei freelance.de dabei! Inzwischen ist er CTO bei freelance.de und damit verantwortlich f\u00fcr&hellip;<\/p>\n","protected":false},"author":51,"featured_media":25984,"comment_status":"open","ping_status":"open","sticky":false,"template":"","format":"standard","meta":{"yasr_overall_rating":0,"yasr_post_is_review":"","yasr_auto_insert_disabled":"","yasr_review_type":"","footnotes":""},"categories":[1],"tags":[405,105,553,505],"class_list":["post-25582","post","type-post","status-publish","format-standard","has-post-thumbnail","hentry","category-freelance-de-insights","tag-freelance-de-team","tag-freelancer","tag-interview","tag-mitarbeiter"],"acf":[],"yasr_visitor_votes":{"stars_attributes":{"read_only":false,"span_bottom":false},"number_of_votes":1,"sum_votes":5},"yoast_head":"<!-- This site is optimized with the Yoast SEO plugin v26.8 - https:\/\/yoast.com\/product\/yoast-seo-wordpress\/ -->\n<title>Ned im Fokus: Das macht unser CTO - freelance.de Blog<\/title>\n<meta name=\"description\" content=\"In diesem Jahr feiern wir 15 Jahre freelance.de. Unser CTO Ned war als Softwareentwickler von Anfang dabei - Lernen Sie ihn kennen!\" \/>\n<meta name=\"robots\" content=\"index, follow, max-snippet:-1, max-image-preview:large, max-video-preview:-1\" \/>\n<link rel=\"canonical\" href=\"https:\/\/www.freelance.de\/blog\/hinter-den-kulissen-interview-mit-unserem-cto\/\" \/>\n<meta property=\"og:locale\" content=\"de_DE\" \/>\n<meta property=\"og:type\" content=\"article\" \/>\n<meta property=\"og:title\" content=\"Ned im Fokus: Das macht unser CTO - freelance.de Blog\" \/>\n<meta property=\"og:description\" content=\"In diesem Jahr feiern wir 15 Jahre freelance.de. Unser CTO Ned war als Softwareentwickler von Anfang dabei - Lernen Sie ihn kennen!\" \/>\n<meta property=\"og:url\" content=\"https:\/\/www.freelance.de\/blog\/hinter-den-kulissen-interview-mit-unserem-cto\/\" \/>\n<meta property=\"og:site_name\" content=\"freelance.de Blog\" \/>\n<meta property=\"article:publisher\" content=\"http:\/\/www.facebook.com\/Freelance.de\" \/>\n<meta property=\"article:published_time\" content=\"2022-07-12T06:00:00+00:00\" \/>\n<meta property=\"article:modified_time\" content=\"2023-11-20T09:20:09+00:00\" \/>\n<meta property=\"og:image\" content=\"https:\/\/www.freelance.de\/blog\/wp-content\/uploads\/2022\/07\/Vorschaubild_Austausch-1.png\" \/>\n\t<meta property=\"og:image:width\" content=\"1120\" \/>\n\t<meta property=\"og:image:height\" content=\"400\" \/>\n\t<meta property=\"og:image:type\" content=\"image\/png\" \/>\n<meta name=\"author\" content=\"Laura Stojcic\" \/>\n<meta name=\"twitter:card\" content=\"summary_large_image\" \/>\n<meta name=\"twitter:creator\" content=\"@freelanceDE\" \/>\n<meta name=\"twitter:site\" content=\"@freelanceDE\" \/>\n<meta name=\"twitter:label1\" content=\"Verfasst von\" \/>\n\t<meta name=\"twitter:data1\" content=\"Laura Stojcic\" \/>\n\t<meta name=\"twitter:label2\" content=\"Gesch\u00e4tzte Lesezeit\" \/>\n\t<meta name=\"twitter:data2\" content=\"4\u00a0Minuten\" \/>\n<script type=\"application\/ld+json\" class=\"yoast-schema-graph\">{\"@context\":\"https:\/\/schema.org\",\"@graph\":[{\"@type\":\"Article\",\"@id\":\"https:\/\/www.freelance.de\/blog\/hinter-den-kulissen-interview-mit-unserem-cto\/#article\",\"isPartOf\":{\"@id\":\"https:\/\/www.freelance.de\/blog\/hinter-den-kulissen-interview-mit-unserem-cto\/\"},\"author\":{\"name\":\"Laura Stojcic\",\"@id\":\"https:\/\/www.freelance.de\/blog\/#\/schema\/person\/49599cc431694decf99fb6a5cb9386c0\"},\"headline\":\"Ned im Fokus: Das macht unser CTO\",\"datePublished\":\"2022-07-12T06:00:00+00:00\",\"dateModified\":\"2023-11-20T09:20:09+00:00\",\"mainEntityOfPage\":{\"@id\":\"https:\/\/www.freelance.de\/blog\/hinter-den-kulissen-interview-mit-unserem-cto\/\"},\"wordCount\":571,\"commentCount\":2,\"publisher\":{\"@id\":\"https:\/\/www.freelance.de\/blog\/#organization\"},\"image\":{\"@id\":\"https:\/\/www.freelance.de\/blog\/hinter-den-kulissen-interview-mit-unserem-cto\/#primaryimage\"},\"thumbnailUrl\":\"https:\/\/www.freelance.de\/blog\/wp-content\/uploads\/2022\/07\/Vorschaubild_Austausch-1.png\",\"keywords\":[\"freelance.de Team\",\"Freelancer\",\"Interview\",\"Mitarbeiter\"],\"articleSection\":[\"freelance.de Insights\"],\"inLanguage\":\"de\",\"potentialAction\":[{\"@type\":\"CommentAction\",\"name\":\"Comment\",\"target\":[\"https:\/\/www.freelance.de\/blog\/hinter-den-kulissen-interview-mit-unserem-cto\/#respond\"]}]},{\"@type\":\"WebPage\",\"@id\":\"https:\/\/www.freelance.de\/blog\/hinter-den-kulissen-interview-mit-unserem-cto\/\",\"url\":\"https:\/\/www.freelance.de\/blog\/hinter-den-kulissen-interview-mit-unserem-cto\/\",\"name\":\"Ned im Fokus: Das macht unser CTO - freelance.de Blog\",\"isPartOf\":{\"@id\":\"https:\/\/www.freelance.de\/blog\/#website\"},\"primaryImageOfPage\":{\"@id\":\"https:\/\/www.freelance.de\/blog\/hinter-den-kulissen-interview-mit-unserem-cto\/#primaryimage\"},\"image\":{\"@id\":\"https:\/\/www.freelance.de\/blog\/hinter-den-kulissen-interview-mit-unserem-cto\/#primaryimage\"},\"thumbnailUrl\":\"https:\/\/www.freelance.de\/blog\/wp-content\/uploads\/2022\/07\/Vorschaubild_Austausch-1.png\",\"datePublished\":\"2022-07-12T06:00:00+00:00\",\"dateModified\":\"2023-11-20T09:20:09+00:00\",\"description\":\"In diesem Jahr feiern wir 15 Jahre freelance.de. Unser CTO Ned war als Softwareentwickler von Anfang dabei - Lernen Sie ihn kennen!\",\"breadcrumb\":{\"@id\":\"https:\/\/www.freelance.de\/blog\/hinter-den-kulissen-interview-mit-unserem-cto\/#breadcrumb\"},\"inLanguage\":\"de\",\"potentialAction\":[{\"@type\":\"ReadAction\",\"target\":[\"https:\/\/www.freelance.de\/blog\/hinter-den-kulissen-interview-mit-unserem-cto\/\"]}]},{\"@type\":\"ImageObject\",\"inLanguage\":\"de\",\"@id\":\"https:\/\/www.freelance.de\/blog\/hinter-den-kulissen-interview-mit-unserem-cto\/#primaryimage\",\"url\":\"https:\/\/www.freelance.de\/blog\/wp-content\/uploads\/2022\/07\/Vorschaubild_Austausch-1.png\",\"contentUrl\":\"https:\/\/www.freelance.de\/blog\/wp-content\/uploads\/2022\/07\/Vorschaubild_Austausch-1.png\",\"width\":1120,\"height\":400},{\"@type\":\"BreadcrumbList\",\"@id\":\"https:\/\/www.freelance.de\/blog\/hinter-den-kulissen-interview-mit-unserem-cto\/#breadcrumb\",\"itemListElement\":[{\"@type\":\"ListItem\",\"position\":1,\"name\":\"Home\",\"item\":\"https:\/\/www.freelance.de\/blog\/\"},{\"@type\":\"ListItem\",\"position\":2,\"name\":\"Ned im Fokus: Das macht unser CTO\"}]},{\"@type\":\"WebSite\",\"@id\":\"https:\/\/www.freelance.de\/blog\/#website\",\"url\":\"https:\/\/www.freelance.de\/blog\/\",\"name\":\"freelance.de Blog\",\"description\":\"Alles zum Thema Freelancing\",\"publisher\":{\"@id\":\"https:\/\/www.freelance.de\/blog\/#organization\"},\"potentialAction\":[{\"@type\":\"SearchAction\",\"target\":{\"@type\":\"EntryPoint\",\"urlTemplate\":\"https:\/\/www.freelance.de\/blog\/?s={search_term_string}\"},\"query-input\":{\"@type\":\"PropertyValueSpecification\",\"valueRequired\":true,\"valueName\":\"search_term_string\"}}],\"inLanguage\":\"de\"},{\"@type\":\"Organization\",\"@id\":\"https:\/\/www.freelance.de\/blog\/#organization\",\"name\":\"freelance.de\",\"alternateName\":\"freelance.de\",\"url\":\"https:\/\/www.freelance.de\/blog\/\",\"logo\":{\"@type\":\"ImageObject\",\"inLanguage\":\"de\",\"@id\":\"https:\/\/www.freelance.de\/blog\/#\/schema\/logo\/image\/\",\"url\":\"https:\/\/www.freelance.de\/blog\/wp-content\/uploads\/2023\/03\/230315_freelance-de_BLOGLOGO.png\",\"contentUrl\":\"https:\/\/www.freelance.de\/blog\/wp-content\/uploads\/2023\/03\/230315_freelance-de_BLOGLOGO.png\",\"width\":1746,\"height\":411,\"caption\":\"freelance.de\"},\"image\":{\"@id\":\"https:\/\/www.freelance.de\/blog\/#\/schema\/logo\/image\/\"},\"sameAs\":[\"http:\/\/www.facebook.com\/Freelance.de\",\"https:\/\/x.com\/freelanceDE\"]},{\"@type\":\"Person\",\"@id\":\"https:\/\/www.freelance.de\/blog\/#\/schema\/person\/49599cc431694decf99fb6a5cb9386c0\",\"name\":\"Laura Stojcic\",\"image\":{\"@type\":\"ImageObject\",\"inLanguage\":\"de\",\"@id\":\"https:\/\/www.freelance.de\/blog\/#\/schema\/person\/image\/\",\"url\":\"https:\/\/www.freelance.de\/blog\/wp-content\/uploads\/2023\/02\/Laura_B.jpg\",\"contentUrl\":\"https:\/\/www.freelance.de\/blog\/wp-content\/uploads\/2023\/02\/Laura_B.jpg\",\"caption\":\"Laura Stojcic\"},\"description\":\"Als Junior Online Marketing Managerin und duale Studentin an der IU in M\u00fcnchen, ist sie die treibende Kraft hinter unserer Social Media Pr\u00e4senz. Ihr absoluter Lieblings-Schwerpunkt bei der Arbeit ist das Sponsoring, da es eine spannende Mischung aus Action, Events und strategischem Denken ist. In ihrer Freizeit macht sie gerne Sport und reist, um neue Orte auf der Welt zu entdecken.\",\"url\":\"https:\/\/www.freelance.de\/blog\/author\/laura\/\"},false]}<\/script>\n<!-- \/ Yoast SEO plugin. -->","yoast_head_json":{"title":"Ned im Fokus: Das macht unser CTO - freelance.de Blog","description":"In diesem Jahr feiern wir 15 Jahre freelance.de. Unser CTO Ned war als Softwareentwickler von Anfang dabei - Lernen Sie ihn kennen!","robots":{"index":"index","follow":"follow","max-snippet":"max-snippet:-1","max-image-preview":"max-image-preview:large","max-video-preview":"max-video-preview:-1"},"canonical":"https:\/\/www.freelance.de\/blog\/hinter-den-kulissen-interview-mit-unserem-cto\/","og_locale":"de_DE","og_type":"article","og_title":"Ned im Fokus: Das macht unser CTO - freelance.de Blog","og_description":"In diesem Jahr feiern wir 15 Jahre freelance.de. Unser CTO Ned war als Softwareentwickler von Anfang dabei - Lernen Sie ihn kennen!","og_url":"https:\/\/www.freelance.de\/blog\/hinter-den-kulissen-interview-mit-unserem-cto\/","og_site_name":"freelance.de Blog","article_publisher":"http:\/\/www.facebook.com\/Freelance.de","article_published_time":"2022-07-12T06:00:00+00:00","article_modified_time":"2023-11-20T09:20:09+00:00","og_image":[{"width":1120,"height":400,"url":"https:\/\/www.freelance.de\/blog\/wp-content\/uploads\/2022\/07\/Vorschaubild_Austausch-1.png","type":"image\/png"}],"author":"Laura Stojcic","twitter_card":"summary_large_image","twitter_creator":"@freelanceDE","twitter_site":"@freelanceDE","twitter_misc":{"Verfasst von":"Laura Stojcic","Gesch\u00e4tzte Lesezeit":"4\u00a0Minuten"},"schema":{"@context":"https:\/\/schema.org","@graph":[{"@type":"Article","@id":"https:\/\/www.freelance.de\/blog\/hinter-den-kulissen-interview-mit-unserem-cto\/#article","isPartOf":{"@id":"https:\/\/www.freelance.de\/blog\/hinter-den-kulissen-interview-mit-unserem-cto\/"},"author":{"name":"Laura Stojcic","@id":"https:\/\/www.freelance.de\/blog\/#\/schema\/person\/49599cc431694decf99fb6a5cb9386c0"},"headline":"Ned im Fokus: Das macht unser CTO","datePublished":"2022-07-12T06:00:00+00:00","dateModified":"2023-11-20T09:20:09+00:00","mainEntityOfPage":{"@id":"https:\/\/www.freelance.de\/blog\/hinter-den-kulissen-interview-mit-unserem-cto\/"},"wordCount":571,"commentCount":2,"publisher":{"@id":"https:\/\/www.freelance.de\/blog\/#organization"},"image":{"@id":"https:\/\/www.freelance.de\/blog\/hinter-den-kulissen-interview-mit-unserem-cto\/#primaryimage"},"thumbnailUrl":"https:\/\/www.freelance.de\/blog\/wp-content\/uploads\/2022\/07\/Vorschaubild_Austausch-1.png","keywords":["freelance.de Team","Freelancer","Interview","Mitarbeiter"],"articleSection":["freelance.de Insights"],"inLanguage":"de","potentialAction":[{"@type":"CommentAction","name":"Comment","target":["https:\/\/www.freelance.de\/blog\/hinter-den-kulissen-interview-mit-unserem-cto\/#respond"]}]},{"@type":"WebPage","@id":"https:\/\/www.freelance.de\/blog\/hinter-den-kulissen-interview-mit-unserem-cto\/","url":"https:\/\/www.freelance.de\/blog\/hinter-den-kulissen-interview-mit-unserem-cto\/","name":"Ned im Fokus: Das macht unser CTO - freelance.de Blog","isPartOf":{"@id":"https:\/\/www.freelance.de\/blog\/#website"},"primaryImageOfPage":{"@id":"https:\/\/www.freelance.de\/blog\/hinter-den-kulissen-interview-mit-unserem-cto\/#primaryimage"},"image":{"@id":"https:\/\/www.freelance.de\/blog\/hinter-den-kulissen-interview-mit-unserem-cto\/#primaryimage"},"thumbnailUrl":"https:\/\/www.freelance.de\/blog\/wp-content\/uploads\/2022\/07\/Vorschaubild_Austausch-1.png","datePublished":"2022-07-12T06:00:00+00:00","dateModified":"2023-11-20T09:20:09+00:00","description":"In diesem Jahr feiern wir 15 Jahre freelance.de. Unser CTO Ned war als Softwareentwickler von Anfang dabei - Lernen Sie ihn kennen!","breadcrumb":{"@id":"https:\/\/www.freelance.de\/blog\/hinter-den-kulissen-interview-mit-unserem-cto\/#breadcrumb"},"inLanguage":"de","potentialAction":[{"@type":"ReadAction","target":["https:\/\/www.freelance.de\/blog\/hinter-den-kulissen-interview-mit-unserem-cto\/"]}]},{"@type":"ImageObject","inLanguage":"de","@id":"https:\/\/www.freelance.de\/blog\/hinter-den-kulissen-interview-mit-unserem-cto\/#primaryimage","url":"https:\/\/www.freelance.de\/blog\/wp-content\/uploads\/2022\/07\/Vorschaubild_Austausch-1.png","contentUrl":"https:\/\/www.freelance.de\/blog\/wp-content\/uploads\/2022\/07\/Vorschaubild_Austausch-1.png","width":1120,"height":400},{"@type":"BreadcrumbList","@id":"https:\/\/www.freelance.de\/blog\/hinter-den-kulissen-interview-mit-unserem-cto\/#breadcrumb","itemListElement":[{"@type":"ListItem","position":1,"name":"Home","item":"https:\/\/www.freelance.de\/blog\/"},{"@type":"ListItem","position":2,"name":"Ned im Fokus: Das macht unser CTO"}]},{"@type":"WebSite","@id":"https:\/\/www.freelance.de\/blog\/#website","url":"https:\/\/www.freelance.de\/blog\/","name":"freelance.de Blog","description":"Alles zum Thema Freelancing","publisher":{"@id":"https:\/\/www.freelance.de\/blog\/#organization"},"potentialAction":[{"@type":"SearchAction","target":{"@type":"EntryPoint","urlTemplate":"https:\/\/www.freelance.de\/blog\/?s={search_term_string}"},"query-input":{"@type":"PropertyValueSpecification","valueRequired":true,"valueName":"search_term_string"}}],"inLanguage":"de"},{"@type":"Organization","@id":"https:\/\/www.freelance.de\/blog\/#organization","name":"freelance.de","alternateName":"freelance.de","url":"https:\/\/www.freelance.de\/blog\/","logo":{"@type":"ImageObject","inLanguage":"de","@id":"https:\/\/www.freelance.de\/blog\/#\/schema\/logo\/image\/","url":"https:\/\/www.freelance.de\/blog\/wp-content\/uploads\/2023\/03\/230315_freelance-de_BLOGLOGO.png","contentUrl":"https:\/\/www.freelance.de\/blog\/wp-content\/uploads\/2023\/03\/230315_freelance-de_BLOGLOGO.png","width":1746,"height":411,"caption":"freelance.de"},"image":{"@id":"https:\/\/www.freelance.de\/blog\/#\/schema\/logo\/image\/"},"sameAs":["http:\/\/www.facebook.com\/Freelance.de","https:\/\/x.com\/freelanceDE"]},{"@type":"Person","@id":"https:\/\/www.freelance.de\/blog\/#\/schema\/person\/49599cc431694decf99fb6a5cb9386c0","name":"Laura Stojcic","image":{"@type":"ImageObject","inLanguage":"de","@id":"https:\/\/www.freelance.de\/blog\/#\/schema\/person\/image\/","url":"https:\/\/www.freelance.de\/blog\/wp-content\/uploads\/2023\/02\/Laura_B.jpg","contentUrl":"https:\/\/www.freelance.de\/blog\/wp-content\/uploads\/2023\/02\/Laura_B.jpg","caption":"Laura Stojcic"},"description":"Als Junior Online Marketing Managerin und duale Studentin an der IU in M\u00fcnchen, ist sie die treibende Kraft hinter unserer Social Media Pr\u00e4senz. Ihr absoluter Lieblings-Schwerpunkt bei der Arbeit ist das Sponsoring, da es eine spannende Mischung aus Action, Events und strategischem Denken ist. In ihrer Freizeit macht sie gerne Sport und reist, um neue Orte auf der Welt zu entdecken.","url":"https:\/\/www.freelance.de\/blog\/author\/laura\/"},false]}},"_links":{"self":[{"href":"https:\/\/www.freelance.de\/blog\/wp-json\/wp\/v2\/posts\/25582","targetHints":{"allow":["GET"]}}],"collection":[{"href":"https:\/\/www.freelance.de\/blog\/wp-json\/wp\/v2\/posts"}],"about":[{"href":"https:\/\/www.freelance.de\/blog\/wp-json\/wp\/v2\/types\/post"}],"author":[{"embeddable":true,"href":"https:\/\/www.freelance.de\/blog\/wp-json\/wp\/v2\/users\/51"}],"replies":[{"embeddable":true,"href":"https:\/\/www.freelance.de\/blog\/wp-json\/wp\/v2\/comments?post=25582"}],"version-history":[{"count":20,"href":"https:\/\/www.freelance.de\/blog\/wp-json\/wp\/v2\/posts\/25582\/revisions"}],"predecessor-version":[{"id":30788,"href":"https:\/\/www.freelance.de\/blog\/wp-json\/wp\/v2\/posts\/25582\/revisions\/30788"}],"wp:featuredmedia":[{"embeddable":true,"href":"https:\/\/www.freelance.de\/blog\/wp-json\/wp\/v2\/media\/25984"}],"wp:attachment":[{"href":"https:\/\/www.freelance.de\/blog\/wp-json\/wp\/v2\/media?parent=25582"}],"wp:term":[{"taxonomy":"category","embeddable":true,"href":"https:\/\/www.freelance.de\/blog\/wp-json\/wp\/v2\/categories?post=25582"},{"taxonomy":"post_tag","embeddable":true,"href":"https:\/\/www.freelance.de\/blog\/wp-json\/wp\/v2\/tags?post=25582"}],"curies":[{"name":"wp","href":"https:\/\/api.w.org\/{rel}","templated":true}]}}