{"id":25691,"date":"2022-06-03T08:00:00","date_gmt":"2022-06-03T06:00:00","guid":{"rendered":"https:\/\/www.freelance.de\/blog\/?p=25691"},"modified":"2023-08-01T15:39:35","modified_gmt":"2023-08-01T13:39:35","slug":"experteninterview-mit-dennis-buechele","status":"publish","type":"post","link":"https:\/\/www.freelance.de\/blog\/experteninterview-mit-dennis-buechele\/","title":{"rendered":"Es war nicht leicht das &#8220;gro\u00dfe eine Thema&#8221; f\u00fcr mich zu finden"},"content":{"rendered":"\n<p><em>Lesedauer: ca. 3 Minuten<\/em><\/p>\n\n\n\n<p><strong>Dennis B\u00fcchele<\/strong>, der Gr\u00fcnder und Gesch\u00e4ftsf\u00fchrer von Bullplat.com spricht in diesem Interview \u00fcber seinen Weg in die Selbstst\u00e4ndigkeit und inwiefern sich diese f\u00fcr Ihn von der Arbeit im Konzern unterscheidet. Au\u00dferdem schenkt er uns spannende Einblicke in die Welt des Projektmanagements. <\/p>\n\n\n\n<figure class=\"wp-block-image size-full\"><img loading=\"lazy\" decoding=\"async\" width=\"800\" height=\"400\" src=\"https:\/\/www.freelance.de\/blog\/wp-content\/uploads\/2022\/05\/Experts-Beitragsbild-Dennis-buechele-1.png\" alt=\"Experte Dennis B\u00fcchele Projekt Management \" class=\"wp-image-25699\" srcset=\"https:\/\/www.freelance.de\/blog\/wp-content\/uploads\/2022\/05\/Experts-Beitragsbild-Dennis-buechele-1.png 800w, https:\/\/www.freelance.de\/blog\/wp-content\/uploads\/2022\/05\/Experts-Beitragsbild-Dennis-buechele-1-300x150.png 300w, https:\/\/www.freelance.de\/blog\/wp-content\/uploads\/2022\/05\/Experts-Beitragsbild-Dennis-buechele-1-768x384.png 768w, https:\/\/www.freelance.de\/blog\/wp-content\/uploads\/2022\/05\/Experts-Beitragsbild-Dennis-buechele-1-150x75.png 150w\" sizes=\"auto, (max-width: 800px) 100vw, 800px\" \/><\/figure>\n\n\n\n<h2 class=\"wp-block-heading\"><strong>Eine schnelle Warm-Up-Runde, Herr B\u00fcchele:<\/strong>&nbsp;<\/h2>\n\n\n\n<p><strong>Zwei Wochen aufs Handy oder auf den Computer verzichten?<\/strong>&nbsp;<br>\u00bb<strong> <\/strong>Mittlerweile macht der Verzicht auf das eine oder andere vermutlich keinen gro\u00dfen Unterschied mehr. Irgendwie ist man ja immer online. Aber am ehesten w\u00fcrde ich wohl auf mein Handy verzichten.&nbsp;<\/p>\n\n\n\n<p><strong>Einen Monat in einem U-Boot oder in einer Raumstation verbringen? <\/strong>&nbsp;<br>\u00bb Das w\u00e4ren beides zwei ziemlich aufregende neue Welten. Am liebsten w\u00fcrde ich aber das U-Boot w\u00e4hlen. Da sieht man wahrscheinlich ein bisschen mehr.<\/p>\n\n\n\n<p><strong>Krawatte und Anzug oder Jeans? <\/strong>&nbsp;<br>\u00bb Das ist mittlerweile fast schon eine Glaubensfrage. Kann ich mich auch f\u00fcr die Mitte entscheiden? Ein Jackett mit Hemd und Jeans w\u00e4re mir am liebsten. Ich denke das w\u00e4re dann Casual Chic.&nbsp;<\/p>\n\n\n\n<p><strong>Eishockey oder Basketball?<\/strong>&nbsp;<br>\u00bb Am liebsten Eishochey.&nbsp;<\/p>\n\n\n\n<p><strong>Projekte lieber remote, beim Kunden, vor Ort oder Hybrid? <\/strong>&nbsp;<br>\u00bb Die Mischung machts. Durch die rasanten Ver\u00e4nderungen bei vielen meiner Kunden, lassen sich die allermeisten Aufgaben und Themen gut remote erarbeiten. Mit den Menschen vor Ort machen aber viele der Aufgaben einfach mehr Spa\u00df.<\/p>\n\n\n\n<p><strong>Projekte n\u00e4he Wohnort oder m\u00f6glichst weit weg? <\/strong>&nbsp;<br>\u00bb Am liebsten sind mir die Projekte, bei denen ich auch neue Orte kennenlernen kann. Die m\u00fcssen nicht zwingend weit weg sein, wenn sie es aber sind, umso besser.<\/p>\n\n\n\n<h2 class=\"wp-block-heading\"><strong>Warum sind sie Freelancer geworden?<\/strong>&nbsp;<\/h2>\n\n\n\n<p>Bis zur Gr\u00fcndung von Bullplat.com konnte ich unterschiedlich gro\u00dfe Unternehmen und eine Handvoll Branchen kennenlernen. Das hatte immer gut gepasst und in jeder der Organisationen h\u00e4tte ich mir meine Karriere oder Zukunft schon irgendwie gut vorstellen k\u00f6nnen. Was mir aber meistens schnell fehlte, war die Abwechslung und das &#8220;Neue\u201c. Lange gewartet habe ich eigentlich nur, weil es mir nicht leichtfiel das \u201eeine gro\u00dfe Thema\u201c f\u00fcr mich zu bestimmen. Mittlerweile habe ich gemerkt, dass es in der Selbstst\u00e4ndigkeit selten ein entweder oder gibt. Nicht zuletzt, weil man zahlreiche Themen kennenlernt und das eigene Unternehmen den Kundenbed\u00fcrfnissen entsprechend formt und entwickelt.&nbsp;<\/p>\n\n\n\n<h2 class=\"wp-block-heading\"><strong>Was sind typische Aufgaben als Freelancer im Projektmanagement? Und was macht Ihnen am meisten Spa\u00df?<\/strong>&nbsp;<\/h2>\n\n\n\n<p>Das ist eine gute Frage und in jeder Kundensituation wirklich sehr unterschiedlich. In meinen Projekten fokussiere ich mich auf Fragestellungen aus dem Innovationsmanagement, dem Servicedesign und der Gesch\u00e4ftsmodellierung. Manchmal steht dabei der Informationsaustausch im Mittelpunkt, manchmal aber auch das Tracking und Reporting. Am wichtigsten ist dabei immer, die Besonderheiten der Kundenorganisationen schnell zu durchdringen und zu adaptieren.&nbsp;<\/p>\n\n\n\n<p>Am meisten Spa\u00df macht mir der Erkenntnisgewinn in der Teamarbeit. Gerade dann, wenn verschiedenste Disziplinen zusammenarbeiten. H\u00e4ufig ist dabei die Sichtweise auf eine gemeinsame Herausforderung zu Beginn sehr verschieden. Im Verlauf der Zusammenarbeit ver\u00e4ndert sich diese Sicht und bringt interdisziplin\u00e4re Experten zusammen.&nbsp;&nbsp;<\/p>\n\n\n\n<div class=\"wp-block-media-text alignwide is-stacked-on-mobile is-image-fill has-background\" style=\"background-color:#27b4c4\"><figure class=\"wp-block-media-text__media\" style=\"background-image:url(https:\/\/www.freelance.de\/blog\/wp-content\/uploads\/2023\/04\/Viel-Luft-nach-oben-in-Sachen-SEO-Strategie-1.png);background-position:46% 33%\"><img loading=\"lazy\" decoding=\"async\" width=\"800\" height=\"400\" src=\"https:\/\/www.freelance.de\/blog\/wp-content\/uploads\/2023\/04\/Viel-Luft-nach-oben-in-Sachen-SEO-Strategie-1.png\" alt=\"\" class=\"wp-image-28615 size-full\"\/><\/figure><div class=\"wp-block-media-text__content\">\n<p class=\"rb-text\">Suchen Sie als Freelancer ein neues Projekt?<\/p>\n\n\n\n<div class=\"wp-block-buttons is-layout-flex wp-block-buttons-is-layout-flex\">\n<div class=\"wp-block-button btn-primary\"><a class=\"wp-block-button__link wp-element-button\" href=\"https:\/\/www.freelance.de\/login.php\" target=\"_blank\" rel=\"noreferrer noopener\">Jetzt Verf\u00fcgbarkeit aktualisieren<\/a><\/div>\n<\/div>\n<\/div><\/div>\n\n\n\n<h2 class=\"wp-block-heading\"><strong>Auf welche Tools k\u00f6nnen Sie in Ihren Projekten als Freelancer nicht verzichten?<\/strong>&nbsp;<\/h2>\n\n\n\n<p>Die Tools zur Kommunikation, dem Informationsaustausch oder der Fortschritts\u00fcberwachung variieren von Kunde zu Kunde. Auch hier ist es wichtig die Besonderheiten des Kunden zu adaptieren. Daher w\u00fcrde ich behaupten, dass der Kalender wohl das wichtigste Tool in Projekten ist. Die Zeit ist ein guter gemeinsamer Nenner f\u00fcr die Arbeit in Projekten.&nbsp;&nbsp;<\/p>\n\n\n\n<h2 class=\"wp-block-heading\"><strong>Wie halten Sie sich als Freelancer up-to-date?<\/strong>&nbsp;<\/h2>\n\n\n\n<p>Bislang habe ich das Gef\u00fchl, dass das eigentlich genau so funktioniert wie zu meiner Zeit in Konzernen. Es gibt in der Wirtschaft verschiedene Themen und Trends, die mir mehr oder weniger h\u00e4ufig begegnen. Das sind manchmal neue Methoden, manchmal aber auch neue Technologien. Ich habe schnell gelernt, dass ich diese Themen verstehen muss, wenn sie zum Projekterfolg beitragen.&nbsp;<\/p>\n\n\n\n<h2 class=\"wp-block-heading\"><strong>Wie schalten Sie am liebsten von Projekten ab?<\/strong>&nbsp;<\/h2>\n\n\n\n<p>Am liebsten in der Natur oder mit Freunden.&nbsp;&nbsp;<\/p>\n\n\n\n<h2 class=\"wp-block-heading\"><strong>Mit wem w\u00fcrden Sie f\u00fcr einen Tag Rollen tauschen wollen?<\/strong>&nbsp;<\/h2>\n\n\n\n<p>Das ist keine leichte Frage, aber am ehesten wohl mit Eminem. Dessen Leben und Werdegang beeindruckt mich seit meiner fr\u00fchen Jugend.&nbsp;&nbsp;<\/p>\n\n\n\n<h2 class=\"wp-block-heading\"><strong>Welches ist der wichtigste Trend im Projektmanagement?&nbsp;<\/strong>&nbsp;<\/h2>\n\n\n\n<p>Einer der wichtigsten Trends im Projektmanagement ist vermutlich die F\u00fclle an verschiedenen Methoden und Frameworks, die sich am Markt etablieren. Je nachdem, wie weit Kunden bereits bei der Einf\u00fchrung neuer Methoden wie SCRUM sind, wirkt sich das auf die Effizienz der Zusammenarbeit aus. Gleiches gilt f\u00fcr Frameworks wie SAFe, die sie dabei einsetzen und in manchen F\u00e4llen an organisatorische Besonderheiten anpassen.&nbsp;&nbsp;<\/p>\n\n\n\n<p><strong>Vielen Dank f\u00fcr Ihr freundliches Interview Herr B\u00fcchele! Wir w\u00fcnschen Ihnen weiterhin viel Erfolg bei Ihren Projekten.<\/strong><\/p>\n\n\n\n<hr class=\"wp-block-separator has-alpha-channel-opacity\"\/>\n\n\n\n<p class=\"has-background\" style=\"background-color:#abb7c257\">Sie haben auch Interesse an einem Interview mit uns?&nbsp;<a href=\"https:\/\/www.freelance.de\/main\/contact.php\" target=\"_blank\" rel=\"noreferrer noopener\">Kontaktieren Sie uns<\/a>! Wir freuen uns auf Sie!<\/p>\n<div style='text-align:center' class='yasr-auto-insert-visitor'><\/div>","protected":false},"excerpt":{"rendered":"<p>Lesedauer: ca. 3 Minuten Dennis B\u00fcchele, der Gr\u00fcnder und Gesch\u00e4ftsf\u00fchrer von Bullplat.com spricht in diesem Interview \u00fcber seinen Weg in die Selbstst\u00e4ndigkeit und inwiefern&hellip;<\/p>\n","protected":false},"author":51,"featured_media":28212,"comment_status":"open","ping_status":"open","sticky":false,"template":"","format":"standard","meta":{"yasr_overall_rating":0,"yasr_post_is_review":"","yasr_auto_insert_disabled":"","yasr_review_type":"","footnotes":""},"categories":[851],"tags":[105,141,820,744],"class_list":["post-25691","post","type-post","status-publish","format-standard","has-post-thumbnail","hentry","category-tipps-freelancer","tag-freelancer","tag-projektmanagement","tag-safe","tag-scrum"],"acf":[],"yasr_visitor_votes":{"stars_attributes":{"read_only":false,"span_bottom":false},"number_of_votes":0,"sum_votes":0},"yoast_head":"<!-- This site is optimized with the Yoast SEO plugin v26.8 - https:\/\/yoast.com\/product\/yoast-seo-wordpress\/ -->\n<title>Es war nicht leicht das &quot;gro\u00dfe eine Thema&quot; f\u00fcr mich zu finden - freelance.de Blog<\/title>\n<meta name=\"description\" content=\"Vom Weg in die Selbst\u00e4ndigkeit bis hin zu Einblicken in das Projektmanagement - Experte Dennis B\u00fcchele erz\u00e4hlt.\" \/>\n<meta name=\"robots\" content=\"index, follow, max-snippet:-1, max-image-preview:large, max-video-preview:-1\" \/>\n<link rel=\"canonical\" href=\"https:\/\/www.freelance.de\/blog\/experteninterview-mit-dennis-buechele\/\" \/>\n<meta property=\"og:locale\" content=\"de_DE\" \/>\n<meta property=\"og:type\" content=\"article\" \/>\n<meta property=\"og:title\" content=\"Es war nicht leicht das &quot;gro\u00dfe eine Thema&quot; f\u00fcr mich zu finden - freelance.de Blog\" \/>\n<meta property=\"og:description\" content=\"Vom Weg in die Selbst\u00e4ndigkeit bis hin zu Einblicken in das Projektmanagement - Experte Dennis B\u00fcchele erz\u00e4hlt.\" \/>\n<meta property=\"og:url\" content=\"https:\/\/www.freelance.de\/blog\/experteninterview-mit-dennis-buechele\/\" \/>\n<meta property=\"og:site_name\" content=\"freelance.de Blog\" \/>\n<meta property=\"article:publisher\" content=\"http:\/\/www.facebook.com\/Freelance.de\" \/>\n<meta property=\"article:published_time\" content=\"2022-06-03T06:00:00+00:00\" \/>\n<meta property=\"article:modified_time\" content=\"2023-08-01T13:39:35+00:00\" \/>\n<meta property=\"og:image\" content=\"https:\/\/www.freelance.de\/blog\/wp-content\/uploads\/2022\/06\/Vorschaubild-2.png\" \/>\n\t<meta property=\"og:image:width\" content=\"1000\" \/>\n\t<meta property=\"og:image:height\" content=\"400\" \/>\n\t<meta property=\"og:image:type\" content=\"image\/png\" \/>\n<meta name=\"author\" content=\"Laura Stojcic\" \/>\n<meta name=\"twitter:card\" content=\"summary_large_image\" \/>\n<meta name=\"twitter:creator\" content=\"@freelanceDE\" \/>\n<meta name=\"twitter:site\" content=\"@freelanceDE\" \/>\n<meta name=\"twitter:label1\" content=\"Verfasst von\" \/>\n\t<meta name=\"twitter:data1\" content=\"Laura Stojcic\" \/>\n\t<meta name=\"twitter:label2\" content=\"Gesch\u00e4tzte Lesezeit\" \/>\n\t<meta name=\"twitter:data2\" content=\"5\u00a0Minuten\" \/>\n<script type=\"application\/ld+json\" class=\"yoast-schema-graph\">{\"@context\":\"https:\/\/schema.org\",\"@graph\":[{\"@type\":\"Article\",\"@id\":\"https:\/\/www.freelance.de\/blog\/experteninterview-mit-dennis-buechele\/#article\",\"isPartOf\":{\"@id\":\"https:\/\/www.freelance.de\/blog\/experteninterview-mit-dennis-buechele\/\"},\"author\":{\"name\":\"Laura Stojcic\",\"@id\":\"https:\/\/www.freelance.de\/blog\/#\/schema\/person\/49599cc431694decf99fb6a5cb9386c0\"},\"headline\":\"Es war nicht leicht das &#8220;gro\u00dfe eine Thema&#8221; f\u00fcr mich zu finden\",\"datePublished\":\"2022-06-03T06:00:00+00:00\",\"dateModified\":\"2023-08-01T13:39:35+00:00\",\"mainEntityOfPage\":{\"@id\":\"https:\/\/www.freelance.de\/blog\/experteninterview-mit-dennis-buechele\/\"},\"wordCount\":833,\"commentCount\":0,\"publisher\":{\"@id\":\"https:\/\/www.freelance.de\/blog\/#organization\"},\"image\":{\"@id\":\"https:\/\/www.freelance.de\/blog\/experteninterview-mit-dennis-buechele\/#primaryimage\"},\"thumbnailUrl\":\"https:\/\/www.freelance.de\/blog\/wp-content\/uploads\/2022\/06\/Vorschaubild-2.png\",\"keywords\":[\"Freelancer\",\"Projektmanagement\",\"SAFe\",\"scrum\"],\"articleSection\":[\"Tipps f\u00fcr Freelancer\"],\"inLanguage\":\"de\",\"potentialAction\":[{\"@type\":\"CommentAction\",\"name\":\"Comment\",\"target\":[\"https:\/\/www.freelance.de\/blog\/experteninterview-mit-dennis-buechele\/#respond\"]}]},{\"@type\":\"WebPage\",\"@id\":\"https:\/\/www.freelance.de\/blog\/experteninterview-mit-dennis-buechele\/\",\"url\":\"https:\/\/www.freelance.de\/blog\/experteninterview-mit-dennis-buechele\/\",\"name\":\"Es war nicht leicht das \\\"gro\u00dfe eine Thema\\\" f\u00fcr mich zu finden - freelance.de Blog\",\"isPartOf\":{\"@id\":\"https:\/\/www.freelance.de\/blog\/#website\"},\"primaryImageOfPage\":{\"@id\":\"https:\/\/www.freelance.de\/blog\/experteninterview-mit-dennis-buechele\/#primaryimage\"},\"image\":{\"@id\":\"https:\/\/www.freelance.de\/blog\/experteninterview-mit-dennis-buechele\/#primaryimage\"},\"thumbnailUrl\":\"https:\/\/www.freelance.de\/blog\/wp-content\/uploads\/2022\/06\/Vorschaubild-2.png\",\"datePublished\":\"2022-06-03T06:00:00+00:00\",\"dateModified\":\"2023-08-01T13:39:35+00:00\",\"description\":\"Vom Weg in die Selbst\u00e4ndigkeit bis hin zu Einblicken in das Projektmanagement - Experte Dennis B\u00fcchele erz\u00e4hlt.\",\"breadcrumb\":{\"@id\":\"https:\/\/www.freelance.de\/blog\/experteninterview-mit-dennis-buechele\/#breadcrumb\"},\"inLanguage\":\"de\",\"potentialAction\":[{\"@type\":\"ReadAction\",\"target\":[\"https:\/\/www.freelance.de\/blog\/experteninterview-mit-dennis-buechele\/\"]}]},{\"@type\":\"ImageObject\",\"inLanguage\":\"de\",\"@id\":\"https:\/\/www.freelance.de\/blog\/experteninterview-mit-dennis-buechele\/#primaryimage\",\"url\":\"https:\/\/www.freelance.de\/blog\/wp-content\/uploads\/2022\/06\/Vorschaubild-2.png\",\"contentUrl\":\"https:\/\/www.freelance.de\/blog\/wp-content\/uploads\/2022\/06\/Vorschaubild-2.png\",\"width\":1000,\"height\":400},{\"@type\":\"BreadcrumbList\",\"@id\":\"https:\/\/www.freelance.de\/blog\/experteninterview-mit-dennis-buechele\/#breadcrumb\",\"itemListElement\":[{\"@type\":\"ListItem\",\"position\":1,\"name\":\"Home\",\"item\":\"https:\/\/www.freelance.de\/blog\/\"},{\"@type\":\"ListItem\",\"position\":2,\"name\":\"Es war nicht leicht das &#8220;gro\u00dfe eine Thema&#8221; f\u00fcr mich zu finden\"}]},{\"@type\":\"WebSite\",\"@id\":\"https:\/\/www.freelance.de\/blog\/#website\",\"url\":\"https:\/\/www.freelance.de\/blog\/\",\"name\":\"freelance.de Blog\",\"description\":\"Alles zum Thema Freelancing\",\"publisher\":{\"@id\":\"https:\/\/www.freelance.de\/blog\/#organization\"},\"potentialAction\":[{\"@type\":\"SearchAction\",\"target\":{\"@type\":\"EntryPoint\",\"urlTemplate\":\"https:\/\/www.freelance.de\/blog\/?s={search_term_string}\"},\"query-input\":{\"@type\":\"PropertyValueSpecification\",\"valueRequired\":true,\"valueName\":\"search_term_string\"}}],\"inLanguage\":\"de\"},{\"@type\":\"Organization\",\"@id\":\"https:\/\/www.freelance.de\/blog\/#organization\",\"name\":\"freelance.de\",\"alternateName\":\"freelance.de\",\"url\":\"https:\/\/www.freelance.de\/blog\/\",\"logo\":{\"@type\":\"ImageObject\",\"inLanguage\":\"de\",\"@id\":\"https:\/\/www.freelance.de\/blog\/#\/schema\/logo\/image\/\",\"url\":\"https:\/\/www.freelance.de\/blog\/wp-content\/uploads\/2023\/03\/230315_freelance-de_BLOGLOGO.png\",\"contentUrl\":\"https:\/\/www.freelance.de\/blog\/wp-content\/uploads\/2023\/03\/230315_freelance-de_BLOGLOGO.png\",\"width\":1746,\"height\":411,\"caption\":\"freelance.de\"},\"image\":{\"@id\":\"https:\/\/www.freelance.de\/blog\/#\/schema\/logo\/image\/\"},\"sameAs\":[\"http:\/\/www.facebook.com\/Freelance.de\",\"https:\/\/x.com\/freelanceDE\"]},{\"@type\":\"Person\",\"@id\":\"https:\/\/www.freelance.de\/blog\/#\/schema\/person\/49599cc431694decf99fb6a5cb9386c0\",\"name\":\"Laura Stojcic\",\"image\":{\"@type\":\"ImageObject\",\"inLanguage\":\"de\",\"@id\":\"https:\/\/www.freelance.de\/blog\/#\/schema\/person\/image\/\",\"url\":\"https:\/\/www.freelance.de\/blog\/wp-content\/uploads\/2023\/02\/Laura_B.jpg\",\"contentUrl\":\"https:\/\/www.freelance.de\/blog\/wp-content\/uploads\/2023\/02\/Laura_B.jpg\",\"caption\":\"Laura Stojcic\"},\"description\":\"Als Junior Online Marketing Managerin und duale Studentin an der IU in M\u00fcnchen, ist sie die treibende Kraft hinter unserer Social Media Pr\u00e4senz. Ihr absoluter Lieblings-Schwerpunkt bei der Arbeit ist das Sponsoring, da es eine spannende Mischung aus Action, Events und strategischem Denken ist. In ihrer Freizeit macht sie gerne Sport und reist, um neue Orte auf der Welt zu entdecken.\",\"url\":\"https:\/\/www.freelance.de\/blog\/author\/laura\/\"},false]}<\/script>\n<!-- \/ Yoast SEO plugin. -->","yoast_head_json":{"title":"Es war nicht leicht das \"gro\u00dfe eine Thema\" f\u00fcr mich zu finden - freelance.de Blog","description":"Vom Weg in die Selbst\u00e4ndigkeit bis hin zu Einblicken in das Projektmanagement - Experte Dennis B\u00fcchele erz\u00e4hlt.","robots":{"index":"index","follow":"follow","max-snippet":"max-snippet:-1","max-image-preview":"max-image-preview:large","max-video-preview":"max-video-preview:-1"},"canonical":"https:\/\/www.freelance.de\/blog\/experteninterview-mit-dennis-buechele\/","og_locale":"de_DE","og_type":"article","og_title":"Es war nicht leicht das \"gro\u00dfe eine Thema\" f\u00fcr mich zu finden - freelance.de Blog","og_description":"Vom Weg in die Selbst\u00e4ndigkeit bis hin zu Einblicken in das Projektmanagement - Experte Dennis B\u00fcchele erz\u00e4hlt.","og_url":"https:\/\/www.freelance.de\/blog\/experteninterview-mit-dennis-buechele\/","og_site_name":"freelance.de Blog","article_publisher":"http:\/\/www.facebook.com\/Freelance.de","article_published_time":"2022-06-03T06:00:00+00:00","article_modified_time":"2023-08-01T13:39:35+00:00","og_image":[{"width":1000,"height":400,"url":"https:\/\/www.freelance.de\/blog\/wp-content\/uploads\/2022\/06\/Vorschaubild-2.png","type":"image\/png"}],"author":"Laura Stojcic","twitter_card":"summary_large_image","twitter_creator":"@freelanceDE","twitter_site":"@freelanceDE","twitter_misc":{"Verfasst von":"Laura Stojcic","Gesch\u00e4tzte Lesezeit":"5\u00a0Minuten"},"schema":{"@context":"https:\/\/schema.org","@graph":[{"@type":"Article","@id":"https:\/\/www.freelance.de\/blog\/experteninterview-mit-dennis-buechele\/#article","isPartOf":{"@id":"https:\/\/www.freelance.de\/blog\/experteninterview-mit-dennis-buechele\/"},"author":{"name":"Laura Stojcic","@id":"https:\/\/www.freelance.de\/blog\/#\/schema\/person\/49599cc431694decf99fb6a5cb9386c0"},"headline":"Es war nicht leicht das &#8220;gro\u00dfe eine Thema&#8221; f\u00fcr mich zu finden","datePublished":"2022-06-03T06:00:00+00:00","dateModified":"2023-08-01T13:39:35+00:00","mainEntityOfPage":{"@id":"https:\/\/www.freelance.de\/blog\/experteninterview-mit-dennis-buechele\/"},"wordCount":833,"commentCount":0,"publisher":{"@id":"https:\/\/www.freelance.de\/blog\/#organization"},"image":{"@id":"https:\/\/www.freelance.de\/blog\/experteninterview-mit-dennis-buechele\/#primaryimage"},"thumbnailUrl":"https:\/\/www.freelance.de\/blog\/wp-content\/uploads\/2022\/06\/Vorschaubild-2.png","keywords":["Freelancer","Projektmanagement","SAFe","scrum"],"articleSection":["Tipps f\u00fcr Freelancer"],"inLanguage":"de","potentialAction":[{"@type":"CommentAction","name":"Comment","target":["https:\/\/www.freelance.de\/blog\/experteninterview-mit-dennis-buechele\/#respond"]}]},{"@type":"WebPage","@id":"https:\/\/www.freelance.de\/blog\/experteninterview-mit-dennis-buechele\/","url":"https:\/\/www.freelance.de\/blog\/experteninterview-mit-dennis-buechele\/","name":"Es war nicht leicht das \"gro\u00dfe eine Thema\" f\u00fcr mich zu finden - freelance.de Blog","isPartOf":{"@id":"https:\/\/www.freelance.de\/blog\/#website"},"primaryImageOfPage":{"@id":"https:\/\/www.freelance.de\/blog\/experteninterview-mit-dennis-buechele\/#primaryimage"},"image":{"@id":"https:\/\/www.freelance.de\/blog\/experteninterview-mit-dennis-buechele\/#primaryimage"},"thumbnailUrl":"https:\/\/www.freelance.de\/blog\/wp-content\/uploads\/2022\/06\/Vorschaubild-2.png","datePublished":"2022-06-03T06:00:00+00:00","dateModified":"2023-08-01T13:39:35+00:00","description":"Vom Weg in die Selbst\u00e4ndigkeit bis hin zu Einblicken in das Projektmanagement - Experte Dennis B\u00fcchele erz\u00e4hlt.","breadcrumb":{"@id":"https:\/\/www.freelance.de\/blog\/experteninterview-mit-dennis-buechele\/#breadcrumb"},"inLanguage":"de","potentialAction":[{"@type":"ReadAction","target":["https:\/\/www.freelance.de\/blog\/experteninterview-mit-dennis-buechele\/"]}]},{"@type":"ImageObject","inLanguage":"de","@id":"https:\/\/www.freelance.de\/blog\/experteninterview-mit-dennis-buechele\/#primaryimage","url":"https:\/\/www.freelance.de\/blog\/wp-content\/uploads\/2022\/06\/Vorschaubild-2.png","contentUrl":"https:\/\/www.freelance.de\/blog\/wp-content\/uploads\/2022\/06\/Vorschaubild-2.png","width":1000,"height":400},{"@type":"BreadcrumbList","@id":"https:\/\/www.freelance.de\/blog\/experteninterview-mit-dennis-buechele\/#breadcrumb","itemListElement":[{"@type":"ListItem","position":1,"name":"Home","item":"https:\/\/www.freelance.de\/blog\/"},{"@type":"ListItem","position":2,"name":"Es war nicht leicht das &#8220;gro\u00dfe eine Thema&#8221; f\u00fcr mich zu finden"}]},{"@type":"WebSite","@id":"https:\/\/www.freelance.de\/blog\/#website","url":"https:\/\/www.freelance.de\/blog\/","name":"freelance.de Blog","description":"Alles zum Thema Freelancing","publisher":{"@id":"https:\/\/www.freelance.de\/blog\/#organization"},"potentialAction":[{"@type":"SearchAction","target":{"@type":"EntryPoint","urlTemplate":"https:\/\/www.freelance.de\/blog\/?s={search_term_string}"},"query-input":{"@type":"PropertyValueSpecification","valueRequired":true,"valueName":"search_term_string"}}],"inLanguage":"de"},{"@type":"Organization","@id":"https:\/\/www.freelance.de\/blog\/#organization","name":"freelance.de","alternateName":"freelance.de","url":"https:\/\/www.freelance.de\/blog\/","logo":{"@type":"ImageObject","inLanguage":"de","@id":"https:\/\/www.freelance.de\/blog\/#\/schema\/logo\/image\/","url":"https:\/\/www.freelance.de\/blog\/wp-content\/uploads\/2023\/03\/230315_freelance-de_BLOGLOGO.png","contentUrl":"https:\/\/www.freelance.de\/blog\/wp-content\/uploads\/2023\/03\/230315_freelance-de_BLOGLOGO.png","width":1746,"height":411,"caption":"freelance.de"},"image":{"@id":"https:\/\/www.freelance.de\/blog\/#\/schema\/logo\/image\/"},"sameAs":["http:\/\/www.facebook.com\/Freelance.de","https:\/\/x.com\/freelanceDE"]},{"@type":"Person","@id":"https:\/\/www.freelance.de\/blog\/#\/schema\/person\/49599cc431694decf99fb6a5cb9386c0","name":"Laura Stojcic","image":{"@type":"ImageObject","inLanguage":"de","@id":"https:\/\/www.freelance.de\/blog\/#\/schema\/person\/image\/","url":"https:\/\/www.freelance.de\/blog\/wp-content\/uploads\/2023\/02\/Laura_B.jpg","contentUrl":"https:\/\/www.freelance.de\/blog\/wp-content\/uploads\/2023\/02\/Laura_B.jpg","caption":"Laura Stojcic"},"description":"Als Junior Online Marketing Managerin und duale Studentin an der IU in M\u00fcnchen, ist sie die treibende Kraft hinter unserer Social Media Pr\u00e4senz. Ihr absoluter Lieblings-Schwerpunkt bei der Arbeit ist das Sponsoring, da es eine spannende Mischung aus Action, Events und strategischem Denken ist. In ihrer Freizeit macht sie gerne Sport und reist, um neue Orte auf der Welt zu entdecken.","url":"https:\/\/www.freelance.de\/blog\/author\/laura\/"},false]}},"_links":{"self":[{"href":"https:\/\/www.freelance.de\/blog\/wp-json\/wp\/v2\/posts\/25691","targetHints":{"allow":["GET"]}}],"collection":[{"href":"https:\/\/www.freelance.de\/blog\/wp-json\/wp\/v2\/posts"}],"about":[{"href":"https:\/\/www.freelance.de\/blog\/wp-json\/wp\/v2\/types\/post"}],"author":[{"embeddable":true,"href":"https:\/\/www.freelance.de\/blog\/wp-json\/wp\/v2\/users\/51"}],"replies":[{"embeddable":true,"href":"https:\/\/www.freelance.de\/blog\/wp-json\/wp\/v2\/comments?post=25691"}],"version-history":[{"count":11,"href":"https:\/\/www.freelance.de\/blog\/wp-json\/wp\/v2\/posts\/25691\/revisions"}],"predecessor-version":[{"id":29519,"href":"https:\/\/www.freelance.de\/blog\/wp-json\/wp\/v2\/posts\/25691\/revisions\/29519"}],"wp:featuredmedia":[{"embeddable":true,"href":"https:\/\/www.freelance.de\/blog\/wp-json\/wp\/v2\/media\/28212"}],"wp:attachment":[{"href":"https:\/\/www.freelance.de\/blog\/wp-json\/wp\/v2\/media?parent=25691"}],"wp:term":[{"taxonomy":"category","embeddable":true,"href":"https:\/\/www.freelance.de\/blog\/wp-json\/wp\/v2\/categories?post=25691"},{"taxonomy":"post_tag","embeddable":true,"href":"https:\/\/www.freelance.de\/blog\/wp-json\/wp\/v2\/tags?post=25691"}],"curies":[{"name":"wp","href":"https:\/\/api.w.org\/{rel}","templated":true}]}}