{"id":25743,"date":"2022-07-08T08:00:00","date_gmt":"2022-07-08T06:00:00","guid":{"rendered":"https:\/\/www.freelance.de\/blog\/?p=25743"},"modified":"2023-11-20T10:17:03","modified_gmt":"2023-11-20T09:17:03","slug":"experteninterview-mit-rene-simon-pfisterer","status":"publish","type":"post","link":"https:\/\/www.freelance.de\/blog\/experteninterview-mit-rene-simon-pfisterer\/","title":{"rendered":"Ich arbeite lieber an den eigenen Tr\u00e4umen als an denen anderer"},"content":{"rendered":"\n<p><em>Lesedauer: ca. 3 Minuten<\/em><\/p>\n\n\n\n<p><strong>Ren\u00e9 Simon Pfisterer<\/strong> spricht in diesem Interview \u00fcber seinen Weg und Antrieb in die Selbstst\u00e4ndigkeit. Au\u00dferdem schenkt er uns spannende Einblicke in die Welt des Freelancens und hat hierbei auch ein paar Tipps parat. <\/p>\n\n\n\n<figure class=\"wp-block-image size-full\"><img loading=\"lazy\" decoding=\"async\" width=\"800\" height=\"400\" src=\"https:\/\/www.freelance.de\/blog\/wp-content\/uploads\/2022\/07\/Beitragsbild-pfisterer-2.png\" alt=\"Ren\u00e9 Simon Pfisterer\" class=\"wp-image-25818\" srcset=\"https:\/\/www.freelance.de\/blog\/wp-content\/uploads\/2022\/07\/Beitragsbild-pfisterer-2.png 800w, https:\/\/www.freelance.de\/blog\/wp-content\/uploads\/2022\/07\/Beitragsbild-pfisterer-2-300x150.png 300w, https:\/\/www.freelance.de\/blog\/wp-content\/uploads\/2022\/07\/Beitragsbild-pfisterer-2-768x384.png 768w, https:\/\/www.freelance.de\/blog\/wp-content\/uploads\/2022\/07\/Beitragsbild-pfisterer-2-150x75.png 150w\" sizes=\"auto, (max-width: 800px) 100vw, 800px\" \/><\/figure>\n\n\n\n<h2 class=\"wp-block-heading\"><strong>Eine schnelle Warm-Up-Runde, Herr Pfisterer:<\/strong>&nbsp;<\/h2>\n\n\n\n<p><strong>Zwei Wochen aufs Handy oder auf den Computer verzichten?<\/strong>&nbsp;<br>\u00bb<strong> <\/strong>Handy.<\/p>\n\n\n\n<p><strong>Projekte lieber remote, beim Kunden, vor Ort oder Hybrid? <\/strong>&nbsp;<br>\u00bb Remote.<\/p>\n\n\n\n<p><strong>Land oder Stadt? <\/strong>&nbsp;<br>\u00bb Land.<\/p>\n\n\n\n<h2 class=\"wp-block-heading\"><strong>Warum sind Sie Freelancer geworden?<\/strong>&nbsp;<\/h2>\n\n\n\n<p>Der Wunsch nach Selbstbestimmung und Wachstum sowie mein Wunsch Menschen in Not mit eigenen Mitteln zu helfen, hat mich bisher immer angetrieben. Ich war sonst auch nie sehr obrigkeitsgeh\u00f6rig und arbeite lieber an meinen Tr\u00e4umen als an denen der anderen.<\/p>\n\n\n\n<h2 class=\"wp-block-heading\"><strong>Was sind typische Aufgaben als Freelancer im Bereich Scrum Master als Freelancer? Und was macht Ihnen am meisten Spa\u00df?<\/strong>&nbsp;<\/h2>\n\n\n\n<p>Das Coaching macht am meisten Spa\u00df. Ein Team wachsen und aus sich herauskommen zu sehen, bereitet mir sehr gro\u00dfe Freude. Es gibt mir das Gef\u00fchl etwas zu bewegen.<\/p>\n\n\n\n\n\n<h2 class=\"wp-block-heading\"><strong>Auf welche Tools k\u00f6nnen Sie in Ihren Projekten als Freelancer nicht verzichten?<\/strong>&nbsp;<\/h2>\n\n\n\n<p>Jira, Miro, Adobe Suite, Figma und Overflow.<\/p>\n\n\n\n<h2 class=\"wp-block-heading\"><strong>Wie halten Sie sich als Freelancer up-to-date?<\/strong>&nbsp;<\/h2>\n\n\n\n<p>Durch regelm\u00e4\u00dfige Weiterbildung und konstantes Training durch Experten.<\/p>\n\n\n\n<h2 class=\"wp-block-heading\"><strong>Wie schalten Sie am liebsten von Projekten ab?<\/strong>&nbsp;<\/h2>\n\n\n\n<p>Um 18 Uhr ist Feierabend und dann ist Zeit f\u00fcr die Familie. Am Wochenende bin ich gerne in Parks, in der Natur oder irgendwo im Freien. Da ich sehr sozial gepolt bin, organisiere ich auch gerne mal Gruppentreffen und Netzwerkevents.<\/p>\n\n\n\n<div class=\"wp-block-media-text alignwide is-stacked-on-mobile is-image-fill has-background\" style=\"background-color:#27b4c4;grid-template-columns:52% auto\"><figure class=\"wp-block-media-text__media\" style=\"background-image:url(https:\/\/www.freelance.de\/blog\/wp-content\/uploads\/2023\/03\/DIGF15572_web_hell.jpg);background-position:50% 50%\"><img loading=\"lazy\" decoding=\"async\" width=\"1733\" height=\"1155\" src=\"https:\/\/www.freelance.de\/blog\/wp-content\/uploads\/2023\/03\/DIGF15572_web_hell.jpg\" alt=\"\" class=\"wp-image-27341 size-full\"\/><\/figure><div class=\"wp-block-media-text__content\">\n<p class=\"rb-text\">Schreiben Sie Ihr Kunden-Projekt aus und finden Sie den passenden Freelancer.<\/p>\n\n\n\n<div class=\"wp-block-buttons is-layout-flex wp-block-buttons-is-layout-flex\">\n<div class=\"wp-block-button btn-primary\"><a class=\"wp-block-button__link wp-element-button\" href=\"https:\/\/www.freelance.de\/Angebot-Abo-Personaldienstleister\" target=\"_blank\" rel=\"noreferrer noopener\">Freelancer finden<\/a><\/div>\n<\/div>\n<\/div><\/div>\n\n\n\n<h2 class=\"wp-block-heading\"><strong>Mit wem w\u00fcrden Sie f\u00fcr einen Tag Rollen tauschen wollen?<\/strong>&nbsp;<\/h2>\n\n\n\n<p>Mit niemandem! Ich glaube nicht daran, dass es jemand besser oder schlechter hat als ich. Ich mag mein Leben so wie es ist.<\/p>\n\n\n\n<h2 class=\"wp-block-heading\"><strong>Welches ist der wichtigste Trend im Bereich Nachhaltigkeit?&nbsp;<\/strong>&nbsp;<\/h2>\n\n\n\n<p>Unternehmen wollen immer nachhaltiger werden, weil Sie in Deutschland erkannt haben, dass die Menschen gerne auf die Natur achten. Im E-Commerce werden die Preise steigen und die Kaufbereitschaft f\u00fcr faire Produkte mit entsprechenden Preisen wird zunehmen.<\/p>\n\n\n\n<h2 class=\"wp-block-heading\"><strong>W\u00fcrden Sie sich wieder f\u00fcr das Freelancen entscheiden?<\/strong><\/h2>\n\n\n\n<p>Ja, immer wieder! Egal wie viele H\u00f6hen und Tiefen die Selbst\u00e4ndigkeit mit sich bringt. F\u00fcr mich ist die Selbst\u00e4ndigkeit ein Weg zu leben und bedeutet voll und ganz selbstverantwortlich zu sein. Das liebe ich daran!<\/p>\n\n\n\n<h2 class=\"wp-block-heading\"><strong>Was ist Ihr Top-Tipp an andere Freelancer, Einsteiger im Freelancing?<\/strong><\/h2>\n\n\n\n<p>Habe stets deine Finanzen im Griff und sorge daf\u00fcr, dass du deinen Selbstwert kennst! Je mehr du dich selbst respektierst und wertsch\u00e4tzt, desto mehr ziehst du Klienten an, die das widerspiegeln und dich gerne entsprechend bezahlen m\u00f6chten. <\/p>\n\n\n\n<p><strong>Vielen Dank f\u00fcr Ihr freundliches Interview Herr Pfisterer! Wir w\u00fcnschen Ihnen weiterhin viel Erfolg bei Ihren Projekten.<\/strong><\/p>\n\n\n\n<hr class=\"wp-block-separator has-alpha-channel-opacity\"\/>\n\n\n\n<p class=\"has-background\" style=\"background-color:#abb7c257\">Sie haben auch Interesse an einem Interview mit uns?&nbsp;<a href=\"https:\/\/www.freelance.de\/main\/contact.php\" target=\"_blank\" rel=\"noreferrer noopener\">Kontaktieren Sie uns<\/a>. Wir freuen uns auf Sie!<\/p>\n<div style='text-align:center' class='yasr-auto-insert-visitor'><\/div>","protected":false},"excerpt":{"rendered":"<p>Lesedauer: ca. 3 Minuten Ren\u00e9 Simon Pfisterer spricht in diesem Interview \u00fcber seinen Weg und Antrieb in die Selbstst\u00e4ndigkeit. Au\u00dferdem schenkt er uns spannende&hellip;<\/p>\n","protected":false},"author":51,"featured_media":27533,"comment_status":"open","ping_status":"open","sticky":false,"template":"","format":"standard","meta":{"yasr_overall_rating":0,"yasr_post_is_review":"","yasr_auto_insert_disabled":"","yasr_review_type":"","footnotes":""},"categories":[851],"tags":[105,141,820,744],"class_list":["post-25743","post","type-post","status-publish","format-standard","has-post-thumbnail","hentry","category-tipps-freelancer","tag-freelancer","tag-projektmanagement","tag-safe","tag-scrum"],"acf":[],"yasr_visitor_votes":{"stars_attributes":{"read_only":false,"span_bottom":false},"number_of_votes":1,"sum_votes":5},"yoast_head":"<!-- This site is optimized with the Yoast SEO plugin v26.8 - https:\/\/yoast.com\/product\/yoast-seo-wordpress\/ -->\n<title>Ich arbeite lieber an den eigenen Tr\u00e4umen als an denen anderer - freelance.de Blog<\/title>\n<meta name=\"description\" content=\"Vom Weg in die Selbst\u00e4ndigkeit bis hin zu Einblicken in das Leben mit dem Freelancing - Experte Ren\u00e9 Simon Pfisterer erz\u00e4hlt.\" \/>\n<meta name=\"robots\" content=\"index, follow, max-snippet:-1, max-image-preview:large, max-video-preview:-1\" \/>\n<link rel=\"canonical\" href=\"https:\/\/www.freelance.de\/blog\/experteninterview-mit-rene-simon-pfisterer\/\" \/>\n<meta property=\"og:locale\" content=\"de_DE\" \/>\n<meta property=\"og:type\" content=\"article\" \/>\n<meta property=\"og:title\" content=\"Ich arbeite lieber an den eigenen Tr\u00e4umen als an denen anderer - freelance.de Blog\" \/>\n<meta property=\"og:description\" content=\"Vom Weg in die Selbst\u00e4ndigkeit bis hin zu Einblicken in das Leben mit dem Freelancing - Experte Ren\u00e9 Simon Pfisterer erz\u00e4hlt.\" \/>\n<meta property=\"og:url\" content=\"https:\/\/www.freelance.de\/blog\/experteninterview-mit-rene-simon-pfisterer\/\" \/>\n<meta property=\"og:site_name\" content=\"freelance.de Blog\" \/>\n<meta property=\"article:publisher\" content=\"http:\/\/www.facebook.com\/Freelance.de\" \/>\n<meta property=\"article:published_time\" content=\"2022-07-08T06:00:00+00:00\" \/>\n<meta property=\"article:modified_time\" content=\"2023-11-20T09:17:03+00:00\" \/>\n<meta property=\"og:image\" content=\"https:\/\/www.freelance.de\/blog\/wp-content\/uploads\/2022\/07\/pfisterer.png\" \/>\n\t<meta property=\"og:image:width\" content=\"1000\" \/>\n\t<meta property=\"og:image:height\" content=\"400\" \/>\n\t<meta property=\"og:image:type\" content=\"image\/png\" \/>\n<meta name=\"author\" content=\"Laura Stojcic\" \/>\n<meta name=\"twitter:card\" content=\"summary_large_image\" \/>\n<meta name=\"twitter:creator\" content=\"@freelanceDE\" \/>\n<meta name=\"twitter:site\" content=\"@freelanceDE\" \/>\n<meta name=\"twitter:label1\" content=\"Verfasst von\" \/>\n\t<meta name=\"twitter:data1\" content=\"Laura Stojcic\" \/>\n\t<meta name=\"twitter:label2\" content=\"Gesch\u00e4tzte Lesezeit\" \/>\n\t<meta name=\"twitter:data2\" content=\"3\u00a0Minuten\" \/>\n<script type=\"application\/ld+json\" class=\"yoast-schema-graph\">{\"@context\":\"https:\/\/schema.org\",\"@graph\":[{\"@type\":\"Article\",\"@id\":\"https:\/\/www.freelance.de\/blog\/experteninterview-mit-rene-simon-pfisterer\/#article\",\"isPartOf\":{\"@id\":\"https:\/\/www.freelance.de\/blog\/experteninterview-mit-rene-simon-pfisterer\/\"},\"author\":{\"name\":\"Laura Stojcic\",\"@id\":\"https:\/\/www.freelance.de\/blog\/#\/schema\/person\/49599cc431694decf99fb6a5cb9386c0\"},\"headline\":\"Ich arbeite lieber an den eigenen Tr\u00e4umen als an denen anderer\",\"datePublished\":\"2022-07-08T06:00:00+00:00\",\"dateModified\":\"2023-11-20T09:17:03+00:00\",\"mainEntityOfPage\":{\"@id\":\"https:\/\/www.freelance.de\/blog\/experteninterview-mit-rene-simon-pfisterer\/\"},\"wordCount\":488,\"commentCount\":0,\"publisher\":{\"@id\":\"https:\/\/www.freelance.de\/blog\/#organization\"},\"image\":{\"@id\":\"https:\/\/www.freelance.de\/blog\/experteninterview-mit-rene-simon-pfisterer\/#primaryimage\"},\"thumbnailUrl\":\"https:\/\/www.freelance.de\/blog\/wp-content\/uploads\/2022\/07\/pfisterer.png\",\"keywords\":[\"Freelancer\",\"Projektmanagement\",\"SAFe\",\"scrum\"],\"articleSection\":[\"Tipps f\u00fcr Freelancer\"],\"inLanguage\":\"de\",\"potentialAction\":[{\"@type\":\"CommentAction\",\"name\":\"Comment\",\"target\":[\"https:\/\/www.freelance.de\/blog\/experteninterview-mit-rene-simon-pfisterer\/#respond\"]}]},{\"@type\":\"WebPage\",\"@id\":\"https:\/\/www.freelance.de\/blog\/experteninterview-mit-rene-simon-pfisterer\/\",\"url\":\"https:\/\/www.freelance.de\/blog\/experteninterview-mit-rene-simon-pfisterer\/\",\"name\":\"Ich arbeite lieber an den eigenen Tr\u00e4umen als an denen anderer - freelance.de Blog\",\"isPartOf\":{\"@id\":\"https:\/\/www.freelance.de\/blog\/#website\"},\"primaryImageOfPage\":{\"@id\":\"https:\/\/www.freelance.de\/blog\/experteninterview-mit-rene-simon-pfisterer\/#primaryimage\"},\"image\":{\"@id\":\"https:\/\/www.freelance.de\/blog\/experteninterview-mit-rene-simon-pfisterer\/#primaryimage\"},\"thumbnailUrl\":\"https:\/\/www.freelance.de\/blog\/wp-content\/uploads\/2022\/07\/pfisterer.png\",\"datePublished\":\"2022-07-08T06:00:00+00:00\",\"dateModified\":\"2023-11-20T09:17:03+00:00\",\"description\":\"Vom Weg in die Selbst\u00e4ndigkeit bis hin zu Einblicken in das Leben mit dem Freelancing - Experte Ren\u00e9 Simon Pfisterer erz\u00e4hlt.\",\"breadcrumb\":{\"@id\":\"https:\/\/www.freelance.de\/blog\/experteninterview-mit-rene-simon-pfisterer\/#breadcrumb\"},\"inLanguage\":\"de\",\"potentialAction\":[{\"@type\":\"ReadAction\",\"target\":[\"https:\/\/www.freelance.de\/blog\/experteninterview-mit-rene-simon-pfisterer\/\"]}]},{\"@type\":\"ImageObject\",\"inLanguage\":\"de\",\"@id\":\"https:\/\/www.freelance.de\/blog\/experteninterview-mit-rene-simon-pfisterer\/#primaryimage\",\"url\":\"https:\/\/www.freelance.de\/blog\/wp-content\/uploads\/2022\/07\/pfisterer.png\",\"contentUrl\":\"https:\/\/www.freelance.de\/blog\/wp-content\/uploads\/2022\/07\/pfisterer.png\",\"width\":1000,\"height\":400},{\"@type\":\"BreadcrumbList\",\"@id\":\"https:\/\/www.freelance.de\/blog\/experteninterview-mit-rene-simon-pfisterer\/#breadcrumb\",\"itemListElement\":[{\"@type\":\"ListItem\",\"position\":1,\"name\":\"Home\",\"item\":\"https:\/\/www.freelance.de\/blog\/\"},{\"@type\":\"ListItem\",\"position\":2,\"name\":\"Ich arbeite lieber an den eigenen Tr\u00e4umen als an denen anderer\"}]},{\"@type\":\"WebSite\",\"@id\":\"https:\/\/www.freelance.de\/blog\/#website\",\"url\":\"https:\/\/www.freelance.de\/blog\/\",\"name\":\"freelance.de Blog\",\"description\":\"Alles zum Thema Freelancing\",\"publisher\":{\"@id\":\"https:\/\/www.freelance.de\/blog\/#organization\"},\"potentialAction\":[{\"@type\":\"SearchAction\",\"target\":{\"@type\":\"EntryPoint\",\"urlTemplate\":\"https:\/\/www.freelance.de\/blog\/?s={search_term_string}\"},\"query-input\":{\"@type\":\"PropertyValueSpecification\",\"valueRequired\":true,\"valueName\":\"search_term_string\"}}],\"inLanguage\":\"de\"},{\"@type\":\"Organization\",\"@id\":\"https:\/\/www.freelance.de\/blog\/#organization\",\"name\":\"freelance.de\",\"alternateName\":\"freelance.de\",\"url\":\"https:\/\/www.freelance.de\/blog\/\",\"logo\":{\"@type\":\"ImageObject\",\"inLanguage\":\"de\",\"@id\":\"https:\/\/www.freelance.de\/blog\/#\/schema\/logo\/image\/\",\"url\":\"https:\/\/www.freelance.de\/blog\/wp-content\/uploads\/2023\/03\/230315_freelance-de_BLOGLOGO.png\",\"contentUrl\":\"https:\/\/www.freelance.de\/blog\/wp-content\/uploads\/2023\/03\/230315_freelance-de_BLOGLOGO.png\",\"width\":1746,\"height\":411,\"caption\":\"freelance.de\"},\"image\":{\"@id\":\"https:\/\/www.freelance.de\/blog\/#\/schema\/logo\/image\/\"},\"sameAs\":[\"http:\/\/www.facebook.com\/Freelance.de\",\"https:\/\/x.com\/freelanceDE\"]},{\"@type\":\"Person\",\"@id\":\"https:\/\/www.freelance.de\/blog\/#\/schema\/person\/49599cc431694decf99fb6a5cb9386c0\",\"name\":\"Laura Stojcic\",\"image\":{\"@type\":\"ImageObject\",\"inLanguage\":\"de\",\"@id\":\"https:\/\/www.freelance.de\/blog\/#\/schema\/person\/image\/\",\"url\":\"https:\/\/www.freelance.de\/blog\/wp-content\/uploads\/2023\/02\/Laura_B.jpg\",\"contentUrl\":\"https:\/\/www.freelance.de\/blog\/wp-content\/uploads\/2023\/02\/Laura_B.jpg\",\"caption\":\"Laura Stojcic\"},\"description\":\"Als Junior Online Marketing Managerin und duale Studentin an der IU in M\u00fcnchen, ist sie die treibende Kraft hinter unserer Social Media Pr\u00e4senz. Ihr absoluter Lieblings-Schwerpunkt bei der Arbeit ist das Sponsoring, da es eine spannende Mischung aus Action, Events und strategischem Denken ist. In ihrer Freizeit macht sie gerne Sport und reist, um neue Orte auf der Welt zu entdecken.\",\"url\":\"https:\/\/www.freelance.de\/blog\/author\/laura\/\"},false]}<\/script>\n<!-- \/ Yoast SEO plugin. -->","yoast_head_json":{"title":"Ich arbeite lieber an den eigenen Tr\u00e4umen als an denen anderer - freelance.de Blog","description":"Vom Weg in die Selbst\u00e4ndigkeit bis hin zu Einblicken in das Leben mit dem Freelancing - Experte Ren\u00e9 Simon Pfisterer erz\u00e4hlt.","robots":{"index":"index","follow":"follow","max-snippet":"max-snippet:-1","max-image-preview":"max-image-preview:large","max-video-preview":"max-video-preview:-1"},"canonical":"https:\/\/www.freelance.de\/blog\/experteninterview-mit-rene-simon-pfisterer\/","og_locale":"de_DE","og_type":"article","og_title":"Ich arbeite lieber an den eigenen Tr\u00e4umen als an denen anderer - freelance.de Blog","og_description":"Vom Weg in die Selbst\u00e4ndigkeit bis hin zu Einblicken in das Leben mit dem Freelancing - Experte Ren\u00e9 Simon Pfisterer erz\u00e4hlt.","og_url":"https:\/\/www.freelance.de\/blog\/experteninterview-mit-rene-simon-pfisterer\/","og_site_name":"freelance.de Blog","article_publisher":"http:\/\/www.facebook.com\/Freelance.de","article_published_time":"2022-07-08T06:00:00+00:00","article_modified_time":"2023-11-20T09:17:03+00:00","og_image":[{"width":1000,"height":400,"url":"https:\/\/www.freelance.de\/blog\/wp-content\/uploads\/2022\/07\/pfisterer.png","type":"image\/png"}],"author":"Laura Stojcic","twitter_card":"summary_large_image","twitter_creator":"@freelanceDE","twitter_site":"@freelanceDE","twitter_misc":{"Verfasst von":"Laura Stojcic","Gesch\u00e4tzte Lesezeit":"3\u00a0Minuten"},"schema":{"@context":"https:\/\/schema.org","@graph":[{"@type":"Article","@id":"https:\/\/www.freelance.de\/blog\/experteninterview-mit-rene-simon-pfisterer\/#article","isPartOf":{"@id":"https:\/\/www.freelance.de\/blog\/experteninterview-mit-rene-simon-pfisterer\/"},"author":{"name":"Laura Stojcic","@id":"https:\/\/www.freelance.de\/blog\/#\/schema\/person\/49599cc431694decf99fb6a5cb9386c0"},"headline":"Ich arbeite lieber an den eigenen Tr\u00e4umen als an denen anderer","datePublished":"2022-07-08T06:00:00+00:00","dateModified":"2023-11-20T09:17:03+00:00","mainEntityOfPage":{"@id":"https:\/\/www.freelance.de\/blog\/experteninterview-mit-rene-simon-pfisterer\/"},"wordCount":488,"commentCount":0,"publisher":{"@id":"https:\/\/www.freelance.de\/blog\/#organization"},"image":{"@id":"https:\/\/www.freelance.de\/blog\/experteninterview-mit-rene-simon-pfisterer\/#primaryimage"},"thumbnailUrl":"https:\/\/www.freelance.de\/blog\/wp-content\/uploads\/2022\/07\/pfisterer.png","keywords":["Freelancer","Projektmanagement","SAFe","scrum"],"articleSection":["Tipps f\u00fcr Freelancer"],"inLanguage":"de","potentialAction":[{"@type":"CommentAction","name":"Comment","target":["https:\/\/www.freelance.de\/blog\/experteninterview-mit-rene-simon-pfisterer\/#respond"]}]},{"@type":"WebPage","@id":"https:\/\/www.freelance.de\/blog\/experteninterview-mit-rene-simon-pfisterer\/","url":"https:\/\/www.freelance.de\/blog\/experteninterview-mit-rene-simon-pfisterer\/","name":"Ich arbeite lieber an den eigenen Tr\u00e4umen als an denen anderer - freelance.de Blog","isPartOf":{"@id":"https:\/\/www.freelance.de\/blog\/#website"},"primaryImageOfPage":{"@id":"https:\/\/www.freelance.de\/blog\/experteninterview-mit-rene-simon-pfisterer\/#primaryimage"},"image":{"@id":"https:\/\/www.freelance.de\/blog\/experteninterview-mit-rene-simon-pfisterer\/#primaryimage"},"thumbnailUrl":"https:\/\/www.freelance.de\/blog\/wp-content\/uploads\/2022\/07\/pfisterer.png","datePublished":"2022-07-08T06:00:00+00:00","dateModified":"2023-11-20T09:17:03+00:00","description":"Vom Weg in die Selbst\u00e4ndigkeit bis hin zu Einblicken in das Leben mit dem Freelancing - Experte Ren\u00e9 Simon Pfisterer erz\u00e4hlt.","breadcrumb":{"@id":"https:\/\/www.freelance.de\/blog\/experteninterview-mit-rene-simon-pfisterer\/#breadcrumb"},"inLanguage":"de","potentialAction":[{"@type":"ReadAction","target":["https:\/\/www.freelance.de\/blog\/experteninterview-mit-rene-simon-pfisterer\/"]}]},{"@type":"ImageObject","inLanguage":"de","@id":"https:\/\/www.freelance.de\/blog\/experteninterview-mit-rene-simon-pfisterer\/#primaryimage","url":"https:\/\/www.freelance.de\/blog\/wp-content\/uploads\/2022\/07\/pfisterer.png","contentUrl":"https:\/\/www.freelance.de\/blog\/wp-content\/uploads\/2022\/07\/pfisterer.png","width":1000,"height":400},{"@type":"BreadcrumbList","@id":"https:\/\/www.freelance.de\/blog\/experteninterview-mit-rene-simon-pfisterer\/#breadcrumb","itemListElement":[{"@type":"ListItem","position":1,"name":"Home","item":"https:\/\/www.freelance.de\/blog\/"},{"@type":"ListItem","position":2,"name":"Ich arbeite lieber an den eigenen Tr\u00e4umen als an denen anderer"}]},{"@type":"WebSite","@id":"https:\/\/www.freelance.de\/blog\/#website","url":"https:\/\/www.freelance.de\/blog\/","name":"freelance.de Blog","description":"Alles zum Thema Freelancing","publisher":{"@id":"https:\/\/www.freelance.de\/blog\/#organization"},"potentialAction":[{"@type":"SearchAction","target":{"@type":"EntryPoint","urlTemplate":"https:\/\/www.freelance.de\/blog\/?s={search_term_string}"},"query-input":{"@type":"PropertyValueSpecification","valueRequired":true,"valueName":"search_term_string"}}],"inLanguage":"de"},{"@type":"Organization","@id":"https:\/\/www.freelance.de\/blog\/#organization","name":"freelance.de","alternateName":"freelance.de","url":"https:\/\/www.freelance.de\/blog\/","logo":{"@type":"ImageObject","inLanguage":"de","@id":"https:\/\/www.freelance.de\/blog\/#\/schema\/logo\/image\/","url":"https:\/\/www.freelance.de\/blog\/wp-content\/uploads\/2023\/03\/230315_freelance-de_BLOGLOGO.png","contentUrl":"https:\/\/www.freelance.de\/blog\/wp-content\/uploads\/2023\/03\/230315_freelance-de_BLOGLOGO.png","width":1746,"height":411,"caption":"freelance.de"},"image":{"@id":"https:\/\/www.freelance.de\/blog\/#\/schema\/logo\/image\/"},"sameAs":["http:\/\/www.facebook.com\/Freelance.de","https:\/\/x.com\/freelanceDE"]},{"@type":"Person","@id":"https:\/\/www.freelance.de\/blog\/#\/schema\/person\/49599cc431694decf99fb6a5cb9386c0","name":"Laura Stojcic","image":{"@type":"ImageObject","inLanguage":"de","@id":"https:\/\/www.freelance.de\/blog\/#\/schema\/person\/image\/","url":"https:\/\/www.freelance.de\/blog\/wp-content\/uploads\/2023\/02\/Laura_B.jpg","contentUrl":"https:\/\/www.freelance.de\/blog\/wp-content\/uploads\/2023\/02\/Laura_B.jpg","caption":"Laura Stojcic"},"description":"Als Junior Online Marketing Managerin und duale Studentin an der IU in M\u00fcnchen, ist sie die treibende Kraft hinter unserer Social Media Pr\u00e4senz. Ihr absoluter Lieblings-Schwerpunkt bei der Arbeit ist das Sponsoring, da es eine spannende Mischung aus Action, Events und strategischem Denken ist. In ihrer Freizeit macht sie gerne Sport und reist, um neue Orte auf der Welt zu entdecken.","url":"https:\/\/www.freelance.de\/blog\/author\/laura\/"},false]}},"_links":{"self":[{"href":"https:\/\/www.freelance.de\/blog\/wp-json\/wp\/v2\/posts\/25743","targetHints":{"allow":["GET"]}}],"collection":[{"href":"https:\/\/www.freelance.de\/blog\/wp-json\/wp\/v2\/posts"}],"about":[{"href":"https:\/\/www.freelance.de\/blog\/wp-json\/wp\/v2\/types\/post"}],"author":[{"embeddable":true,"href":"https:\/\/www.freelance.de\/blog\/wp-json\/wp\/v2\/users\/51"}],"replies":[{"embeddable":true,"href":"https:\/\/www.freelance.de\/blog\/wp-json\/wp\/v2\/comments?post=25743"}],"version-history":[{"count":14,"href":"https:\/\/www.freelance.de\/blog\/wp-json\/wp\/v2\/posts\/25743\/revisions"}],"predecessor-version":[{"id":30786,"href":"https:\/\/www.freelance.de\/blog\/wp-json\/wp\/v2\/posts\/25743\/revisions\/30786"}],"wp:featuredmedia":[{"embeddable":true,"href":"https:\/\/www.freelance.de\/blog\/wp-json\/wp\/v2\/media\/27533"}],"wp:attachment":[{"href":"https:\/\/www.freelance.de\/blog\/wp-json\/wp\/v2\/media?parent=25743"}],"wp:term":[{"taxonomy":"category","embeddable":true,"href":"https:\/\/www.freelance.de\/blog\/wp-json\/wp\/v2\/categories?post=25743"},{"taxonomy":"post_tag","embeddable":true,"href":"https:\/\/www.freelance.de\/blog\/wp-json\/wp\/v2\/tags?post=25743"}],"curies":[{"name":"wp","href":"https:\/\/api.w.org\/{rel}","templated":true}]}}