{"id":25940,"date":"2022-09-06T12:25:00","date_gmt":"2022-09-06T10:25:00","guid":{"rendered":"https:\/\/www.freelance.de\/blog\/?p=25940"},"modified":"2023-11-20T10:35:23","modified_gmt":"2023-11-20T09:35:23","slug":"sophie-im-fokus-unsere-junior-marketing-managerin-international-erzaehlt","status":"publish","type":"post","link":"https:\/\/www.freelance.de\/blog\/sophie-im-fokus-unsere-junior-marketing-managerin-international-erzaehlt\/","title":{"rendered":"Sophie im Fokus: Das macht unsere Junior Marketing Managerin International"},"content":{"rendered":"\n<p><em>Lesedauer: ca. 2 Minuten<\/em><\/p>\n\n\n\n<p>Sophie ist seit 2020 Teil der freelance.de Familie und verst\u00e4rkt unser Marketing Team f\u00fcr den Bereich International tatkr\u00e4ftig. <\/p>\n\n\n\n<p>Damit auch Sie sich ein Bild von unserer Kollegin machen k\u00f6nnen, hat uns Sophie ein paar Fragen \u00fcber sich beantwortet. <\/p>\n\n\n\n<figure class=\"wp-block-image size-large\"><img loading=\"lazy\" decoding=\"async\" width=\"1024\" height=\"512\" src=\"https:\/\/www.freelance.de\/blog\/wp-content\/uploads\/2022\/08\/Beitragsbild-Sophie-1024x512.png\" alt=\"Sophie freelance.de Team\" class=\"wp-image-25942\" srcset=\"https:\/\/www.freelance.de\/blog\/wp-content\/uploads\/2022\/08\/Beitragsbild-Sophie-1024x512.png 1024w, https:\/\/www.freelance.de\/blog\/wp-content\/uploads\/2022\/08\/Beitragsbild-Sophie-300x150.png 300w, https:\/\/www.freelance.de\/blog\/wp-content\/uploads\/2022\/08\/Beitragsbild-Sophie-768x384.png 768w, https:\/\/www.freelance.de\/blog\/wp-content\/uploads\/2022\/08\/Beitragsbild-Sophie-1536x768.png 1536w, https:\/\/www.freelance.de\/blog\/wp-content\/uploads\/2022\/08\/Beitragsbild-Sophie-150x75.png 150w, https:\/\/www.freelance.de\/blog\/wp-content\/uploads\/2022\/08\/Beitragsbild-Sophie-1120x560.png 1120w, https:\/\/www.freelance.de\/blog\/wp-content\/uploads\/2022\/08\/Beitragsbild-Sophie.png 1600w\" sizes=\"auto, (max-width: 1024px) 100vw, 1024px\" \/><\/figure>\n\n\n\n<p><\/p>\n\n\n\n<h2 class=\"wp-block-heading\">Lernen Sie unseren Kollegin Sophie kennen!<\/h2>\n\n\n\n<p><\/p>\n\n\n\n<h4 class=\"wp-block-heading\">Eine schnelle Warm-Up-Runde: Entweder\/Oder, Sophie?<\/h4>\n\n\n\n<p><strong>Lieber im B\u00fcro oder im Homeoffice?<\/strong><br>\u00bb Homeoffice<\/p>\n\n\n\n<p><strong>Sport oder Faulenzen?<\/strong><br>\u00bb Sport<\/p>\n\n\n\n<p><strong>Kaffee oder Tee?<\/strong><br>\u00bb Kaffee<\/p>\n\n\n\n<p><strong>Fahrrad oder Auto?<\/strong><br>\u00bb Auto<\/p>\n\n\n\n<p><strong>Aufzug oder Treppe?<\/strong><br>\u00bb Treppe<\/p>\n\n\n\n<p><strong>Basketball oder Eishockey?<\/strong><br>\u00bb Basketball<\/p>\n\n\n\n<p><strong>Die oder das Nutella?<\/strong><br>\u00bb Die<\/p>\n\n\n\n<p><strong>Hund oder Katze?<\/strong><br>\u00bb Hund <\/p>\n\n\n\n<p><strong>Berge oder Meer?<\/strong><br>\u00bb Meer<\/p>\n\n\n\n<h2 class=\"wp-block-heading\">Seit wann arbeitest du bei freelance.de und wie bist du hier gelandet?<\/h2>\n\n\n\n<p><\/p>\n\n\n\n<p>Auf der Suche nach einem passenden Praxispartner f\u00fcr mein Duales Studium an der IU (International University, M\u00fcnchen), kam ich 2020 zu freelance.de. <\/p>\n\n\n\n<h2 class=\"wp-block-heading\">Was machst du als Junior Marketing Manager International bei freelance.de?<\/h2>\n\n\n\n<p><\/p>\n\n\n\n<p>Ich unterst\u00fctze durch unterschiedlichste Aufgaben unseren internationalen Ausbau. Dazu geh\u00f6rt u. a. mich um die Qualit\u00e4tskontrolle unserer Nutzer und <a href=\"https:\/\/www.freelance.de\/Projekte\" target=\"_blank\" rel=\"noreferrer noopener\">Projekte<\/a> im Ausland zu k\u00fcmmern oder die Recherche und das Testen neuer Features unserer digitalen Plattform.&nbsp;&nbsp;<\/p>\n\n\n\n<h2 class=\"wp-block-heading\">Was macht dir an deinem Job am meisten Spa\u00df?<\/h2>\n\n\n\n<p><\/p>\n\n\n\n<p>Die Kommunikation mit Kollegen, auch aus anderen L\u00e4ndern. Allgemein die Gemeinschaft des Teams.<\/p>\n\n\n\n<h2 class=\"wp-block-heading\">Was ist dein bisheriges Highlight bei freelance.de gewesen?<\/h2>\n\n\n\n<p><\/p>\n\n\n\n<p>Das Weihnachtsfest 2020 mit K\u00e4se- und Weinverkostung.&nbsp;<\/p>\n\n\n\n<h2 class=\"wp-block-heading\">Was macht freelance.de f\u00fcr dich besonders?<\/h2>\n\n\n\n<p><\/p>\n\n\n\n<p>Der Zusammenhalt des Teams.\u00a0<\/p>\n\n\n\n<p><\/p>\n\n\n\n<div class=\"wp-block-media-text alignwide is-stacked-on-mobile has-black-color has-text-color has-background\" style=\"background-color:#27b4c4\"><figure class=\"wp-block-media-text__media\"><img loading=\"lazy\" decoding=\"async\" width=\"1733\" height=\"1155\" src=\"https:\/\/www.freelance.de\/blog\/wp-content\/uploads\/2023\/07\/Stocksy_1114585_web_hell.jpg\" alt=\"\" class=\"wp-image-29237 size-full\"\/><\/figure><div class=\"wp-block-media-text__content\">\n<p class=\"rb-text\">Neugierig auf die Ergebnisse der Freelancer-Studie 2023?<\/p>\n\n\n\n<div class=\"wp-block-buttons btn-primary is-layout-flex wp-block-buttons-is-layout-flex\">\n<div class=\"wp-block-button btn-primary\"><a class=\"wp-block-button__link wp-element-button\" href=\"https:\/\/www.freelance.de\/marktstudien.html\" target=\"_blank\" rel=\"noreferrer noopener\">Zum Download<\/a><\/div>\n<\/div>\n<\/div><\/div>\n\n\n\n<h2 class=\"wp-block-heading\">Wieso w\u00fcrdest du freelance.de als Arbeitgeber weiterempfehlen?<\/h2>\n\n\n\n<p><\/p>\n\n\n\n<p>Man wird herzlichst im Team aufgenommen und hat einfach Spa\u00df an der Arbeit.&nbsp;<\/p>\n\n\n\n<h2 class=\"wp-block-heading\">Wie verbringst du deinen perfekten Feierabend?<\/h2>\n\n\n\n<p><\/p>\n\n\n\n<p>Mit einem Spaziergang an der frischen Luft und einem leckeren Abendessen.&nbsp;<\/p>\n\n\n\n<h2 class=\"wp-block-heading\">Wenn du eine ber\u00fchmte Person treffen k\u00f6nntest &#8211; egal ob lebendig oder tot: Wer w\u00e4re es und warum?<\/h2>\n\n\n\n<p><\/p>\n\n\n\n<p>Ich w\u00fcrde gerne Steve Carell treffen, da er einer der lustigsten Menschen ist und ein sehr talentierter Schauspieler.&nbsp;<\/p>\n\n\n\n<div class=\"wp-block-media-text alignwide is-stacked-on-mobile is-image-fill has-background\" style=\"background-color:#27b4c4\"><figure class=\"wp-block-media-text__media\" style=\"background-image:url(https:\/\/www.freelance.de\/blog\/wp-content\/uploads\/2023\/04\/Viel-Luft-nach-oben-in-Sachen-SEO-Strategie-1.png);background-position:46% 33%\"><img loading=\"lazy\" decoding=\"async\" width=\"800\" height=\"400\" src=\"https:\/\/www.freelance.de\/blog\/wp-content\/uploads\/2023\/04\/Viel-Luft-nach-oben-in-Sachen-SEO-Strategie-1.png\" alt=\"\" class=\"wp-image-28615 size-full\"\/><\/figure><div class=\"wp-block-media-text__content\">\n<p class=\"rb-text\">Suchen Sie als Freelancer ein neues Projekt?<\/p>\n\n\n\n<div class=\"wp-block-buttons is-layout-flex wp-block-buttons-is-layout-flex\">\n<div class=\"wp-block-button btn-primary\"><a class=\"wp-block-button__link wp-element-button\" href=\"https:\/\/www.freelance.de\/login.php\" target=\"_blank\" rel=\"noreferrer noopener\">Jetzt Verf\u00fcgbarkeit aktualisieren<\/a><\/div>\n<\/div>\n<\/div><\/div>\n\n\n\n<h2 class=\"wp-block-heading\">Was motiviert dich in deinem t\u00e4glichen Arbeiten bei freelance.de?<\/h2>\n\n\n\n<p><\/p>\n\n\n\n<p>Zu wissen, dass man an etwas Gro\u00dfem arbeitet und die Erfolge mitzuerleben, das motiviert mich sehr.&nbsp;<\/p>\n\n\n\n<h2 class=\"wp-block-heading\">Was hebt freelance.de von anderen Arbeitgebern ab?<\/h2>\n\n\n\n<p><\/p>\n\n\n\n<p>Die Kreativit\u00e4t im Team und die vielseitigen Aufgaben.<\/p>\n\n\n\n<h2 class=\"wp-block-heading\">Beschreibe die Arbeit bei freelance.de mit einem Wort?<\/h2>\n\n\n\n<p><\/p>\n\n\n\n<p>Open-minded.<\/p>\n\n\n\n<h2 class=\"wp-block-heading\">Welchen Tipp hast du f\u00fcr zuk\u00fcnftige Bewerber?<\/h2>\n\n\n\n<p><\/p>\n\n\n\n<p>Schnapp\u2018 dir deinen Laptop und schick die Bewerbung ab!&nbsp;<\/p>\n\n\n\n<h2 class=\"wp-block-heading\">Gibt es eine Sache, die keiner in deinem Team \u00fcber dich wei\u00df?<\/h2>\n\n\n\n<p><\/p>\n\n\n\n<p>Ich habe fr\u00fcher viel Gitarre gespielt und habe sogar drei Gitarren zuhause.&nbsp;<\/p>\n\n\n\n<p class=\"has-text-color\" style=\"color:#007d8c\">Vielen Dank f\u00fcr die gro\u00dfartigen Antworten Sophie. Wir freuen uns, dich in unserem Team zu haben!<\/p>\n\n\n\n<hr class=\"wp-block-separator has-alpha-channel-opacity\"\/>\n\n\n\n<p class=\"has-background\" style=\"background-color:#abb7c257\"><strong>Sie m\u00f6chten auch Teil des freelance.de Teams werden?<\/strong><br><a href=\"https:\/\/www.freelance.de\/karriere.html\" target=\"_blank\" rel=\"noreferrer noopener\">Hier sehen Sie, ob es verf\u00fcgbare Positionen gibt \u00bb<\/a><\/p>\n<div style='text-align:center' class='yasr-auto-insert-visitor'><\/div>","protected":false},"excerpt":{"rendered":"<p>Lesedauer: ca. 2 Minuten Sophie ist seit 2020 Teil der freelance.de Familie und verst\u00e4rkt unser Marketing Team f\u00fcr den Bereich International tatkr\u00e4ftig. Damit auch&hellip;<\/p>\n","protected":false},"author":51,"featured_media":27523,"comment_status":"open","ping_status":"open","sticky":false,"template":"","format":"standard","meta":{"yasr_overall_rating":0,"yasr_post_is_review":"","yasr_auto_insert_disabled":"","yasr_review_type":"","footnotes":""},"categories":[1],"tags":[405,105,553],"class_list":["post-25940","post","type-post","status-publish","format-standard","has-post-thumbnail","hentry","category-freelance-de-insights","tag-freelance-de-team","tag-freelancer","tag-interview"],"acf":[],"yasr_visitor_votes":{"stars_attributes":{"read_only":false,"span_bottom":false},"number_of_votes":1,"sum_votes":5},"yoast_head":"<!-- This site is optimized with the Yoast SEO plugin v26.8 - https:\/\/yoast.com\/product\/yoast-seo-wordpress\/ -->\n<title>Sophie im Fokus: unsere Junior Marketing Managerin International erz\u00e4hlt<\/title>\n<meta name=\"description\" content=\"freelance.de Team: Lernen Sie unsere Kollegin Sophie kennen und erhalten Sie spannende Insights zur Arbeit bei freelance.de\" \/>\n<meta name=\"robots\" content=\"index, follow, max-snippet:-1, max-image-preview:large, max-video-preview:-1\" \/>\n<link rel=\"canonical\" href=\"https:\/\/www.freelance.de\/blog\/sophie-im-fokus-unsere-junior-marketing-managerin-international-erzaehlt\/\" \/>\n<meta property=\"og:locale\" content=\"de_DE\" \/>\n<meta property=\"og:type\" content=\"article\" \/>\n<meta property=\"og:title\" content=\"Sophie im Fokus: unsere Junior Marketing Managerin International erz\u00e4hlt\" \/>\n<meta property=\"og:description\" content=\"freelance.de Team: Lernen Sie unsere Kollegin Sophie kennen und erhalten Sie spannende Insights zur Arbeit bei freelance.de\" \/>\n<meta property=\"og:url\" content=\"https:\/\/www.freelance.de\/blog\/sophie-im-fokus-unsere-junior-marketing-managerin-international-erzaehlt\/\" \/>\n<meta property=\"og:site_name\" content=\"freelance.de Blog\" \/>\n<meta property=\"article:publisher\" content=\"http:\/\/www.facebook.com\/Freelance.de\" \/>\n<meta property=\"article:published_time\" content=\"2022-09-06T10:25:00+00:00\" \/>\n<meta property=\"article:modified_time\" content=\"2023-11-20T09:35:23+00:00\" \/>\n<meta property=\"og:image\" content=\"https:\/\/www.freelance.de\/blog\/wp-content\/uploads\/2022\/09\/Sophie.png\" \/>\n\t<meta property=\"og:image:width\" content=\"1000\" \/>\n\t<meta property=\"og:image:height\" content=\"400\" \/>\n\t<meta property=\"og:image:type\" content=\"image\/png\" \/>\n<meta name=\"author\" content=\"Laura Stojcic\" \/>\n<meta name=\"twitter:card\" content=\"summary_large_image\" \/>\n<meta name=\"twitter:creator\" content=\"@freelanceDE\" \/>\n<meta name=\"twitter:site\" content=\"@freelanceDE\" \/>\n<meta name=\"twitter:label1\" content=\"Verfasst von\" \/>\n\t<meta name=\"twitter:data1\" content=\"Laura Stojcic\" \/>\n\t<meta name=\"twitter:label2\" content=\"Gesch\u00e4tzte Lesezeit\" \/>\n\t<meta name=\"twitter:data2\" content=\"3\u00a0Minuten\" \/>\n<script type=\"application\/ld+json\" class=\"yoast-schema-graph\">{\"@context\":\"https:\/\/schema.org\",\"@graph\":[{\"@type\":\"Article\",\"@id\":\"https:\/\/www.freelance.de\/blog\/sophie-im-fokus-unsere-junior-marketing-managerin-international-erzaehlt\/#article\",\"isPartOf\":{\"@id\":\"https:\/\/www.freelance.de\/blog\/sophie-im-fokus-unsere-junior-marketing-managerin-international-erzaehlt\/\"},\"author\":{\"name\":\"Laura Stojcic\",\"@id\":\"https:\/\/www.freelance.de\/blog\/#\/schema\/person\/49599cc431694decf99fb6a5cb9386c0\"},\"headline\":\"Sophie im Fokus: Das macht unsere Junior Marketing Managerin International\",\"datePublished\":\"2022-09-06T10:25:00+00:00\",\"dateModified\":\"2023-11-20T09:35:23+00:00\",\"mainEntityOfPage\":{\"@id\":\"https:\/\/www.freelance.de\/blog\/sophie-im-fokus-unsere-junior-marketing-managerin-international-erzaehlt\/\"},\"wordCount\":469,\"commentCount\":0,\"publisher\":{\"@id\":\"https:\/\/www.freelance.de\/blog\/#organization\"},\"image\":{\"@id\":\"https:\/\/www.freelance.de\/blog\/sophie-im-fokus-unsere-junior-marketing-managerin-international-erzaehlt\/#primaryimage\"},\"thumbnailUrl\":\"https:\/\/www.freelance.de\/blog\/wp-content\/uploads\/2022\/09\/Sophie.png\",\"keywords\":[\"freelance.de Team\",\"Freelancer\",\"Interview\"],\"articleSection\":[\"freelance.de Insights\"],\"inLanguage\":\"de\",\"potentialAction\":[{\"@type\":\"CommentAction\",\"name\":\"Comment\",\"target\":[\"https:\/\/www.freelance.de\/blog\/sophie-im-fokus-unsere-junior-marketing-managerin-international-erzaehlt\/#respond\"]}]},{\"@type\":\"WebPage\",\"@id\":\"https:\/\/www.freelance.de\/blog\/sophie-im-fokus-unsere-junior-marketing-managerin-international-erzaehlt\/\",\"url\":\"https:\/\/www.freelance.de\/blog\/sophie-im-fokus-unsere-junior-marketing-managerin-international-erzaehlt\/\",\"name\":\"Sophie im Fokus: unsere Junior Marketing Managerin International erz\u00e4hlt\",\"isPartOf\":{\"@id\":\"https:\/\/www.freelance.de\/blog\/#website\"},\"primaryImageOfPage\":{\"@id\":\"https:\/\/www.freelance.de\/blog\/sophie-im-fokus-unsere-junior-marketing-managerin-international-erzaehlt\/#primaryimage\"},\"image\":{\"@id\":\"https:\/\/www.freelance.de\/blog\/sophie-im-fokus-unsere-junior-marketing-managerin-international-erzaehlt\/#primaryimage\"},\"thumbnailUrl\":\"https:\/\/www.freelance.de\/blog\/wp-content\/uploads\/2022\/09\/Sophie.png\",\"datePublished\":\"2022-09-06T10:25:00+00:00\",\"dateModified\":\"2023-11-20T09:35:23+00:00\",\"description\":\"freelance.de Team: Lernen Sie unsere Kollegin Sophie kennen und erhalten Sie spannende Insights zur Arbeit bei freelance.de\",\"breadcrumb\":{\"@id\":\"https:\/\/www.freelance.de\/blog\/sophie-im-fokus-unsere-junior-marketing-managerin-international-erzaehlt\/#breadcrumb\"},\"inLanguage\":\"de\",\"potentialAction\":[{\"@type\":\"ReadAction\",\"target\":[\"https:\/\/www.freelance.de\/blog\/sophie-im-fokus-unsere-junior-marketing-managerin-international-erzaehlt\/\"]}]},{\"@type\":\"ImageObject\",\"inLanguage\":\"de\",\"@id\":\"https:\/\/www.freelance.de\/blog\/sophie-im-fokus-unsere-junior-marketing-managerin-international-erzaehlt\/#primaryimage\",\"url\":\"https:\/\/www.freelance.de\/blog\/wp-content\/uploads\/2022\/09\/Sophie.png\",\"contentUrl\":\"https:\/\/www.freelance.de\/blog\/wp-content\/uploads\/2022\/09\/Sophie.png\",\"width\":1000,\"height\":400},{\"@type\":\"BreadcrumbList\",\"@id\":\"https:\/\/www.freelance.de\/blog\/sophie-im-fokus-unsere-junior-marketing-managerin-international-erzaehlt\/#breadcrumb\",\"itemListElement\":[{\"@type\":\"ListItem\",\"position\":1,\"name\":\"Home\",\"item\":\"https:\/\/www.freelance.de\/blog\/\"},{\"@type\":\"ListItem\",\"position\":2,\"name\":\"Sophie im Fokus: Das macht unsere Junior Marketing Managerin International\"}]},{\"@type\":\"WebSite\",\"@id\":\"https:\/\/www.freelance.de\/blog\/#website\",\"url\":\"https:\/\/www.freelance.de\/blog\/\",\"name\":\"freelance.de Blog\",\"description\":\"Alles zum Thema Freelancing\",\"publisher\":{\"@id\":\"https:\/\/www.freelance.de\/blog\/#organization\"},\"potentialAction\":[{\"@type\":\"SearchAction\",\"target\":{\"@type\":\"EntryPoint\",\"urlTemplate\":\"https:\/\/www.freelance.de\/blog\/?s={search_term_string}\"},\"query-input\":{\"@type\":\"PropertyValueSpecification\",\"valueRequired\":true,\"valueName\":\"search_term_string\"}}],\"inLanguage\":\"de\"},{\"@type\":\"Organization\",\"@id\":\"https:\/\/www.freelance.de\/blog\/#organization\",\"name\":\"freelance.de\",\"alternateName\":\"freelance.de\",\"url\":\"https:\/\/www.freelance.de\/blog\/\",\"logo\":{\"@type\":\"ImageObject\",\"inLanguage\":\"de\",\"@id\":\"https:\/\/www.freelance.de\/blog\/#\/schema\/logo\/image\/\",\"url\":\"https:\/\/www.freelance.de\/blog\/wp-content\/uploads\/2023\/03\/230315_freelance-de_BLOGLOGO.png\",\"contentUrl\":\"https:\/\/www.freelance.de\/blog\/wp-content\/uploads\/2023\/03\/230315_freelance-de_BLOGLOGO.png\",\"width\":1746,\"height\":411,\"caption\":\"freelance.de\"},\"image\":{\"@id\":\"https:\/\/www.freelance.de\/blog\/#\/schema\/logo\/image\/\"},\"sameAs\":[\"http:\/\/www.facebook.com\/Freelance.de\",\"https:\/\/x.com\/freelanceDE\"]},{\"@type\":\"Person\",\"@id\":\"https:\/\/www.freelance.de\/blog\/#\/schema\/person\/49599cc431694decf99fb6a5cb9386c0\",\"name\":\"Laura Stojcic\",\"image\":{\"@type\":\"ImageObject\",\"inLanguage\":\"de\",\"@id\":\"https:\/\/www.freelance.de\/blog\/#\/schema\/person\/image\/\",\"url\":\"https:\/\/www.freelance.de\/blog\/wp-content\/uploads\/2023\/02\/Laura_B.jpg\",\"contentUrl\":\"https:\/\/www.freelance.de\/blog\/wp-content\/uploads\/2023\/02\/Laura_B.jpg\",\"caption\":\"Laura Stojcic\"},\"description\":\"Als Junior Online Marketing Managerin und duale Studentin an der IU in M\u00fcnchen, ist sie die treibende Kraft hinter unserer Social Media Pr\u00e4senz. Ihr absoluter Lieblings-Schwerpunkt bei der Arbeit ist das Sponsoring, da es eine spannende Mischung aus Action, Events und strategischem Denken ist. In ihrer Freizeit macht sie gerne Sport und reist, um neue Orte auf der Welt zu entdecken.\",\"url\":\"https:\/\/www.freelance.de\/blog\/author\/laura\/\"},false]}<\/script>\n<!-- \/ Yoast SEO plugin. -->","yoast_head_json":{"title":"Sophie im Fokus: unsere Junior Marketing Managerin International erz\u00e4hlt","description":"freelance.de Team: Lernen Sie unsere Kollegin Sophie kennen und erhalten Sie spannende Insights zur Arbeit bei freelance.de","robots":{"index":"index","follow":"follow","max-snippet":"max-snippet:-1","max-image-preview":"max-image-preview:large","max-video-preview":"max-video-preview:-1"},"canonical":"https:\/\/www.freelance.de\/blog\/sophie-im-fokus-unsere-junior-marketing-managerin-international-erzaehlt\/","og_locale":"de_DE","og_type":"article","og_title":"Sophie im Fokus: unsere Junior Marketing Managerin International erz\u00e4hlt","og_description":"freelance.de Team: Lernen Sie unsere Kollegin Sophie kennen und erhalten Sie spannende Insights zur Arbeit bei freelance.de","og_url":"https:\/\/www.freelance.de\/blog\/sophie-im-fokus-unsere-junior-marketing-managerin-international-erzaehlt\/","og_site_name":"freelance.de Blog","article_publisher":"http:\/\/www.facebook.com\/Freelance.de","article_published_time":"2022-09-06T10:25:00+00:00","article_modified_time":"2023-11-20T09:35:23+00:00","og_image":[{"width":1000,"height":400,"url":"https:\/\/www.freelance.de\/blog\/wp-content\/uploads\/2022\/09\/Sophie.png","type":"image\/png"}],"author":"Laura Stojcic","twitter_card":"summary_large_image","twitter_creator":"@freelanceDE","twitter_site":"@freelanceDE","twitter_misc":{"Verfasst von":"Laura Stojcic","Gesch\u00e4tzte Lesezeit":"3\u00a0Minuten"},"schema":{"@context":"https:\/\/schema.org","@graph":[{"@type":"Article","@id":"https:\/\/www.freelance.de\/blog\/sophie-im-fokus-unsere-junior-marketing-managerin-international-erzaehlt\/#article","isPartOf":{"@id":"https:\/\/www.freelance.de\/blog\/sophie-im-fokus-unsere-junior-marketing-managerin-international-erzaehlt\/"},"author":{"name":"Laura Stojcic","@id":"https:\/\/www.freelance.de\/blog\/#\/schema\/person\/49599cc431694decf99fb6a5cb9386c0"},"headline":"Sophie im Fokus: Das macht unsere Junior Marketing Managerin International","datePublished":"2022-09-06T10:25:00+00:00","dateModified":"2023-11-20T09:35:23+00:00","mainEntityOfPage":{"@id":"https:\/\/www.freelance.de\/blog\/sophie-im-fokus-unsere-junior-marketing-managerin-international-erzaehlt\/"},"wordCount":469,"commentCount":0,"publisher":{"@id":"https:\/\/www.freelance.de\/blog\/#organization"},"image":{"@id":"https:\/\/www.freelance.de\/blog\/sophie-im-fokus-unsere-junior-marketing-managerin-international-erzaehlt\/#primaryimage"},"thumbnailUrl":"https:\/\/www.freelance.de\/blog\/wp-content\/uploads\/2022\/09\/Sophie.png","keywords":["freelance.de Team","Freelancer","Interview"],"articleSection":["freelance.de Insights"],"inLanguage":"de","potentialAction":[{"@type":"CommentAction","name":"Comment","target":["https:\/\/www.freelance.de\/blog\/sophie-im-fokus-unsere-junior-marketing-managerin-international-erzaehlt\/#respond"]}]},{"@type":"WebPage","@id":"https:\/\/www.freelance.de\/blog\/sophie-im-fokus-unsere-junior-marketing-managerin-international-erzaehlt\/","url":"https:\/\/www.freelance.de\/blog\/sophie-im-fokus-unsere-junior-marketing-managerin-international-erzaehlt\/","name":"Sophie im Fokus: unsere Junior Marketing Managerin International erz\u00e4hlt","isPartOf":{"@id":"https:\/\/www.freelance.de\/blog\/#website"},"primaryImageOfPage":{"@id":"https:\/\/www.freelance.de\/blog\/sophie-im-fokus-unsere-junior-marketing-managerin-international-erzaehlt\/#primaryimage"},"image":{"@id":"https:\/\/www.freelance.de\/blog\/sophie-im-fokus-unsere-junior-marketing-managerin-international-erzaehlt\/#primaryimage"},"thumbnailUrl":"https:\/\/www.freelance.de\/blog\/wp-content\/uploads\/2022\/09\/Sophie.png","datePublished":"2022-09-06T10:25:00+00:00","dateModified":"2023-11-20T09:35:23+00:00","description":"freelance.de Team: Lernen Sie unsere Kollegin Sophie kennen und erhalten Sie spannende Insights zur Arbeit bei freelance.de","breadcrumb":{"@id":"https:\/\/www.freelance.de\/blog\/sophie-im-fokus-unsere-junior-marketing-managerin-international-erzaehlt\/#breadcrumb"},"inLanguage":"de","potentialAction":[{"@type":"ReadAction","target":["https:\/\/www.freelance.de\/blog\/sophie-im-fokus-unsere-junior-marketing-managerin-international-erzaehlt\/"]}]},{"@type":"ImageObject","inLanguage":"de","@id":"https:\/\/www.freelance.de\/blog\/sophie-im-fokus-unsere-junior-marketing-managerin-international-erzaehlt\/#primaryimage","url":"https:\/\/www.freelance.de\/blog\/wp-content\/uploads\/2022\/09\/Sophie.png","contentUrl":"https:\/\/www.freelance.de\/blog\/wp-content\/uploads\/2022\/09\/Sophie.png","width":1000,"height":400},{"@type":"BreadcrumbList","@id":"https:\/\/www.freelance.de\/blog\/sophie-im-fokus-unsere-junior-marketing-managerin-international-erzaehlt\/#breadcrumb","itemListElement":[{"@type":"ListItem","position":1,"name":"Home","item":"https:\/\/www.freelance.de\/blog\/"},{"@type":"ListItem","position":2,"name":"Sophie im Fokus: Das macht unsere Junior Marketing Managerin International"}]},{"@type":"WebSite","@id":"https:\/\/www.freelance.de\/blog\/#website","url":"https:\/\/www.freelance.de\/blog\/","name":"freelance.de Blog","description":"Alles zum Thema Freelancing","publisher":{"@id":"https:\/\/www.freelance.de\/blog\/#organization"},"potentialAction":[{"@type":"SearchAction","target":{"@type":"EntryPoint","urlTemplate":"https:\/\/www.freelance.de\/blog\/?s={search_term_string}"},"query-input":{"@type":"PropertyValueSpecification","valueRequired":true,"valueName":"search_term_string"}}],"inLanguage":"de"},{"@type":"Organization","@id":"https:\/\/www.freelance.de\/blog\/#organization","name":"freelance.de","alternateName":"freelance.de","url":"https:\/\/www.freelance.de\/blog\/","logo":{"@type":"ImageObject","inLanguage":"de","@id":"https:\/\/www.freelance.de\/blog\/#\/schema\/logo\/image\/","url":"https:\/\/www.freelance.de\/blog\/wp-content\/uploads\/2023\/03\/230315_freelance-de_BLOGLOGO.png","contentUrl":"https:\/\/www.freelance.de\/blog\/wp-content\/uploads\/2023\/03\/230315_freelance-de_BLOGLOGO.png","width":1746,"height":411,"caption":"freelance.de"},"image":{"@id":"https:\/\/www.freelance.de\/blog\/#\/schema\/logo\/image\/"},"sameAs":["http:\/\/www.facebook.com\/Freelance.de","https:\/\/x.com\/freelanceDE"]},{"@type":"Person","@id":"https:\/\/www.freelance.de\/blog\/#\/schema\/person\/49599cc431694decf99fb6a5cb9386c0","name":"Laura Stojcic","image":{"@type":"ImageObject","inLanguage":"de","@id":"https:\/\/www.freelance.de\/blog\/#\/schema\/person\/image\/","url":"https:\/\/www.freelance.de\/blog\/wp-content\/uploads\/2023\/02\/Laura_B.jpg","contentUrl":"https:\/\/www.freelance.de\/blog\/wp-content\/uploads\/2023\/02\/Laura_B.jpg","caption":"Laura Stojcic"},"description":"Als Junior Online Marketing Managerin und duale Studentin an der IU in M\u00fcnchen, ist sie die treibende Kraft hinter unserer Social Media Pr\u00e4senz. Ihr absoluter Lieblings-Schwerpunkt bei der Arbeit ist das Sponsoring, da es eine spannende Mischung aus Action, Events und strategischem Denken ist. In ihrer Freizeit macht sie gerne Sport und reist, um neue Orte auf der Welt zu entdecken.","url":"https:\/\/www.freelance.de\/blog\/author\/laura\/"},false]}},"_links":{"self":[{"href":"https:\/\/www.freelance.de\/blog\/wp-json\/wp\/v2\/posts\/25940","targetHints":{"allow":["GET"]}}],"collection":[{"href":"https:\/\/www.freelance.de\/blog\/wp-json\/wp\/v2\/posts"}],"about":[{"href":"https:\/\/www.freelance.de\/blog\/wp-json\/wp\/v2\/types\/post"}],"author":[{"embeddable":true,"href":"https:\/\/www.freelance.de\/blog\/wp-json\/wp\/v2\/users\/51"}],"replies":[{"embeddable":true,"href":"https:\/\/www.freelance.de\/blog\/wp-json\/wp\/v2\/comments?post=25940"}],"version-history":[{"count":12,"href":"https:\/\/www.freelance.de\/blog\/wp-json\/wp\/v2\/posts\/25940\/revisions"}],"predecessor-version":[{"id":30798,"href":"https:\/\/www.freelance.de\/blog\/wp-json\/wp\/v2\/posts\/25940\/revisions\/30798"}],"wp:featuredmedia":[{"embeddable":true,"href":"https:\/\/www.freelance.de\/blog\/wp-json\/wp\/v2\/media\/27523"}],"wp:attachment":[{"href":"https:\/\/www.freelance.de\/blog\/wp-json\/wp\/v2\/media?parent=25940"}],"wp:term":[{"taxonomy":"category","embeddable":true,"href":"https:\/\/www.freelance.de\/blog\/wp-json\/wp\/v2\/categories?post=25940"},{"taxonomy":"post_tag","embeddable":true,"href":"https:\/\/www.freelance.de\/blog\/wp-json\/wp\/v2\/tags?post=25940"}],"curies":[{"name":"wp","href":"https:\/\/api.w.org\/{rel}","templated":true}]}}