{"id":3570,"date":"2011-04-19T09:51:20","date_gmt":"2011-04-19T08:51:20","guid":{"rendered":"https:\/\/www.freelance.de\/blog\/?p=3570"},"modified":"2023-09-14T10:40:47","modified_gmt":"2023-09-14T08:40:47","slug":"individualisierung-der-listen-und-suchergebnisse","status":"publish","type":"post","link":"https:\/\/www.freelance.de\/blog\/individualisierung-der-listen-und-suchergebnisse\/","title":{"rendered":"Individualisierung der Listen und Suchergebnisse"},"content":{"rendered":"<p>Das Projekt- und Profil-Angebot auf Freelance.de wird t\u00e4glich gr\u00f6\u00dfer und vielf\u00e4ltiger. Das hat nat\u00fcrlich auch einen direkten Einfluss auf die Projekt- und Freiberuflerliste sowie auf die Ergebnisse Ihrer Suchanfragen und Suchagenten, die ebenfalls immer umfangreicher werden. So entstand hier intern die Idee, dass der User selbst Kriterien festlegen und speichern kann, anhand deren seine individualisierte Liste auf Freelance.de erstellt wird &#8211; sozusagen &#8220;Meine Liste&#8221;.<\/p>\n<p>Mit dem neuen Release wurde eine erster Schritt in diese Richtung unternommen, der es allen PREMIUM- und EXPERT-Mitgliedern erm\u00f6glicht, nicht relevante Profile und das Projektangebot von Firmen auszublenden. Diese Einstellungen k\u00f6nnen Sie direkt auf der Projekt- bzw. Freelancerliste vornehmen. Alle \u00c4nderungen werden direkt wirksam und gespeichert.<\/p>\n<p><img loading=\"lazy\" decoding=\"async\" class=\"alignnone size-full wp-image-3677\" title=\"Blacklist_Item\" src=\"https:\/\/www.freelance.de\/blog\/wp-content\/uploads\/2011\/04\/Blacklist_Item.jpg\" alt=\"\" width=\"607\" height=\"54\" srcset=\"https:\/\/www.freelance.de\/blog\/wp-content\/uploads\/2011\/04\/Blacklist_Item.jpg 607w, https:\/\/www.freelance.de\/blog\/wp-content\/uploads\/2011\/04\/Blacklist_Item-300x27.jpg 300w, https:\/\/www.freelance.de\/blog\/wp-content\/uploads\/2011\/04\/Blacklist_Item-150x13.jpg 150w\" sizes=\"auto, (max-width: 607px) 100vw, 607px\" \/><\/p>\n<p>Nat\u00fcrlich k\u00f6nnen Sie alle Einstellungen jederzeit \u00fcberpr\u00fcfen und ver\u00e4ndern. Unter dem Reiter &#8220;Ausgeblendete Daten&#8221; sehen Sie dazu eine \u00dcbersicht  Ihrer ausgeblendeten Kriterien.<\/p>\n<p>Zus\u00e4tzlich wird Ihnen in jeder Listen-Ansicht angezeigt, wie viele Projekte \/ Profile durch Ihre Einstellungen ausgeblendet wurden. So sind die Auswirkungen Ihrer Einstellungen jederzeit pr\u00e4sent.<\/p>\n<p><img loading=\"lazy\" decoding=\"async\" class=\"alignleft size-full wp-image-3670\" title=\"Blacklist\" src=\"https:\/\/www.freelance.de\/blog\/wp-content\/uploads\/2011\/04\/Blacklist.jpg\" alt=\"\" width=\"607\" height=\"251\" srcset=\"https:\/\/www.freelance.de\/blog\/wp-content\/uploads\/2011\/04\/Blacklist.jpg 607w, https:\/\/www.freelance.de\/blog\/wp-content\/uploads\/2011\/04\/Blacklist-300x124.jpg 300w, https:\/\/www.freelance.de\/blog\/wp-content\/uploads\/2011\/04\/Blacklist-150x62.jpg 150w\" sizes=\"auto, (max-width: 607px) 100vw, 607px\" \/><\/p>\n<p>&nbsp;<\/p>\n<p>Die Einstellungen der ausgeblendeten Daten werden sowohl in den Listen, den Suchanfragen auf dem Portal sowie den automatischen Suchagenten ber\u00fccksichtigt.<\/p>\n<p>&nbsp;<\/p>\n<div style='text-align:center' class='yasr-auto-insert-visitor'><\/div>","protected":false},"excerpt":{"rendered":"<p>Um schneller zum passenden Ergebnis zu kommen, k\u00f6nnen nicht relevante Freelancer-Profile und Projekte zuk\u00fcnftig ausgeblendet werden. Diese Einstellungen gelten sowohl f\u00fcr Ihre Listen als auch f\u00fcr die Ergebnisse Ihrer pers\u00f6nlichen Suchagenten. <\/p>\n","protected":false},"author":39,"featured_media":0,"comment_status":"open","ping_status":"open","sticky":false,"template":"","format":"standard","meta":{"yasr_overall_rating":0,"yasr_post_is_review":"","yasr_auto_insert_disabled":"","yasr_review_type":"","footnotes":""},"categories":[1],"tags":[75,105,283,53],"class_list":["post-3570","post","type-post","status-publish","format-standard","hentry","category-freelance-de-insights","tag-arbeiten-mit-freelancede","tag-freelancer","tag-freelancer-profil","tag-projekte","no-margin"],"acf":[],"yasr_visitor_votes":{"stars_attributes":{"read_only":false,"span_bottom":false},"number_of_votes":0,"sum_votes":0},"yoast_head":"<!-- This site is optimized with the Yoast SEO plugin v26.8 - https:\/\/yoast.com\/product\/yoast-seo-wordpress\/ -->\n<title>Individualisierung der Listen und Suchergebnisse - freelance.de<\/title>\n<meta name=\"description\" content=\"freelance.de w\u00e4chst t\u00e4glich! \u2713 Individualisierte Projekt- &amp; Profil-Listen \u2713 Optimieren Sie Ihre Suche \u2713 Introducing &quot;Meine Liste&quot; f\u00fcr User-Anpassungen\" \/>\n<meta name=\"robots\" content=\"index, follow, max-snippet:-1, max-image-preview:large, max-video-preview:-1\" \/>\n<link rel=\"canonical\" href=\"https:\/\/www.freelance.de\/blog\/individualisierung-der-listen-und-suchergebnisse\/\" \/>\n<meta property=\"og:locale\" content=\"de_DE\" \/>\n<meta property=\"og:type\" content=\"article\" \/>\n<meta property=\"og:title\" content=\"Individualisierung der Listen und Suchergebnisse - freelance.de\" \/>\n<meta property=\"og:description\" content=\"freelance.de w\u00e4chst t\u00e4glich! \u2713 Individualisierte Projekt- &amp; Profil-Listen \u2713 Optimieren Sie Ihre Suche \u2713 Introducing &quot;Meine Liste&quot; f\u00fcr User-Anpassungen\" \/>\n<meta property=\"og:url\" content=\"https:\/\/www.freelance.de\/blog\/individualisierung-der-listen-und-suchergebnisse\/\" \/>\n<meta property=\"og:site_name\" content=\"freelance.de Blog\" \/>\n<meta property=\"article:publisher\" content=\"http:\/\/www.facebook.com\/Freelance.de\" \/>\n<meta property=\"article:published_time\" content=\"2011-04-19T08:51:20+00:00\" \/>\n<meta property=\"article:modified_time\" content=\"2023-09-14T08:40:47+00:00\" \/>\n<meta property=\"og:image\" content=\"https:\/\/www.freelance.de\/blog\/wp-content\/uploads\/2011\/04\/Blacklist_Item.jpg\" \/>\n<meta name=\"author\" content=\"freelance.de Redaktion\" \/>\n<meta name=\"twitter:card\" content=\"summary_large_image\" \/>\n<meta name=\"twitter:creator\" content=\"@freelanceDE\" \/>\n<meta name=\"twitter:site\" content=\"@freelanceDE\" \/>\n<meta name=\"twitter:label1\" content=\"Verfasst von\" \/>\n\t<meta name=\"twitter:data1\" content=\"freelance.de Redaktion\" \/>\n\t<meta name=\"twitter:label2\" content=\"Gesch\u00e4tzte Lesezeit\" \/>\n\t<meta name=\"twitter:data2\" content=\"2\u00a0Minuten\" \/>\n<script type=\"application\/ld+json\" class=\"yoast-schema-graph\">{\"@context\":\"https:\/\/schema.org\",\"@graph\":[{\"@type\":\"Article\",\"@id\":\"https:\/\/www.freelance.de\/blog\/individualisierung-der-listen-und-suchergebnisse\/#article\",\"isPartOf\":{\"@id\":\"https:\/\/www.freelance.de\/blog\/individualisierung-der-listen-und-suchergebnisse\/\"},\"author\":{\"name\":\"freelance.de Redaktion\",\"@id\":\"https:\/\/www.freelance.de\/blog\/#\/schema\/person\/10ac6084b3aa712e4d50188709639844\"},\"headline\":\"Individualisierung der Listen und Suchergebnisse\",\"datePublished\":\"2011-04-19T08:51:20+00:00\",\"dateModified\":\"2023-09-14T08:40:47+00:00\",\"mainEntityOfPage\":{\"@id\":\"https:\/\/www.freelance.de\/blog\/individualisierung-der-listen-und-suchergebnisse\/\"},\"wordCount\":198,\"commentCount\":1,\"publisher\":{\"@id\":\"https:\/\/www.freelance.de\/blog\/#organization\"},\"image\":{\"@id\":\"https:\/\/www.freelance.de\/blog\/individualisierung-der-listen-und-suchergebnisse\/#primaryimage\"},\"thumbnailUrl\":\"https:\/\/www.freelance.de\/blog\/wp-content\/uploads\/2011\/04\/Blacklist_Item.jpg\",\"keywords\":[\"Arbeiten mit freelance.de\",\"Freelancer\",\"Freelancer Profil\",\"Projekte\"],\"articleSection\":[\"freelance.de Insights\"],\"inLanguage\":\"de\",\"potentialAction\":[{\"@type\":\"CommentAction\",\"name\":\"Comment\",\"target\":[\"https:\/\/www.freelance.de\/blog\/individualisierung-der-listen-und-suchergebnisse\/#respond\"]}]},{\"@type\":\"WebPage\",\"@id\":\"https:\/\/www.freelance.de\/blog\/individualisierung-der-listen-und-suchergebnisse\/\",\"url\":\"https:\/\/www.freelance.de\/blog\/individualisierung-der-listen-und-suchergebnisse\/\",\"name\":\"Individualisierung der Listen und Suchergebnisse - freelance.de\",\"isPartOf\":{\"@id\":\"https:\/\/www.freelance.de\/blog\/#website\"},\"primaryImageOfPage\":{\"@id\":\"https:\/\/www.freelance.de\/blog\/individualisierung-der-listen-und-suchergebnisse\/#primaryimage\"},\"image\":{\"@id\":\"https:\/\/www.freelance.de\/blog\/individualisierung-der-listen-und-suchergebnisse\/#primaryimage\"},\"thumbnailUrl\":\"https:\/\/www.freelance.de\/blog\/wp-content\/uploads\/2011\/04\/Blacklist_Item.jpg\",\"datePublished\":\"2011-04-19T08:51:20+00:00\",\"dateModified\":\"2023-09-14T08:40:47+00:00\",\"description\":\"freelance.de w\u00e4chst t\u00e4glich! \u2713 Individualisierte Projekt- & Profil-Listen \u2713 Optimieren Sie Ihre Suche \u2713 Introducing \\\"Meine Liste\\\" f\u00fcr User-Anpassungen\",\"breadcrumb\":{\"@id\":\"https:\/\/www.freelance.de\/blog\/individualisierung-der-listen-und-suchergebnisse\/#breadcrumb\"},\"inLanguage\":\"de\",\"potentialAction\":[{\"@type\":\"ReadAction\",\"target\":[\"https:\/\/www.freelance.de\/blog\/individualisierung-der-listen-und-suchergebnisse\/\"]}]},{\"@type\":\"ImageObject\",\"inLanguage\":\"de\",\"@id\":\"https:\/\/www.freelance.de\/blog\/individualisierung-der-listen-und-suchergebnisse\/#primaryimage\",\"url\":\"https:\/\/www.freelance.de\/blog\/wp-content\/uploads\/2011\/04\/Blacklist_Item.jpg\",\"contentUrl\":\"https:\/\/www.freelance.de\/blog\/wp-content\/uploads\/2011\/04\/Blacklist_Item.jpg\",\"width\":607,\"height\":54},{\"@type\":\"BreadcrumbList\",\"@id\":\"https:\/\/www.freelance.de\/blog\/individualisierung-der-listen-und-suchergebnisse\/#breadcrumb\",\"itemListElement\":[{\"@type\":\"ListItem\",\"position\":1,\"name\":\"Home\",\"item\":\"https:\/\/www.freelance.de\/blog\/\"},{\"@type\":\"ListItem\",\"position\":2,\"name\":\"Individualisierung der Listen und Suchergebnisse\"}]},{\"@type\":\"WebSite\",\"@id\":\"https:\/\/www.freelance.de\/blog\/#website\",\"url\":\"https:\/\/www.freelance.de\/blog\/\",\"name\":\"freelance.de Blog\",\"description\":\"Alles zum Thema Freelancing\",\"publisher\":{\"@id\":\"https:\/\/www.freelance.de\/blog\/#organization\"},\"potentialAction\":[{\"@type\":\"SearchAction\",\"target\":{\"@type\":\"EntryPoint\",\"urlTemplate\":\"https:\/\/www.freelance.de\/blog\/?s={search_term_string}\"},\"query-input\":{\"@type\":\"PropertyValueSpecification\",\"valueRequired\":true,\"valueName\":\"search_term_string\"}}],\"inLanguage\":\"de\"},{\"@type\":\"Organization\",\"@id\":\"https:\/\/www.freelance.de\/blog\/#organization\",\"name\":\"freelance.de\",\"alternateName\":\"freelance.de\",\"url\":\"https:\/\/www.freelance.de\/blog\/\",\"logo\":{\"@type\":\"ImageObject\",\"inLanguage\":\"de\",\"@id\":\"https:\/\/www.freelance.de\/blog\/#\/schema\/logo\/image\/\",\"url\":\"https:\/\/www.freelance.de\/blog\/wp-content\/uploads\/2023\/03\/230315_freelance-de_BLOGLOGO.png\",\"contentUrl\":\"https:\/\/www.freelance.de\/blog\/wp-content\/uploads\/2023\/03\/230315_freelance-de_BLOGLOGO.png\",\"width\":1746,\"height\":411,\"caption\":\"freelance.de\"},\"image\":{\"@id\":\"https:\/\/www.freelance.de\/blog\/#\/schema\/logo\/image\/\"},\"sameAs\":[\"http:\/\/www.facebook.com\/Freelance.de\",\"https:\/\/x.com\/freelanceDE\"]},{\"@type\":\"Person\",\"@id\":\"https:\/\/www.freelance.de\/blog\/#\/schema\/person\/10ac6084b3aa712e4d50188709639844\",\"name\":\"freelance.de Redaktion\",\"image\":{\"@type\":\"ImageObject\",\"inLanguage\":\"de\",\"@id\":\"https:\/\/www.freelance.de\/blog\/#\/schema\/person\/image\/\",\"url\":\"https:\/\/www.freelance.de\/blog\/wp-content\/uploads\/2023\/03\/redaktionsteam-fl.png\",\"contentUrl\":\"https:\/\/www.freelance.de\/blog\/wp-content\/uploads\/2023\/03\/redaktionsteam-fl.png\",\"caption\":\"freelance.de Redaktion\"},\"description\":\"Unser Online-Redaktionsteam besteht aus aktuellen und ehemaligen Mitarbeiterinnen und Mitarbeitern von freelance.de sowie aus externen Expertinnen und Experten. Sie beherrschen nicht nur die Kunst mit Buchstaben und Worten zu jonglieren, sondern gehen stets die Extrameile, um relevante und aktuelle Themen f\u00fcr Freelancer aufzudecken und wertvolle Erfahrungen weiterzugeben.\",\"url\":\"https:\/\/www.freelance.de\/blog\/author\/freelanceteam\/\"},false]}<\/script>\n<!-- \/ Yoast SEO plugin. -->","yoast_head_json":{"title":"Individualisierung der Listen und Suchergebnisse - freelance.de","description":"freelance.de w\u00e4chst t\u00e4glich! \u2713 Individualisierte Projekt- & Profil-Listen \u2713 Optimieren Sie Ihre Suche \u2713 Introducing \"Meine Liste\" f\u00fcr User-Anpassungen","robots":{"index":"index","follow":"follow","max-snippet":"max-snippet:-1","max-image-preview":"max-image-preview:large","max-video-preview":"max-video-preview:-1"},"canonical":"https:\/\/www.freelance.de\/blog\/individualisierung-der-listen-und-suchergebnisse\/","og_locale":"de_DE","og_type":"article","og_title":"Individualisierung der Listen und Suchergebnisse - freelance.de","og_description":"freelance.de w\u00e4chst t\u00e4glich! \u2713 Individualisierte Projekt- & Profil-Listen \u2713 Optimieren Sie Ihre Suche \u2713 Introducing \"Meine Liste\" f\u00fcr User-Anpassungen","og_url":"https:\/\/www.freelance.de\/blog\/individualisierung-der-listen-und-suchergebnisse\/","og_site_name":"freelance.de Blog","article_publisher":"http:\/\/www.facebook.com\/Freelance.de","article_published_time":"2011-04-19T08:51:20+00:00","article_modified_time":"2023-09-14T08:40:47+00:00","og_image":[{"url":"https:\/\/www.freelance.de\/blog\/wp-content\/uploads\/2011\/04\/Blacklist_Item.jpg","type":"","width":"","height":""}],"author":"freelance.de Redaktion","twitter_card":"summary_large_image","twitter_creator":"@freelanceDE","twitter_site":"@freelanceDE","twitter_misc":{"Verfasst von":"freelance.de Redaktion","Gesch\u00e4tzte Lesezeit":"2\u00a0Minuten"},"schema":{"@context":"https:\/\/schema.org","@graph":[{"@type":"Article","@id":"https:\/\/www.freelance.de\/blog\/individualisierung-der-listen-und-suchergebnisse\/#article","isPartOf":{"@id":"https:\/\/www.freelance.de\/blog\/individualisierung-der-listen-und-suchergebnisse\/"},"author":{"name":"freelance.de Redaktion","@id":"https:\/\/www.freelance.de\/blog\/#\/schema\/person\/10ac6084b3aa712e4d50188709639844"},"headline":"Individualisierung der Listen und Suchergebnisse","datePublished":"2011-04-19T08:51:20+00:00","dateModified":"2023-09-14T08:40:47+00:00","mainEntityOfPage":{"@id":"https:\/\/www.freelance.de\/blog\/individualisierung-der-listen-und-suchergebnisse\/"},"wordCount":198,"commentCount":1,"publisher":{"@id":"https:\/\/www.freelance.de\/blog\/#organization"},"image":{"@id":"https:\/\/www.freelance.de\/blog\/individualisierung-der-listen-und-suchergebnisse\/#primaryimage"},"thumbnailUrl":"https:\/\/www.freelance.de\/blog\/wp-content\/uploads\/2011\/04\/Blacklist_Item.jpg","keywords":["Arbeiten mit freelance.de","Freelancer","Freelancer Profil","Projekte"],"articleSection":["freelance.de Insights"],"inLanguage":"de","potentialAction":[{"@type":"CommentAction","name":"Comment","target":["https:\/\/www.freelance.de\/blog\/individualisierung-der-listen-und-suchergebnisse\/#respond"]}]},{"@type":"WebPage","@id":"https:\/\/www.freelance.de\/blog\/individualisierung-der-listen-und-suchergebnisse\/","url":"https:\/\/www.freelance.de\/blog\/individualisierung-der-listen-und-suchergebnisse\/","name":"Individualisierung der Listen und Suchergebnisse - freelance.de","isPartOf":{"@id":"https:\/\/www.freelance.de\/blog\/#website"},"primaryImageOfPage":{"@id":"https:\/\/www.freelance.de\/blog\/individualisierung-der-listen-und-suchergebnisse\/#primaryimage"},"image":{"@id":"https:\/\/www.freelance.de\/blog\/individualisierung-der-listen-und-suchergebnisse\/#primaryimage"},"thumbnailUrl":"https:\/\/www.freelance.de\/blog\/wp-content\/uploads\/2011\/04\/Blacklist_Item.jpg","datePublished":"2011-04-19T08:51:20+00:00","dateModified":"2023-09-14T08:40:47+00:00","description":"freelance.de w\u00e4chst t\u00e4glich! \u2713 Individualisierte Projekt- & Profil-Listen \u2713 Optimieren Sie Ihre Suche \u2713 Introducing \"Meine Liste\" f\u00fcr User-Anpassungen","breadcrumb":{"@id":"https:\/\/www.freelance.de\/blog\/individualisierung-der-listen-und-suchergebnisse\/#breadcrumb"},"inLanguage":"de","potentialAction":[{"@type":"ReadAction","target":["https:\/\/www.freelance.de\/blog\/individualisierung-der-listen-und-suchergebnisse\/"]}]},{"@type":"ImageObject","inLanguage":"de","@id":"https:\/\/www.freelance.de\/blog\/individualisierung-der-listen-und-suchergebnisse\/#primaryimage","url":"https:\/\/www.freelance.de\/blog\/wp-content\/uploads\/2011\/04\/Blacklist_Item.jpg","contentUrl":"https:\/\/www.freelance.de\/blog\/wp-content\/uploads\/2011\/04\/Blacklist_Item.jpg","width":607,"height":54},{"@type":"BreadcrumbList","@id":"https:\/\/www.freelance.de\/blog\/individualisierung-der-listen-und-suchergebnisse\/#breadcrumb","itemListElement":[{"@type":"ListItem","position":1,"name":"Home","item":"https:\/\/www.freelance.de\/blog\/"},{"@type":"ListItem","position":2,"name":"Individualisierung der Listen und Suchergebnisse"}]},{"@type":"WebSite","@id":"https:\/\/www.freelance.de\/blog\/#website","url":"https:\/\/www.freelance.de\/blog\/","name":"freelance.de Blog","description":"Alles zum Thema Freelancing","publisher":{"@id":"https:\/\/www.freelance.de\/blog\/#organization"},"potentialAction":[{"@type":"SearchAction","target":{"@type":"EntryPoint","urlTemplate":"https:\/\/www.freelance.de\/blog\/?s={search_term_string}"},"query-input":{"@type":"PropertyValueSpecification","valueRequired":true,"valueName":"search_term_string"}}],"inLanguage":"de"},{"@type":"Organization","@id":"https:\/\/www.freelance.de\/blog\/#organization","name":"freelance.de","alternateName":"freelance.de","url":"https:\/\/www.freelance.de\/blog\/","logo":{"@type":"ImageObject","inLanguage":"de","@id":"https:\/\/www.freelance.de\/blog\/#\/schema\/logo\/image\/","url":"https:\/\/www.freelance.de\/blog\/wp-content\/uploads\/2023\/03\/230315_freelance-de_BLOGLOGO.png","contentUrl":"https:\/\/www.freelance.de\/blog\/wp-content\/uploads\/2023\/03\/230315_freelance-de_BLOGLOGO.png","width":1746,"height":411,"caption":"freelance.de"},"image":{"@id":"https:\/\/www.freelance.de\/blog\/#\/schema\/logo\/image\/"},"sameAs":["http:\/\/www.facebook.com\/Freelance.de","https:\/\/x.com\/freelanceDE"]},{"@type":"Person","@id":"https:\/\/www.freelance.de\/blog\/#\/schema\/person\/10ac6084b3aa712e4d50188709639844","name":"freelance.de Redaktion","image":{"@type":"ImageObject","inLanguage":"de","@id":"https:\/\/www.freelance.de\/blog\/#\/schema\/person\/image\/","url":"https:\/\/www.freelance.de\/blog\/wp-content\/uploads\/2023\/03\/redaktionsteam-fl.png","contentUrl":"https:\/\/www.freelance.de\/blog\/wp-content\/uploads\/2023\/03\/redaktionsteam-fl.png","caption":"freelance.de Redaktion"},"description":"Unser Online-Redaktionsteam besteht aus aktuellen und ehemaligen Mitarbeiterinnen und Mitarbeitern von freelance.de sowie aus externen Expertinnen und Experten. Sie beherrschen nicht nur die Kunst mit Buchstaben und Worten zu jonglieren, sondern gehen stets die Extrameile, um relevante und aktuelle Themen f\u00fcr Freelancer aufzudecken und wertvolle Erfahrungen weiterzugeben.","url":"https:\/\/www.freelance.de\/blog\/author\/freelanceteam\/"},false]}},"_links":{"self":[{"href":"https:\/\/www.freelance.de\/blog\/wp-json\/wp\/v2\/posts\/3570","targetHints":{"allow":["GET"]}}],"collection":[{"href":"https:\/\/www.freelance.de\/blog\/wp-json\/wp\/v2\/posts"}],"about":[{"href":"https:\/\/www.freelance.de\/blog\/wp-json\/wp\/v2\/types\/post"}],"author":[{"embeddable":true,"href":"https:\/\/www.freelance.de\/blog\/wp-json\/wp\/v2\/users\/39"}],"replies":[{"embeddable":true,"href":"https:\/\/www.freelance.de\/blog\/wp-json\/wp\/v2\/comments?post=3570"}],"version-history":[{"count":1,"href":"https:\/\/www.freelance.de\/blog\/wp-json\/wp\/v2\/posts\/3570\/revisions"}],"predecessor-version":[{"id":18668,"href":"https:\/\/www.freelance.de\/blog\/wp-json\/wp\/v2\/posts\/3570\/revisions\/18668"}],"wp:attachment":[{"href":"https:\/\/www.freelance.de\/blog\/wp-json\/wp\/v2\/media?parent=3570"}],"wp:term":[{"taxonomy":"category","embeddable":true,"href":"https:\/\/www.freelance.de\/blog\/wp-json\/wp\/v2\/categories?post=3570"},{"taxonomy":"post_tag","embeddable":true,"href":"https:\/\/www.freelance.de\/blog\/wp-json\/wp\/v2\/tags?post=3570"}],"curies":[{"name":"wp","href":"https:\/\/api.w.org\/{rel}","templated":true}]}}