{"id":4195,"date":"2011-08-04T08:23:36","date_gmt":"2011-08-04T07:23:36","guid":{"rendered":"https:\/\/www.freelance.de\/blog\/?p=4195"},"modified":"2023-09-14T11:33:35","modified_gmt":"2023-09-14T09:33:35","slug":"nachhaltige-kommunikation-seine-werte-leben","status":"publish","type":"post","link":"https:\/\/www.freelance.de\/blog\/nachhaltige-kommunikation-seine-werte-leben\/","title":{"rendered":"Nachhaltige Kommunikation. Seine Werte leben."},"content":{"rendered":"<p>Wir schauen uns regelm\u00e4\u00dfig an, wer denn so bei Freelance.de angemeldet ist. Uns interessiert zum Beispiel, wie Freiberufler ihre Profile gestalten, wie sie sich pr\u00e4sentieren. Dabei ist mir vor einiger Zeit das <a title=\"Freelance.de Profil von Birgitta Loehr\" href=\"https:\/\/www.freelance.de\/Freiberufler\/21924\" target=\"_blank\" rel=\"noopener\">Profil von Birgitta Loehr<\/a> aufgefallen, das \u00fcberschrieben ist mit den Worten &#8220;Kommunikation f\u00fcr Wirtschaft und Kultur&#8221;. In ihrer Profilbeschreibung verwendet sie gerne das Wort &#8220;nachhaltig&#8221;. Auch das ist mir aufgefallen. Sie biete &#8220;Nachhaltige Kommunikation f\u00fcr Unternehmen, Organisationen und Selbst\u00e4ndige&#8221;, schreibt sie. Da wollte ich mal einhaken, denn was bedeutet eigentlich Nachhaltigkeit in der Kommunikation?<\/p>\n<h4>Aus den Fehlern der Vergangenheit lernen<\/h4>\n<p>Nachhaltigkeit ist f\u00fcr meine Begriffe n\u00e4mlich ein m\u00e4chtiges Wort. Alle fordern sie &#8211; im Umweltschutz, zum Beispiel, oder im wirtschaftlichen Handeln. Wie kommt es, dass Nachhaltigkeit heute so bedeutungsvoll ist? Was ist in der Vergangenheit schief gelaufen, dass die Forderung nach mehr Nachhaltigkeit so omnipr\u00e4sent ist? Birgitta Loehr hat darauf ihre ganz eigene Antwort gefunden: &#8220;Die ganzen Krisen der vergangenen Jahre, egal ob in der Politik, in der Finanzwelt, im Lebensmittelbereich, im Sozialen etc., haben die Menschen sensibilisiert und wachger\u00fcttelt. Vielen ist klar geworden, dass es ein st\u00e4ndiges Immer-weiter nicht mehr geben kann. Aber auch, dass eine neue Qualit\u00e4t entstehen kann &#8211; durch den Nachhaltigkeitsgedanken, durch das eigene Innehalten.&#8221;<\/p>\n<p>Dieser Wandel habe auch Auswirkungen auf die Art und Weise, wie kommuniziert wird und werden muss. Kommunikation ist Loehrs Spezialgebiet. Sie hat 20 Jahre Berufserfahrung als Journalistin und \u00d6ffentlichkeitsarbeiterin gesammelt und wei\u00df wovon sie spricht. Gerade in der Kommunikation zwischen Unternehmen und Kunden, die ja bis vor wenigen Jahren noch eine durch und durch einseitige war &#8211; vom Unternehmen zum Kunden, aber kaum in die andere Richtung &#8211; sei vieles falsch gelaufen.<\/p>\n<p>&#8220;Der Kunde wurde nie wirklich ernst genommen und respektiert&#8221;, res\u00fcmiert Loehr. &#8220;Es wurde versucht, ihm einfach etwas zu verkaufen. Oder man hat ihm nur ein Mindestma\u00df an Informationen zur Verf\u00fcgung gestellt &#8211; nur das, was man sagen wollte und was zum eigenen Vorteil war.&#8221;<\/p>\n<h4>Wirtschaft und Kultur schlie\u00dfen sich einander nicht aus<\/h4>\n<p>Mittlerweile hat sich das Blatt aber gewendet. Technologische Entwicklungen haben dem Einzelnen mehr kommunikative Macht verliehen. Durch Social Media haben Verbraucher M\u00f6glichkeiten an der Hand, ihren Unmut \u00f6ffentlich zu \u00e4u\u00dfern und dabei auch geh\u00f6rt zu werden. &#8220;Dies ist eine ganz klare Aufforderung an Unternehmen, mehr und besser zu informieren, ihre Themen in gr\u00f6\u00dfere Zusammenh\u00e4nge einzubetten, um sie verst\u00e4ndlicher zu machen&#8221;, ermahnt Loehr. &#8220;Heute ist es f\u00fcr jedes Unternehmen wichtig zu zeigen, wo das eigene gesellschaftliche, \u00f6kologische und \u00f6konomische Engagement liegt, wo es seine Verantwortung sieht und auch \u00fcbernehmen will.&#8221;<\/p>\n<p><a href=\"https:\/\/www.freelance.de\/blog\/wp-content\/uploads\/2011\/08\/2011-08-04-kommunikation-nachhaltig-featured.jpg\" target=\"_blank\" rel=\"noopener\"><img loading=\"lazy\" decoding=\"async\" class=\"alignleft size-thumbnail wp-image-4251\" title=\"Freelance.de Blog - Kommunikation, aber nachhaltig!\" src=\"https:\/\/www.freelance.de\/blog\/wp-content\/uploads\/2011\/08\/2011-08-04-kommunikation-nachhaltig-featured-100x100.jpg\" alt=\"\" width=\"100\" height=\"100\" \/><\/a>Auf genau diese Aspekte legt Birgitta Loehr gro\u00dfen Wert. In ihrem Studium der Kulturanthropologie, Kunstgeschichte und Buchwissenschaften lernte sie, \u00fcber den Tellerrand zu blicken und interdisziplin\u00e4r zu arbeiten. Wenn etwas vermeintlich gegens\u00e4tzlich erscheint, nimmt sie das nicht einfach hin. Vielmehr l\u00e4sst sie sich davon inspirieren, analysiert und strukturiert, und versucht dann \u00c4hnlichkeiten zu erkennen wo es auf den ersten Blick kaum welche zu geben scheint.<\/p>\n<p>Das spiegelt sich auch in ihrer Arbeit wieder. Loehr sieht den kulturellen und wirtschaftlichen Sektor nicht als Gegens\u00e4tze an, sondern setzt sich daf\u00fcr ein, beide zusammenzubringen. &#8220;Meine \u00dcberzeugung ist die, dass beide voneinander lernen und profitieren k\u00f6nnen. In der Wirtschaft ist dies ja auch schon l\u00e4nger zu sehen. Im kulturellen Sektor ist es noch ein wenig holprig. Hier werden oft vorgegebene Strukturen, wie sie in der Wirtschaft existieren, entweder abgelehnt, oder sie k\u00f6nnen nicht abstrahiert und dann f\u00fcr den eigenen Bereich neu definiert werden. Oder aber sie sind v\u00f6llig unbekannt.&#8221;<\/p>\n<h4>Nachhaltigkeit als gemeinsame Grundlage<\/h4>\n<p>Eine ablehnende Haltung gegen\u00fcber festen Strukturen und Prozessen habe h\u00e4ufig mit dem Gef\u00fchl zu tun, dadurch eingeengt zu werden und die k\u00fcnstlerische Freiheit nicht voll leben zu k\u00f6nnen, stellt Loehr fest. Im kulturellen Bereich gebe es viele gute Projekte mit einer klaren Idee und einem konkreten Anliegen, aber der Transfer zur Zielgruppe komme nicht selten zu kurz. Gerade an diesem Punkt setzt Birgitta Loehr an.<\/p>\n<p>Und gerade hier kommt auch Nachhaltigkeit ins Spiel. Denn eine N\u00e4he zwischen kulturellem und wirtschaftlichem Bereich, ein Miteinander statt eines Gegeneinander, ist f\u00fcr den Erfolg kultureller Projekte, f\u00fcr ihre \u00f6ffentliche Wahrnehmung und ihr Nachwirken in der Gesellschaft, ganz entscheidend.<\/p>\n<p>Marketing und Kommunikation, ist Loehr \u00fcberzeugt, m\u00fcssen jedoch so in den kulturellen Bereich transferiert werden, dass sie von den Kunstschaffenden auch akzeptiert werden. Der Nachhaltigkeitsbegriff wirkt hier wie ein Bindeglied zwischen beiden Welten. Er ist der gemeinsame Grund, auf dem heute beide Seiten ihre Projekte und Unternehmungen realisieren k\u00f6nnen. Und er ist f\u00fcr Birgitta Loehr auch der Schl\u00fcssel zu einem besseren Verst\u00e4ndnis, warum beide Seiten einander brauchen und sich ann\u00e4hern sollten. Wenn wir von Nachhaltigkeit sprechen, sprechen wir von gemeinsamen Werten, die von allen verstanden werden. Von Ehrlichkeit, Transparenz, Respekt. Und wir sprechen auch von Corporate Social Responsibility, f\u00fcr deren Notwendigkeit heute bereits ein ausgepr\u00e4gtes Bewusstsein da ist. Vor allem sie kann es nur geben, wenn Kultur und Wirtschaft zusammenspielen. Eben daf\u00fcr setzt sich Birgitta Loehr ein.<\/p>\n<p>Link: <a title=\"Freelance.de Profil von Birgitta Loehr\" href=\"https:\/\/www.freelance.de\/Freiberufler\/21924\" target=\"_blank\" rel=\"noopener\">Freelance.de Profil von Birgitta Loehr<\/a><\/p>\n<div style='text-align:center' class='yasr-auto-insert-visitor'><\/div>","protected":false},"excerpt":{"rendered":"<p>Wir schauen uns regelm\u00e4\u00dfig an, wer denn so bei Freelance.de angemeldet ist. Uns interessiert zum Beispiel, wie Freiberufler ihre Profile gestalten, wie sie sich&hellip;<\/p>\n","protected":false},"author":5,"featured_media":4251,"comment_status":"open","ping_status":"open","sticky":false,"template":"","format":"standard","meta":{"yasr_overall_rating":0,"yasr_post_is_review":"","yasr_auto_insert_disabled":"","yasr_review_type":"","footnotes":""},"categories":[851],"tags":[105,127,131],"class_list":["post-4195","post","type-post","status-publish","format-standard","has-post-thumbnail","hentry","category-tipps-freelancer","tag-freelancer","tag-kommunikation","tag-marketing"],"acf":[],"yasr_visitor_votes":{"stars_attributes":{"read_only":false,"span_bottom":false},"number_of_votes":0,"sum_votes":0},"yoast_head":"<!-- This site is optimized with the Yoast SEO plugin v26.8 - https:\/\/yoast.com\/product\/yoast-seo-wordpress\/ -->\n<title>Nachhaltige Kommunikation. Seine Werte leben.<\/title>\n<meta name=\"description\" content=\"erbindung von Kultur &amp; Wirtschaft durch nachhaltige Kommunikation. Ein Pl\u00e4doyer f\u00fcr gemeinsame Werte &amp; Zusammenarbeit.\" \/>\n<meta name=\"robots\" content=\"index, follow, max-snippet:-1, max-image-preview:large, max-video-preview:-1\" \/>\n<link rel=\"canonical\" href=\"https:\/\/www.freelance.de\/blog\/nachhaltige-kommunikation-seine-werte-leben\/\" \/>\n<meta property=\"og:locale\" content=\"de_DE\" \/>\n<meta property=\"og:type\" content=\"article\" \/>\n<meta property=\"og:title\" content=\"Nachhaltige Kommunikation. Seine Werte leben.\" \/>\n<meta property=\"og:description\" content=\"erbindung von Kultur &amp; Wirtschaft durch nachhaltige Kommunikation. Ein Pl\u00e4doyer f\u00fcr gemeinsame Werte &amp; Zusammenarbeit.\" \/>\n<meta property=\"og:url\" content=\"https:\/\/www.freelance.de\/blog\/nachhaltige-kommunikation-seine-werte-leben\/\" \/>\n<meta property=\"og:site_name\" content=\"freelance.de Blog\" \/>\n<meta property=\"article:publisher\" content=\"http:\/\/www.facebook.com\/Freelance.de\" \/>\n<meta property=\"article:published_time\" content=\"2011-08-04T07:23:36+00:00\" \/>\n<meta property=\"article:modified_time\" content=\"2023-09-14T09:33:35+00:00\" \/>\n<meta property=\"og:image\" content=\"https:\/\/www.freelance.de\/blog\/wp-content\/uploads\/2011\/08\/2011-08-04-kommunikation-nachhaltig-featured.jpg\" \/>\n\t<meta property=\"og:image:width\" content=\"540\" \/>\n\t<meta property=\"og:image:height\" content=\"280\" \/>\n\t<meta property=\"og:image:type\" content=\"image\/jpeg\" \/>\n<meta name=\"author\" content=\"Daniel Wagner\" \/>\n<meta name=\"twitter:card\" content=\"summary_large_image\" \/>\n<meta name=\"twitter:creator\" content=\"@freelanceDE\" \/>\n<meta name=\"twitter:site\" content=\"@freelanceDE\" \/>\n<meta name=\"twitter:label1\" content=\"Verfasst von\" \/>\n\t<meta name=\"twitter:data1\" content=\"Daniel Wagner\" \/>\n\t<meta name=\"twitter:label2\" content=\"Gesch\u00e4tzte Lesezeit\" \/>\n\t<meta name=\"twitter:data2\" content=\"5\u00a0Minuten\" \/>\n<script type=\"application\/ld+json\" class=\"yoast-schema-graph\">{\"@context\":\"https:\/\/schema.org\",\"@graph\":[{\"@type\":\"Article\",\"@id\":\"https:\/\/www.freelance.de\/blog\/nachhaltige-kommunikation-seine-werte-leben\/#article\",\"isPartOf\":{\"@id\":\"https:\/\/www.freelance.de\/blog\/nachhaltige-kommunikation-seine-werte-leben\/\"},\"author\":{\"name\":\"Daniel Wagner\",\"@id\":\"https:\/\/www.freelance.de\/blog\/#\/schema\/person\/6ee919d671a9e7549359c907b3ce3928\"},\"headline\":\"Nachhaltige Kommunikation. Seine Werte leben.\",\"datePublished\":\"2011-08-04T07:23:36+00:00\",\"dateModified\":\"2023-09-14T09:33:35+00:00\",\"mainEntityOfPage\":{\"@id\":\"https:\/\/www.freelance.de\/blog\/nachhaltige-kommunikation-seine-werte-leben\/\"},\"wordCount\":866,\"commentCount\":0,\"publisher\":{\"@id\":\"https:\/\/www.freelance.de\/blog\/#organization\"},\"image\":{\"@id\":\"https:\/\/www.freelance.de\/blog\/nachhaltige-kommunikation-seine-werte-leben\/#primaryimage\"},\"thumbnailUrl\":\"https:\/\/www.freelance.de\/blog\/wp-content\/uploads\/2011\/08\/2011-08-04-kommunikation-nachhaltig-featured.jpg\",\"keywords\":[\"Freelancer\",\"Kommunikation\",\"Marketing\"],\"articleSection\":[\"Tipps f\u00fcr Freelancer\"],\"inLanguage\":\"de\",\"potentialAction\":[{\"@type\":\"CommentAction\",\"name\":\"Comment\",\"target\":[\"https:\/\/www.freelance.de\/blog\/nachhaltige-kommunikation-seine-werte-leben\/#respond\"]}]},{\"@type\":\"WebPage\",\"@id\":\"https:\/\/www.freelance.de\/blog\/nachhaltige-kommunikation-seine-werte-leben\/\",\"url\":\"https:\/\/www.freelance.de\/blog\/nachhaltige-kommunikation-seine-werte-leben\/\",\"name\":\"Nachhaltige Kommunikation. Seine Werte leben.\",\"isPartOf\":{\"@id\":\"https:\/\/www.freelance.de\/blog\/#website\"},\"primaryImageOfPage\":{\"@id\":\"https:\/\/www.freelance.de\/blog\/nachhaltige-kommunikation-seine-werte-leben\/#primaryimage\"},\"image\":{\"@id\":\"https:\/\/www.freelance.de\/blog\/nachhaltige-kommunikation-seine-werte-leben\/#primaryimage\"},\"thumbnailUrl\":\"https:\/\/www.freelance.de\/blog\/wp-content\/uploads\/2011\/08\/2011-08-04-kommunikation-nachhaltig-featured.jpg\",\"datePublished\":\"2011-08-04T07:23:36+00:00\",\"dateModified\":\"2023-09-14T09:33:35+00:00\",\"description\":\"erbindung von Kultur & Wirtschaft durch nachhaltige Kommunikation. Ein Pl\u00e4doyer f\u00fcr gemeinsame Werte & Zusammenarbeit.\",\"breadcrumb\":{\"@id\":\"https:\/\/www.freelance.de\/blog\/nachhaltige-kommunikation-seine-werte-leben\/#breadcrumb\"},\"inLanguage\":\"de\",\"potentialAction\":[{\"@type\":\"ReadAction\",\"target\":[\"https:\/\/www.freelance.de\/blog\/nachhaltige-kommunikation-seine-werte-leben\/\"]}]},{\"@type\":\"ImageObject\",\"inLanguage\":\"de\",\"@id\":\"https:\/\/www.freelance.de\/blog\/nachhaltige-kommunikation-seine-werte-leben\/#primaryimage\",\"url\":\"https:\/\/www.freelance.de\/blog\/wp-content\/uploads\/2011\/08\/2011-08-04-kommunikation-nachhaltig-featured.jpg\",\"contentUrl\":\"https:\/\/www.freelance.de\/blog\/wp-content\/uploads\/2011\/08\/2011-08-04-kommunikation-nachhaltig-featured.jpg\",\"width\":540,\"height\":280},{\"@type\":\"BreadcrumbList\",\"@id\":\"https:\/\/www.freelance.de\/blog\/nachhaltige-kommunikation-seine-werte-leben\/#breadcrumb\",\"itemListElement\":[{\"@type\":\"ListItem\",\"position\":1,\"name\":\"Home\",\"item\":\"https:\/\/www.freelance.de\/blog\/\"},{\"@type\":\"ListItem\",\"position\":2,\"name\":\"Nachhaltige Kommunikation. Seine Werte leben.\"}]},{\"@type\":\"WebSite\",\"@id\":\"https:\/\/www.freelance.de\/blog\/#website\",\"url\":\"https:\/\/www.freelance.de\/blog\/\",\"name\":\"freelance.de Blog\",\"description\":\"Alles zum Thema Freelancing\",\"publisher\":{\"@id\":\"https:\/\/www.freelance.de\/blog\/#organization\"},\"potentialAction\":[{\"@type\":\"SearchAction\",\"target\":{\"@type\":\"EntryPoint\",\"urlTemplate\":\"https:\/\/www.freelance.de\/blog\/?s={search_term_string}\"},\"query-input\":{\"@type\":\"PropertyValueSpecification\",\"valueRequired\":true,\"valueName\":\"search_term_string\"}}],\"inLanguage\":\"de\"},{\"@type\":\"Organization\",\"@id\":\"https:\/\/www.freelance.de\/blog\/#organization\",\"name\":\"freelance.de\",\"alternateName\":\"freelance.de\",\"url\":\"https:\/\/www.freelance.de\/blog\/\",\"logo\":{\"@type\":\"ImageObject\",\"inLanguage\":\"de\",\"@id\":\"https:\/\/www.freelance.de\/blog\/#\/schema\/logo\/image\/\",\"url\":\"https:\/\/www.freelance.de\/blog\/wp-content\/uploads\/2023\/03\/230315_freelance-de_BLOGLOGO.png\",\"contentUrl\":\"https:\/\/www.freelance.de\/blog\/wp-content\/uploads\/2023\/03\/230315_freelance-de_BLOGLOGO.png\",\"width\":1746,\"height\":411,\"caption\":\"freelance.de\"},\"image\":{\"@id\":\"https:\/\/www.freelance.de\/blog\/#\/schema\/logo\/image\/\"},\"sameAs\":[\"http:\/\/www.facebook.com\/Freelance.de\",\"https:\/\/x.com\/freelanceDE\"]},{\"@type\":\"Person\",\"@id\":\"https:\/\/www.freelance.de\/blog\/#\/schema\/person\/6ee919d671a9e7549359c907b3ce3928\",\"name\":\"Daniel Wagner\",\"image\":{\"@type\":\"ImageObject\",\"inLanguage\":\"de\",\"@id\":\"https:\/\/www.freelance.de\/blog\/#\/schema\/person\/image\/\",\"url\":\"https:\/\/www.freelance.de\/blog\/wp-content\/uploads\/2015\/10\/daniel-150x150.jpg\",\"contentUrl\":\"https:\/\/www.freelance.de\/blog\/wp-content\/uploads\/2015\/10\/daniel-150x150.jpg\",\"caption\":\"Daniel Wagner\"},\"description\":\"Daniel Wagner ist freiberuflicher Community Manager. Mit seinem Label Danny Woot hat er sich auf den Aufbau und die Betreuung von Online-Communities speziell in der Entertainment-Branche (Film, TV, Games) spezialisiert.\",\"sameAs\":[\"https:\/\/www.freelance.de\"],\"url\":\"https:\/\/www.freelance.de\/blog\/author\/daniel\/\"},false]}<\/script>\n<!-- \/ Yoast SEO plugin. -->","yoast_head_json":{"title":"Nachhaltige Kommunikation. Seine Werte leben.","description":"erbindung von Kultur & Wirtschaft durch nachhaltige Kommunikation. Ein Pl\u00e4doyer f\u00fcr gemeinsame Werte & Zusammenarbeit.","robots":{"index":"index","follow":"follow","max-snippet":"max-snippet:-1","max-image-preview":"max-image-preview:large","max-video-preview":"max-video-preview:-1"},"canonical":"https:\/\/www.freelance.de\/blog\/nachhaltige-kommunikation-seine-werte-leben\/","og_locale":"de_DE","og_type":"article","og_title":"Nachhaltige Kommunikation. Seine Werte leben.","og_description":"erbindung von Kultur & Wirtschaft durch nachhaltige Kommunikation. Ein Pl\u00e4doyer f\u00fcr gemeinsame Werte & Zusammenarbeit.","og_url":"https:\/\/www.freelance.de\/blog\/nachhaltige-kommunikation-seine-werte-leben\/","og_site_name":"freelance.de Blog","article_publisher":"http:\/\/www.facebook.com\/Freelance.de","article_published_time":"2011-08-04T07:23:36+00:00","article_modified_time":"2023-09-14T09:33:35+00:00","og_image":[{"width":540,"height":280,"url":"https:\/\/www.freelance.de\/blog\/wp-content\/uploads\/2011\/08\/2011-08-04-kommunikation-nachhaltig-featured.jpg","type":"image\/jpeg"}],"author":"Daniel Wagner","twitter_card":"summary_large_image","twitter_creator":"@freelanceDE","twitter_site":"@freelanceDE","twitter_misc":{"Verfasst von":"Daniel Wagner","Gesch\u00e4tzte Lesezeit":"5\u00a0Minuten"},"schema":{"@context":"https:\/\/schema.org","@graph":[{"@type":"Article","@id":"https:\/\/www.freelance.de\/blog\/nachhaltige-kommunikation-seine-werte-leben\/#article","isPartOf":{"@id":"https:\/\/www.freelance.de\/blog\/nachhaltige-kommunikation-seine-werte-leben\/"},"author":{"name":"Daniel Wagner","@id":"https:\/\/www.freelance.de\/blog\/#\/schema\/person\/6ee919d671a9e7549359c907b3ce3928"},"headline":"Nachhaltige Kommunikation. Seine Werte leben.","datePublished":"2011-08-04T07:23:36+00:00","dateModified":"2023-09-14T09:33:35+00:00","mainEntityOfPage":{"@id":"https:\/\/www.freelance.de\/blog\/nachhaltige-kommunikation-seine-werte-leben\/"},"wordCount":866,"commentCount":0,"publisher":{"@id":"https:\/\/www.freelance.de\/blog\/#organization"},"image":{"@id":"https:\/\/www.freelance.de\/blog\/nachhaltige-kommunikation-seine-werte-leben\/#primaryimage"},"thumbnailUrl":"https:\/\/www.freelance.de\/blog\/wp-content\/uploads\/2011\/08\/2011-08-04-kommunikation-nachhaltig-featured.jpg","keywords":["Freelancer","Kommunikation","Marketing"],"articleSection":["Tipps f\u00fcr Freelancer"],"inLanguage":"de","potentialAction":[{"@type":"CommentAction","name":"Comment","target":["https:\/\/www.freelance.de\/blog\/nachhaltige-kommunikation-seine-werte-leben\/#respond"]}]},{"@type":"WebPage","@id":"https:\/\/www.freelance.de\/blog\/nachhaltige-kommunikation-seine-werte-leben\/","url":"https:\/\/www.freelance.de\/blog\/nachhaltige-kommunikation-seine-werte-leben\/","name":"Nachhaltige Kommunikation. Seine Werte leben.","isPartOf":{"@id":"https:\/\/www.freelance.de\/blog\/#website"},"primaryImageOfPage":{"@id":"https:\/\/www.freelance.de\/blog\/nachhaltige-kommunikation-seine-werte-leben\/#primaryimage"},"image":{"@id":"https:\/\/www.freelance.de\/blog\/nachhaltige-kommunikation-seine-werte-leben\/#primaryimage"},"thumbnailUrl":"https:\/\/www.freelance.de\/blog\/wp-content\/uploads\/2011\/08\/2011-08-04-kommunikation-nachhaltig-featured.jpg","datePublished":"2011-08-04T07:23:36+00:00","dateModified":"2023-09-14T09:33:35+00:00","description":"erbindung von Kultur & Wirtschaft durch nachhaltige Kommunikation. Ein Pl\u00e4doyer f\u00fcr gemeinsame Werte & Zusammenarbeit.","breadcrumb":{"@id":"https:\/\/www.freelance.de\/blog\/nachhaltige-kommunikation-seine-werte-leben\/#breadcrumb"},"inLanguage":"de","potentialAction":[{"@type":"ReadAction","target":["https:\/\/www.freelance.de\/blog\/nachhaltige-kommunikation-seine-werte-leben\/"]}]},{"@type":"ImageObject","inLanguage":"de","@id":"https:\/\/www.freelance.de\/blog\/nachhaltige-kommunikation-seine-werte-leben\/#primaryimage","url":"https:\/\/www.freelance.de\/blog\/wp-content\/uploads\/2011\/08\/2011-08-04-kommunikation-nachhaltig-featured.jpg","contentUrl":"https:\/\/www.freelance.de\/blog\/wp-content\/uploads\/2011\/08\/2011-08-04-kommunikation-nachhaltig-featured.jpg","width":540,"height":280},{"@type":"BreadcrumbList","@id":"https:\/\/www.freelance.de\/blog\/nachhaltige-kommunikation-seine-werte-leben\/#breadcrumb","itemListElement":[{"@type":"ListItem","position":1,"name":"Home","item":"https:\/\/www.freelance.de\/blog\/"},{"@type":"ListItem","position":2,"name":"Nachhaltige Kommunikation. Seine Werte leben."}]},{"@type":"WebSite","@id":"https:\/\/www.freelance.de\/blog\/#website","url":"https:\/\/www.freelance.de\/blog\/","name":"freelance.de Blog","description":"Alles zum Thema Freelancing","publisher":{"@id":"https:\/\/www.freelance.de\/blog\/#organization"},"potentialAction":[{"@type":"SearchAction","target":{"@type":"EntryPoint","urlTemplate":"https:\/\/www.freelance.de\/blog\/?s={search_term_string}"},"query-input":{"@type":"PropertyValueSpecification","valueRequired":true,"valueName":"search_term_string"}}],"inLanguage":"de"},{"@type":"Organization","@id":"https:\/\/www.freelance.de\/blog\/#organization","name":"freelance.de","alternateName":"freelance.de","url":"https:\/\/www.freelance.de\/blog\/","logo":{"@type":"ImageObject","inLanguage":"de","@id":"https:\/\/www.freelance.de\/blog\/#\/schema\/logo\/image\/","url":"https:\/\/www.freelance.de\/blog\/wp-content\/uploads\/2023\/03\/230315_freelance-de_BLOGLOGO.png","contentUrl":"https:\/\/www.freelance.de\/blog\/wp-content\/uploads\/2023\/03\/230315_freelance-de_BLOGLOGO.png","width":1746,"height":411,"caption":"freelance.de"},"image":{"@id":"https:\/\/www.freelance.de\/blog\/#\/schema\/logo\/image\/"},"sameAs":["http:\/\/www.facebook.com\/Freelance.de","https:\/\/x.com\/freelanceDE"]},{"@type":"Person","@id":"https:\/\/www.freelance.de\/blog\/#\/schema\/person\/6ee919d671a9e7549359c907b3ce3928","name":"Daniel Wagner","image":{"@type":"ImageObject","inLanguage":"de","@id":"https:\/\/www.freelance.de\/blog\/#\/schema\/person\/image\/","url":"https:\/\/www.freelance.de\/blog\/wp-content\/uploads\/2015\/10\/daniel-150x150.jpg","contentUrl":"https:\/\/www.freelance.de\/blog\/wp-content\/uploads\/2015\/10\/daniel-150x150.jpg","caption":"Daniel Wagner"},"description":"Daniel Wagner ist freiberuflicher Community Manager. Mit seinem Label Danny Woot hat er sich auf den Aufbau und die Betreuung von Online-Communities speziell in der Entertainment-Branche (Film, TV, Games) spezialisiert.","sameAs":["https:\/\/www.freelance.de"],"url":"https:\/\/www.freelance.de\/blog\/author\/daniel\/"},false]}},"_links":{"self":[{"href":"https:\/\/www.freelance.de\/blog\/wp-json\/wp\/v2\/posts\/4195","targetHints":{"allow":["GET"]}}],"collection":[{"href":"https:\/\/www.freelance.de\/blog\/wp-json\/wp\/v2\/posts"}],"about":[{"href":"https:\/\/www.freelance.de\/blog\/wp-json\/wp\/v2\/types\/post"}],"author":[{"embeddable":true,"href":"https:\/\/www.freelance.de\/blog\/wp-json\/wp\/v2\/users\/5"}],"replies":[{"embeddable":true,"href":"https:\/\/www.freelance.de\/blog\/wp-json\/wp\/v2\/comments?post=4195"}],"version-history":[{"count":1,"href":"https:\/\/www.freelance.de\/blog\/wp-json\/wp\/v2\/posts\/4195\/revisions"}],"predecessor-version":[{"id":25846,"href":"https:\/\/www.freelance.de\/blog\/wp-json\/wp\/v2\/posts\/4195\/revisions\/25846"}],"wp:featuredmedia":[{"embeddable":true,"href":"https:\/\/www.freelance.de\/blog\/wp-json\/wp\/v2\/media\/4251"}],"wp:attachment":[{"href":"https:\/\/www.freelance.de\/blog\/wp-json\/wp\/v2\/media?parent=4195"}],"wp:term":[{"taxonomy":"category","embeddable":true,"href":"https:\/\/www.freelance.de\/blog\/wp-json\/wp\/v2\/categories?post=4195"},{"taxonomy":"post_tag","embeddable":true,"href":"https:\/\/www.freelance.de\/blog\/wp-json\/wp\/v2\/tags?post=4195"}],"curies":[{"name":"wp","href":"https:\/\/api.w.org\/{rel}","templated":true}]}}